{"id":25988,"date":"2024-10-26T13:53:34","date_gmt":"2024-10-26T11:53:34","guid":{"rendered":"https:\/\/www.mbfatimska.pl\/?p=25988"},"modified":"2024-10-26T13:53:34","modified_gmt":"2024-10-26T11:53:34","slug":"xxx-niedziela-zwykla-2","status":"publish","type":"post","link":"https:\/\/mbfatimska.ovh\/index.php\/2024\/10\/26\/xxx-niedziela-zwykla-2\/","title":{"rendered":"XXX Niedziela zwyk\u0142a"},"content":{"rendered":"<p>1. Zbli\u017ca si\u0119 Uroczysto\u015b\u0107 Wszystkich \u015awi\u0119tych. Pami\u0119tajmy o naszych bliskich zmar\u0142ych. Zadbajmy o groby, stawiaj\u0105c na nich znicze i kwiaty, a nade wszystko, pami\u0119tajmy w modlitwie o tych, kt\u00f3rzy ju\u017c od nas odeszli. W dalszym ci\u0105gu przyjmujemy na wypominki roczne, oktawalne i jednorazowe. Specjalne kartki wypominkowe wy\u0142o\u017cone s\u0105 na stolikach za \u0142awkami.<\/p>\n<p>2. Zapraszamy na ostatnie nabo\u017ce\u0144stwa r\u00f3\u017ca\u0144cowe. W niedziel\u0119 o 17.15, w dni powszednie o 18.30. Dzieci zapraszamy na specjalny r\u00f3\u017caniec, im dedykowany, w poniedzia\u0142ek, \u015brod\u0119 i pi\u0105tek o godzinie 16.30.<\/p>\n<p>3. Jeszcze dzisiaj odb\u0119d\u0105 si\u0119 nast\u0119puj\u0105ce spotkania:<\/p>\n<ul>\n<li>O godzinie 10.25, dla dzieci klas III SP w ramach przygotowania do I Komunii \u015bwi\u0119tej<\/li>\n<li>O godzinie 16.45, w salce pod zakrysti\u0105, dla os\u00f3b zainteresowanych pielgrzymk\u0105 jubileuszow\u0105 do Rzymu, na prze\u0142omie maja i czerwca<\/li>\n<li>O godzinie 19.00, w kawiarence, dla narzeczonych w ramach kursu przedma\u0142\u017ce\u0144skiego<\/li>\n<\/ul>\n<p>4. W pi\u0105tek przypada Uroczysto\u015b\u0107 Wszystkich \u015awi\u0119tych. Msze \u015bwi\u0119te w naszym ko\u015bciele jak w ka\u017cd\u0105 niedziel\u0119, cho\u0107 Msza \u015bwi\u0119ta o godzinie 12.30, b\u0119dzie Msz\u0105 cich\u0105, \u017ca\u0142obn\u0105. Tego dnia Msza \u015bwi\u0119ta na cmentarzu w Legionowie o godzinie 12.30 po\u0142\u0105czona z procesj\u0105 \u017ca\u0142obn\u0105.<\/p>\n<p>5. W sobot\u0119 Dzie\u0144 Zaduszny, Wspomnienie Wszystkich Wiernych Zmar\u0142ych. Zapraszamy na Msze \u015bwi\u0119te o godzinie 9.00, 17.00 i 18.00. Tego dnia kancelaria parafialna b\u0119dzie nieczynna.<\/p>\n<p>6. 1 i 2 listopada zapraszamy na nabo\u017ce\u0144stwa za zmar\u0142ych, podczas kt\u00f3rych b\u0119dziemy omadla\u0107 osoby polecane w wypominkach jednorazowych. 1 listopada o godzinie 17.15, a 2 listopada po Mszy o godzinie 9.00.<\/p>\n<p>7. Od 1 do 8 listopada, o godzinie 18.00, b\u0119d\u0105 sprawowane Msze \u015bwi\u0119te w intencji os\u00f3b polecanych w wypominkach oktawalnych. 1, 2 i 3 listopada, ci zmarli b\u0119d\u0105 wymieniani o godzinie 17.45, przed Msz\u0105 \u015bwi\u0119t\u0105, a w pozosta\u0142e dni w czasie Mszy \u015bwi\u0119tej.<\/p>\n<p>8. W czasie oktawy Uroczysto\u015bci Wszystkich \u015awi\u0119tych, czyli od 1 do 8 listopada, mo\u017cemy zyska\u0107 odpust zupe\u0142ny i ofiarowa\u0107 ka\u017cdego dnia w intencji jednej osoby zmar\u0142ej. Jakie nale\u017cy spe\u0142ni\u0107 warunki: stan \u0142aski u\u015bwi\u0119caj\u0105cej (po spowiedzi i Komunii \u015bwi\u0119tej); pobo\u017cne nawiedzenie cmentarza lub ko\u015bcio\u0142a, kaplicy; brak przywi\u0105zania do grzechu; odm\u00f3wienie wyznania wiary; modlitwa w intencjach przedk\u0142adanych przez Ojca \u015bwi\u0119tego.<\/p>\n<p>9. W tym tygodniu przypada:<\/p>\n<ul>\n<li>I pi\u0105tek miesi\u0105ca \u2013 spowied\u017a podczas ka\u017cdej Mszy \u015bwi\u0119tej<\/li>\n<li>I sobota miesi\u0105ca \u2013 nabo\u017ce\u0144stwo wynagradzaj\u0105ce Niepokalanemu Sercu NMP po Mszy \u015bwi\u0119tej o godzinie 18.00 i trwa\u0107 b\u0119dzie do godziny 20.15<\/li>\n<li>I niedziela miesi\u0105ca \u2013 po Mszy \u015bwi\u0119tej o godzinie 12.30 wystawienie Naj\u015bwi\u0119tszego Sakramentu i adoracja do godziny 17.45<\/li>\n<\/ul>\n<p>10. Konferencje przedchrzcielne, kt\u00f3re odbywaj\u0105 si\u0119 zawsze w I pi\u0105tek miesi\u0105ca, w tym miesi\u0105cu, z racji Uroczysto\u015bci Wszystkich \u015awi\u0119tych, odb\u0119dzie si\u0119 8 listopada o godzinie 19.00.<\/p>\n<p>11. W przysz\u0142\u0105 niedziel\u0119, 3 listopada, o godzinie 15.30, w Muzeum Historycznym na Piaskach, odb\u0119dzie si\u0119 spotkanie z Panem Arturem Bojerskim po\u015bwi\u0119cone nekropoliom Powiatu Legionowskiego.<\/p>\n<p>12. R\u00f3wnie\u017c za tydzie\u0144, m\u0142odzie\u017c Oazowa, z my\u015bl\u0105 o \u015awi\u0119cie Niepodleg\u0142o\u015bci, b\u0119dzie rozprowadza\u0107 flagi narodowe, a dzisiaj, po ka\u017cdej Mszy \u015bwi\u0119tej, zapraszaj\u0105 przed ko\u015bcio\u0142em do kupna w\u0142asnor\u0119cznie wykonanych ciast domowych.<\/p>\n<p>13. Dzi\u0119kujemy za sobotnie prace porz\u0105dkowe. By\u0142o wiele grabienia, zamiatania, a nawet koszenia. Dzi\u0119kujemy tym, kt\u00f3rzy czuj\u0105 odpowiedzialno\u015b\u0107 za \u015bwi\u0105tyni\u0119 i teren wok\u00f3\u0142 niej. W tym tygodniu zapraszamy do prac w czwartek, na godzin\u0119 8.00.<\/p>\n<p>14. Kalendarz liturgiczny na ten tydzie\u0144: w poniedzia\u0142ek \u2013 \u015bwi\u0119to, \u015bwi\u0119tych Aposto\u0142\u00f3w Szymona i Judy Tadeusza; w pi\u0105tek \u2013 uroczysto\u015b\u0107 Wszystkich \u015awi\u0119tych; w sobot\u0119 \u2013 Wspomnienie Wszystkich Wiernych Zmar\u0142ych.<\/p>\n","protected":false},"excerpt":{"rendered":"<p>1. Zbli\u017ca si\u0119 Uroczysto\u015b\u0107 Wszystkich \u015awi\u0119tych. Pami\u0119tajmy o naszych bliskich zmar\u0142ych. Zadbajmy o groby, stawiaj\u0105c na nich znicze i kwiaty, a nade wszystko, pami\u0119tajmy w modlitwie o tych, kt\u00f3rzy ju\u017c od nas odeszli. W dalszym ci\u0105gu przyjmujemy na wypominki roczne, oktawalne i jednorazowe. Specjalne kartki wypominkowe wy\u0142o\u017cone s\u0105 na stolikach za \u0142awkami. 2. Zapraszamy na [&hellip;]<\/p>\n","protected":false},"author":1,"featured_media":30657,"comment_status":"closed","ping_status":"closed","sticky":false,"template":"","format":"standard","meta":{"footnotes":""},"categories":[2,14],"tags":[],"class_list":["post-25988","post","type-post","status-publish","format-standard","has-post-thumbnail","hentry","category-aktualnosci","category-ogloszenia-parafialne"],"_links":{"self":[{"href":"https:\/\/mbfatimska.ovh\/index.php\/wp-json\/wp\/v2\/posts\/25988","targetHints":{"allow":["GET"]}}],"collection":[{"href":"https:\/\/mbfatimska.ovh\/index.php\/wp-json\/wp\/v2\/posts"}],"about":[{"href":"https:\/\/mbfatimska.ovh\/index.php\/wp-json\/wp\/v2\/types\/post"}],"author":[{"embeddable":true,"href":"https:\/\/mbfatimska.ovh\/index.php\/wp-json\/wp\/v2\/users\/1"}],"replies":[{"embeddable":true,"href":"https:\/\/mbfatimska.ovh\/index.php\/wp-json\/wp\/v2\/comments?post=25988"}],"version-history":[{"count":0,"href":"https:\/\/mbfatimska.ovh\/index.php\/wp-json\/wp\/v2\/posts\/25988\/revisions"}],"wp:featuredmedia":[{"embeddable":true,"href":"https:\/\/mbfatimska.ovh\/index.php\/wp-json\/wp\/v2\/media\/30657"}],"wp:attachment":[{"href":"https:\/\/mbfatimska.ovh\/index.php\/wp-json\/wp\/v2\/media?parent=25988"}],"wp:term":[{"taxonomy":"category","embeddable":true,"href":"https:\/\/mbfatimska.ovh\/index.php\/wp-json\/wp\/v2\/categories?post=25988"},{"taxonomy":"post_tag","embeddable":true,"href":"https:\/\/mbfatimska.ovh\/index.php\/wp-json\/wp\/v2\/tags?post=25988"}],"curies":[{"name":"wp","href":"https:\/\/api.w.org\/{rel}","templated":true}]}}