{"id":25998,"date":"2024-11-02T13:10:35","date_gmt":"2024-11-02T12:10:35","guid":{"rendered":"https:\/\/www.mbfatimska.pl\/?p=25998"},"modified":"2024-11-02T13:10:35","modified_gmt":"2024-11-02T12:10:35","slug":"xxxi-niedziela-zwykla-3","status":"publish","type":"post","link":"https:\/\/mbfatimska.ovh\/index.php\/2024\/11\/02\/xxxi-niedziela-zwykla-3\/","title":{"rendered":"XXXI Niedziela zwyk\u0142a"},"content":{"rendered":"<p>1. Dzisiaj, z racji I Niedzieli miesi\u0105ca, po Mszy \u015bwi\u0119tej o godzinie 12.30, wystawienie Naj\u015bwi\u0119tszego Sakramentu i mo\u017cliwo\u015b\u0107 adoracji do godziny 17.45.<\/p>\n<p>2. W poniedzia\u0142ek, o godzinie 19.00, w ko\u015bciele, odb\u0119dzie si\u0119 spotkanie formacyjno-informacyjne dla rodzic\u00f3w dzieci komunijnych.<\/p>\n<p>3. R\u00f3wnie\u017c w poniedzia\u0142ek, w godzinach 18-20, w budynku Centrum Wsparcia Fizycznego, mo\u017cna skorzysta\u0107 z darmowych konsultacji psychologicznych.<\/p>\n<p>4. W \u015brod\u0119, o godzinie 16.30, odb\u0119dzie si\u0119 spotkanie dla dzieci, kt\u00f3re w pa\u017adzierniku uczestniczy\u0142y w nabo\u017ce\u0144stwach r\u00f3\u017ca\u0144cowych. Na spotkanie nale\u017cy przynie\u015b\u0107 indeksy z naklejkami potwierdzaj\u0105cymi uczestnictwo w r\u00f3\u017ca\u0144cu.<\/p>\n<p>5. R\u00f3wnie\u017c w \u015brod\u0119, po Mszy o godzinie 18.00, czyli oko\u0142o godziny 19.15, zapraszamy na rekolekcje <em>Oddanie 33<\/em>, kt\u00f3re s\u0105 now\u0105 form\u0105 rekolekcyjn\u0105. Cz\u0119\u015b\u0107 rekolekcji, 4 spotkania, po\u0142\u0105czone z katechez\u0105 i modlitw\u0105, b\u0119d\u0105 odbywa\u0107 si\u0119 w ko\u015bciele, a wi\u0119ksza cz\u0119\u015b\u0107 b\u0119dzie polega\u0107 na w\u0142asnej pracy w duchowej w domu. Rekolekcje zako\u0144cz\u0105 si\u0119 9 grudnia uroczystym zawierzeniem si\u0119 Jezusowi. Rekolekcje <em>Oddanie 33<\/em> to 33 dni przygotowania do ca\u0142kowitego oddania si\u0119 Matce Bo\u017cej, a za jej po\u015brednictwem \u2013 Jezusowi. Duchowe przygotowanie do aktu oddania si\u0119 polega, przede wszystkim, na <strong>g\u0142\u0119bszym zrozumieniu oraz odnowieniu przymierza Chrztu \u015bwi\u0119tego<\/strong>, oraz na osobistym przyj\u0119ciu do serca s\u0142\u00f3w Pana Jezusa na krzy\u017cu: <strong>OTO MATKA TWOJA<\/strong>. Specjalne modlitewniki potrzebne do prze\u017cycia rekolekcji mo\u017cna naby\u0107 przed ko\u015bcio\u0142em. Skorzystajmy z tej wyj\u0105tkowej formy \u0107wicze\u0144 rekolekcyjnych.<\/p>\n<p>6. W czwartek, I czwartek miesi\u0105ca. Po Mszy o godzinie 18.00, wystawienie Naj\u015bwi\u0119tszego Sakramentu, modlitwa Koronk\u0105 do Bo\u017cego Mi\u0142osierdzia i mo\u017cliwo\u015b\u0107 adoracji do godziny 21.00.<\/p>\n<p>7. W pi\u0105tek, o godzinie 19.00, w kawiarence, konferencja dla rodzic\u00f3w dzieci i kandydat\u00f3w na rodzic\u00f3w chrzestnych, kt\u00f3rych chrzest b\u0119dzie w naszej parafii, b\u0105d\u017a b\u0119dzie brana zgoda do innej parafii.<\/p>\n<p>8. W przysz\u0142\u0105 niedziel\u0119, z racji dni wolnych zwi\u0105zanych ze \u015awi\u0119tem Niepodleg\u0142o\u015bci, nie b\u0119dzie w katechez dla dzieci klas III SP.<\/p>\n<p>9. W Fundacji Pasja \u017bycia, na ulicy Stru\u017ca\u0144skiej, rusza Klub Podr\u00f3\u017cnika. Spotkanie odb\u0119dzie si\u0119 7 listopada w godzinach 18-20. Tematem b\u0119dzie: przepisy na szcz\u0119\u015bcie \u2013 Azja, Afryka, Ameryka, p\u00f3\u0142wysep Arabski. Spotkanie poprowadzi Pani Joanna Wieczorek \u2013 podr\u00f3\u017cniczka, mentorka, autorka wielu publikacji.<\/p>\n<p>10. Po 12-letniej pracy w naszej parafii, Pani Dorota Bonis\u0142awska, nasza organistka, pragnie zako\u0144czy\u0107 pos\u0142ug\u0119 w naszej parafii z dniem 15 listopada. W przysz\u0142\u0105 niedziel\u0119, na Mszy \u015bwi\u0119tej o godzinie 12.30, w spos\u00f3b uroczysty pragniemy Pani Dorocie podzi\u0119kowa\u0107 za jej tw\u00f3rcz\u0105, 12-letni\u0105 prac\u0119 i \u017cyczy\u0107 wszystkiego dobrego na nowym odcinku pracy pedagogicznej w szkole, kt\u00f3r\u0105 ju\u017c podj\u0119\u0142a.<\/p>\n<p>11. R\u00f3wnie\u017c w przysz\u0142\u0105 niedziel\u0119, na Mszy \u015bwi\u0119tej o godzinie 9.00, wyst\u0105pi zesp\u00f3\u0142, M\u0142odzie\u017c 50+ ze Stanis\u0142awowa Drugiego. Nasi go\u015bcie zapewni\u0105 opraw\u0119 Mszy \u015bwi\u0119tej, a po Eucharystii zapraszaj\u0105 na koncert pie\u015bni patriotycznych.<\/p>\n<p>12. Dzisiaj i za tydzie\u0144, przed ko\u015bcio\u0142em, m\u0142odzie\u017c Oazowa rozprowadza flagi narodowe z my\u015bl\u0105 o \u015awi\u0119cie Niepodleg\u0142o\u015bci.<\/p>\n<p>13. Kalendarz liturgiczny na ten tydzie\u0144: w poniedzia\u0142ek \u2013 wspomnienie \u015bw. Karola Boromeusza, biskupa; w sobot\u0119 \u2013 \u015bwi\u0119to Rocznicy Po\u015bwi\u0119cenia Bazyliki Latera\u0144skiej.<\/p>\n","protected":false},"excerpt":{"rendered":"<p>1. Dzisiaj, z racji I Niedzieli miesi\u0105ca, po Mszy \u015bwi\u0119tej o godzinie 12.30, wystawienie Naj\u015bwi\u0119tszego Sakramentu i mo\u017cliwo\u015b\u0107 adoracji do godziny 17.45. 2. W poniedzia\u0142ek, o godzinie 19.00, w ko\u015bciele, odb\u0119dzie si\u0119 spotkanie formacyjno-informacyjne dla rodzic\u00f3w dzieci komunijnych. 3. R\u00f3wnie\u017c w poniedzia\u0142ek, w godzinach 18-20, w budynku Centrum Wsparcia Fizycznego, mo\u017cna skorzysta\u0107 z darmowych konsultacji [&hellip;]<\/p>\n","protected":false},"author":1,"featured_media":30657,"comment_status":"closed","ping_status":"closed","sticky":false,"template":"","format":"standard","meta":{"footnotes":""},"categories":[2,14],"tags":[],"class_list":["post-25998","post","type-post","status-publish","format-standard","has-post-thumbnail","hentry","category-aktualnosci","category-ogloszenia-parafialne"],"_links":{"self":[{"href":"https:\/\/mbfatimska.ovh\/index.php\/wp-json\/wp\/v2\/posts\/25998","targetHints":{"allow":["GET"]}}],"collection":[{"href":"https:\/\/mbfatimska.ovh\/index.php\/wp-json\/wp\/v2\/posts"}],"about":[{"href":"https:\/\/mbfatimska.ovh\/index.php\/wp-json\/wp\/v2\/types\/post"}],"author":[{"embeddable":true,"href":"https:\/\/mbfatimska.ovh\/index.php\/wp-json\/wp\/v2\/users\/1"}],"replies":[{"embeddable":true,"href":"https:\/\/mbfatimska.ovh\/index.php\/wp-json\/wp\/v2\/comments?post=25998"}],"version-history":[{"count":0,"href":"https:\/\/mbfatimska.ovh\/index.php\/wp-json\/wp\/v2\/posts\/25998\/revisions"}],"wp:featuredmedia":[{"embeddable":true,"href":"https:\/\/mbfatimska.ovh\/index.php\/wp-json\/wp\/v2\/media\/30657"}],"wp:attachment":[{"href":"https:\/\/mbfatimska.ovh\/index.php\/wp-json\/wp\/v2\/media?parent=25998"}],"wp:term":[{"taxonomy":"category","embeddable":true,"href":"https:\/\/mbfatimska.ovh\/index.php\/wp-json\/wp\/v2\/categories?post=25998"},{"taxonomy":"post_tag","embeddable":true,"href":"https:\/\/mbfatimska.ovh\/index.php\/wp-json\/wp\/v2\/tags?post=25998"}],"curies":[{"name":"wp","href":"https:\/\/api.w.org\/{rel}","templated":true}]}}