{"id":26001,"date":"2024-11-02T13:32:58","date_gmt":"2024-11-02T12:32:58","guid":{"rendered":"https:\/\/www.mbfatimska.pl\/?p=26001"},"modified":"2026-01-30T08:30:02","modified_gmt":"2026-01-30T08:30:02","slug":"rekolekcje-oddanie-33","status":"publish","type":"post","link":"https:\/\/mbfatimska.ovh\/index.php\/2024\/11\/02\/rekolekcje-oddanie-33\/","title":{"rendered":"Rekolekcje &#8211; Oddanie 33"},"content":{"rendered":"\t\t<div data-elementor-type=\"wp-post\" data-elementor-id=\"26001\" class=\"elementor elementor-26001\" data-elementor-post-type=\"post\">\n\t\t\t\t<div class=\"elementor-element elementor-element-ba19c12 e-flex e-con-boxed e-con e-parent\" data-id=\"ba19c12\" data-element_type=\"container\" data-e-type=\"container\">\n\t\t\t\t\t<div class=\"e-con-inner\">\n\t\t\t\t<div class=\"elementor-element elementor-element-488707d elementor-widget elementor-widget-text-editor\" data-id=\"488707d\" data-element_type=\"widget\" data-e-type=\"widget\" data-widget_type=\"text-editor.default\">\n\t\t\t\t<div class=\"elementor-widget-container\">\n\t\t\t\t\t\t\t\t\t<p><strong><u>Czym s\u0105 rekolekcje \u201eOddanie 33\u201d?<\/u><\/strong><\/p><p>To 33 dni przygotowania do ca\u0142kowitego oddania si\u0119 Matce Bo\u017cej, a za Jej po\u015brednictwem \u2013 Jezusowi. Duchowe przygotowanie do aktu oddania si\u0119 polega przede wszystkim na\u00a0<strong><em>g\u0142\u0119bszym zrozumieniu oraz odnowieniu przymierza Chrztu \u015awi\u0119tego<\/em><\/strong>\u00a0oraz na osobistym przyj\u0119ciu do serca s\u0142\u00f3w Pana Jezusa na krzy\u017cu:\u00a0<strong>OTO MATKA TWOJA<\/strong>.<\/p><p><strong><u>Dla kogo s\u0105 te rekolekcje?<\/u><\/strong><\/p><p>Rekolekcje kierowane s\u0105 do wszystkich os\u00f3b, kt\u00f3re pragn\u0105 przygotowa\u0107 si\u0119 do \u015bwiadomego i w pe\u0142nej wolno\u015bci\u00a0<strong>oddania si\u0119 Jezusowi<\/strong>\u00a0przez r\u0119ce Maryi, poprzez zg\u0142\u0119bienie wyznawanej wiary. Do uczestnictwa zach\u0119camy r\u00f3wnie\u017c te osoby, kt\u00f3re chcia\u0142yby odnowi\u0107 oddanie dokonane w przesz\u0142o\u015bci.<\/p><p><strong><u>Jak wygl\u0105daj\u0105 rekolekcje \u201eOddanie 33\u201d?<\/u><\/strong><\/p><p>Rekolekcje podzielone s\u0105 na dwa okresy:<strong>\u00a0I<\/strong>\u00a0\u2013 Pozbycie si\u0119 ducha tego \u015bwiata sprzecznego z Duchem Jezusa Chrystusa oraz\u00a0<strong>II<\/strong>\u00a0\u2013 Nape\u0142nienia si\u0119 przez Maryj\u0119 Duchem Jezusa Chrystusa, kiedy to w poszczeg\u00f3lnych tygodniach poznajemy siebie samego, \u201etajemnic\u0119 Maryi\u201d oraz Jezusa.<\/p><p>W trakcie rekolekcji odb\u0119d\u0105 si\u0119 trzy spotkania modlitewne w Ko\u015bciele \u2013 na rozpocz\u0119cie ka\u017cdego tygodnia II okresu (daty s\u0105 na plakacie).\u00a0<strong>Najwa\u017cniejsze jest jednak indywidualne prze\u017cywanie rekolekcji poprzez codzienne rozwa\u017cania i modlitw\u0119<\/strong>.<\/p><p><strong>Rekolekcje rozpoczn\u0105 si\u0119 Msz\u0105 \u015bwi\u0119t\u0105 6.XI.2024 r. o godz. 18.00<\/strong>. W tym dniu, po nabo\u017ce\u0144stwie do Matki Bo\u017cej Nieustaj\u0105cej Pomocy, w Ko\u015bciele odb\u0119dzie si\u0119 wsp\u00f3lna modlitwa: katecheza, \u015bwiadectwo oraz adoracja w rozwa\u017caniami tekst\u00f3w duchowych. Spotkania odb\u0119d\u0105 si\u0119 r\u00f3wnie\u017c 18.XI, 25.XI i 02.XII.\u00a0<strong>Uroczyste zawierzenie si\u0119 Jezusowi b\u0119dzie mia\u0142o miejsce 9.XII.2024 r. podczas Mszy \u015bwi\u0119tej<\/strong>.<\/p><p><strong><u>Jak dobrze prze\u017cy\u0107 rekolekcje?<\/u><\/strong><\/p><p>Najwa\u017cniejsze to\u00a0<strong>CHCIE\u0106<\/strong>. Pragnienie oddania jest jedynym warunkiem koniecznym, poniewa\u017c akt oddania jest aktem woli i dlatego wymaga decyzji woli. Rekolekcje polegaj\u0105ce na codziennym rozwa\u017caniu tekst\u00f3w duchowych maj\u0105 nas odpowiednio przygotowa\u0107 do aktu oddania. Wierno\u015b\u0107 przynosi pi\u0119kne owoce duchowe, dlatego zabiegajmy o t\u0119 postaw\u0119 podczas rekolekcji.<\/p>\t\t\t\t\t\t\t\t<\/div>\n\t\t\t\t<\/div>\n\t\t\t\t\t<\/div>\n\t\t\t\t<\/div>\n\t\t\t\t<\/div>\n\t\t","protected":false},"excerpt":{"rendered":"<p>Czym s\u0105 rekolekcje \u201eOddanie 33\u201d? To 33 dni przygotowania do ca\u0142kowitego oddania si\u0119 Matce Bo\u017cej, a za Jej po\u015brednictwem \u2013 Jezusowi. Duchowe przygotowanie do aktu oddania si\u0119 polega przede wszystkim na\u00a0g\u0142\u0119bszym zrozumieniu oraz odnowieniu przymierza Chrztu \u015awi\u0119tego\u00a0oraz na osobistym przyj\u0119ciu do serca s\u0142\u00f3w Pana Jezusa na krzy\u017cu:\u00a0OTO MATKA TWOJA. Dla kogo s\u0105 te rekolekcje? Rekolekcje [&hellip;]<\/p>\n","protected":false},"author":1,"featured_media":34932,"comment_status":"closed","ping_status":"closed","sticky":false,"template":"","format":"standard","meta":{"footnotes":""},"categories":[2,13],"tags":[],"class_list":["post-26001","post","type-post","status-publish","format-standard","has-post-thumbnail","hentry","category-aktualnosci","category-odnowa-w-duchu-swietym"],"_links":{"self":[{"href":"https:\/\/mbfatimska.ovh\/index.php\/wp-json\/wp\/v2\/posts\/26001","targetHints":{"allow":["GET"]}}],"collection":[{"href":"https:\/\/mbfatimska.ovh\/index.php\/wp-json\/wp\/v2\/posts"}],"about":[{"href":"https:\/\/mbfatimska.ovh\/index.php\/wp-json\/wp\/v2\/types\/post"}],"author":[{"embeddable":true,"href":"https:\/\/mbfatimska.ovh\/index.php\/wp-json\/wp\/v2\/users\/1"}],"replies":[{"embeddable":true,"href":"https:\/\/mbfatimska.ovh\/index.php\/wp-json\/wp\/v2\/comments?post=26001"}],"version-history":[{"count":4,"href":"https:\/\/mbfatimska.ovh\/index.php\/wp-json\/wp\/v2\/posts\/26001\/revisions"}],"predecessor-version":[{"id":34936,"href":"https:\/\/mbfatimska.ovh\/index.php\/wp-json\/wp\/v2\/posts\/26001\/revisions\/34936"}],"wp:featuredmedia":[{"embeddable":true,"href":"https:\/\/mbfatimska.ovh\/index.php\/wp-json\/wp\/v2\/media\/34932"}],"wp:attachment":[{"href":"https:\/\/mbfatimska.ovh\/index.php\/wp-json\/wp\/v2\/media?parent=26001"}],"wp:term":[{"taxonomy":"category","embeddable":true,"href":"https:\/\/mbfatimska.ovh\/index.php\/wp-json\/wp\/v2\/categories?post=26001"},{"taxonomy":"post_tag","embeddable":true,"href":"https:\/\/mbfatimska.ovh\/index.php\/wp-json\/wp\/v2\/tags?post=26001"}],"curies":[{"name":"wp","href":"https:\/\/api.w.org\/{rel}","templated":true}]}}