{"id":26056,"date":"2024-11-08T14:12:04","date_gmt":"2024-11-08T13:12:04","guid":{"rendered":"https:\/\/www.mbfatimska.pl\/?p=26056"},"modified":"2026-01-30T07:33:44","modified_gmt":"2026-01-30T07:33:44","slug":"rozpoczelismy-rekolekcje-oddanie-33","status":"publish","type":"post","link":"https:\/\/mbfatimska.ovh\/index.php\/2024\/11\/08\/rozpoczelismy-rekolekcje-oddanie-33\/","title":{"rendered":"Rozpocz\u0119li\u015bmy Rekolekcje Oddanie 33"},"content":{"rendered":"\t\t<div data-elementor-type=\"wp-post\" data-elementor-id=\"26056\" class=\"elementor elementor-26056\" data-elementor-post-type=\"post\">\n\t\t\t\t<div class=\"elementor-element elementor-element-16fec04 e-flex e-con-boxed e-con e-parent\" data-id=\"16fec04\" data-element_type=\"container\" data-e-type=\"container\">\n\t\t\t\t\t<div class=\"e-con-inner\">\n\t\t\t\t<div class=\"elementor-element elementor-element-98c7435 elementor-widget elementor-widget-text-editor\" data-id=\"98c7435\" data-element_type=\"widget\" data-e-type=\"widget\" data-widget_type=\"text-editor.default\">\n\t\t\t\t<div class=\"elementor-widget-container\">\n\t\t\t\t\t\t\t\t\t<p>W \u015brod\u0119, 6 listopada, o godzinie 19.15, uroczy\u015bcie rozpocz\u0119li\u015bmy Rekolekcje\u00a0<em>Oddanie 33<\/em>, w kt\u00f3rych chcemy si\u0119 odda\u0107 Jezusowi przez r\u0119ce Maryi.<\/p><p>Przypominamy, \u017ce n<b>ajwa\u017cniejsze jest jednak indywidualne prze\u017cywanie rekolekcji poprzez codzienne rozwa\u017cania i modlitw\u0119<\/b>\u00a0(rozwa\u017cania rekolekcyjne s\u0105 zawarte w podr\u0119czniku).<\/p><p>Spotkania rekolekcyjne, w ko\u015bciele, prowadzi ks. Robert Kowalski.<\/p><p>Daty najbli\u017cszych spotka\u0144:<\/p><ul><li>18.XI,<\/li><li>25.XII,<\/li><li>2.XII<\/li><\/ul><p><strong>Uroczyste zawierzenie si\u0119 Jezusowi b\u0119dzie mia\u0142o miejsce 9.XII.2024 r. podczas Mszy \u015bwi\u0119tej<\/strong>.<\/p><p>W ramach spotka\u0144: katecheza, \u015bwiadectwo i adoracja Naj\u015bwi\u0119tszego Sakramentu z rozwa\u017caniem tekst\u00f3w duchowych.<\/p><p>Osoby, kt\u00f3re chcia\u0142yby w\u0142\u0105czy\u0107 si\u0119 jeszcze w ten wyj\u0105tkowy czas mog\u0105 w zakrystii naby\u0107 podr\u0119czniki potrzebne do owocnego prze\u017cycia tych rekolekcji.<\/p>\t\t\t\t\t\t\t\t<\/div>\n\t\t\t\t<\/div>\n\t\t\t\t\t<\/div>\n\t\t\t\t<\/div>\n\t\t\t\t<\/div>\n\t\t","protected":false},"excerpt":{"rendered":"<p>W \u015brod\u0119, 6 listopada, o godzinie 19.15, uroczy\u015bcie rozpocz\u0119li\u015bmy Rekolekcje\u00a0Oddanie 33, w kt\u00f3rych chcemy si\u0119 odda\u0107 Jezusowi przez r\u0119ce Maryi. Przypominamy, \u017ce najwa\u017cniejsze jest jednak indywidualne prze\u017cywanie rekolekcji poprzez codzienne rozwa\u017cania i modlitw\u0119\u00a0(rozwa\u017cania rekolekcyjne s\u0105 zawarte w podr\u0119czniku). Spotkania rekolekcyjne, w ko\u015bciele, prowadzi ks. Robert Kowalski. Daty najbli\u017cszych spotka\u0144: 18.XI, 25.XII, 2.XII Uroczyste zawierzenie si\u0119 [&hellip;]<\/p>\n","protected":false},"author":1,"featured_media":34878,"comment_status":"closed","ping_status":"closed","sticky":false,"template":"","format":"standard","meta":{"footnotes":""},"categories":[2,13],"tags":[],"class_list":["post-26056","post","type-post","status-publish","format-standard","has-post-thumbnail","hentry","category-aktualnosci","category-odnowa-w-duchu-swietym"],"_links":{"self":[{"href":"https:\/\/mbfatimska.ovh\/index.php\/wp-json\/wp\/v2\/posts\/26056","targetHints":{"allow":["GET"]}}],"collection":[{"href":"https:\/\/mbfatimska.ovh\/index.php\/wp-json\/wp\/v2\/posts"}],"about":[{"href":"https:\/\/mbfatimska.ovh\/index.php\/wp-json\/wp\/v2\/types\/post"}],"author":[{"embeddable":true,"href":"https:\/\/mbfatimska.ovh\/index.php\/wp-json\/wp\/v2\/users\/1"}],"replies":[{"embeddable":true,"href":"https:\/\/mbfatimska.ovh\/index.php\/wp-json\/wp\/v2\/comments?post=26056"}],"version-history":[{"count":4,"href":"https:\/\/mbfatimska.ovh\/index.php\/wp-json\/wp\/v2\/posts\/26056\/revisions"}],"predecessor-version":[{"id":34882,"href":"https:\/\/mbfatimska.ovh\/index.php\/wp-json\/wp\/v2\/posts\/26056\/revisions\/34882"}],"wp:featuredmedia":[{"embeddable":true,"href":"https:\/\/mbfatimska.ovh\/index.php\/wp-json\/wp\/v2\/media\/34878"}],"wp:attachment":[{"href":"https:\/\/mbfatimska.ovh\/index.php\/wp-json\/wp\/v2\/media?parent=26056"}],"wp:term":[{"taxonomy":"category","embeddable":true,"href":"https:\/\/mbfatimska.ovh\/index.php\/wp-json\/wp\/v2\/categories?post=26056"},{"taxonomy":"post_tag","embeddable":true,"href":"https:\/\/mbfatimska.ovh\/index.php\/wp-json\/wp\/v2\/tags?post=26056"}],"curies":[{"name":"wp","href":"https:\/\/api.w.org\/{rel}","templated":true}]}}