{"id":26062,"date":"2024-11-09T19:23:06","date_gmt":"2024-11-09T18:23:06","guid":{"rendered":"https:\/\/www.mbfatimska.pl\/?p=26062"},"modified":"2024-11-09T19:23:06","modified_gmt":"2024-11-09T18:23:06","slug":"xxxii-niedziela-zwykla-3","status":"publish","type":"post","link":"https:\/\/mbfatimska.ovh\/index.php\/2024\/11\/09\/xxxii-niedziela-zwykla-3\/","title":{"rendered":"XXXII Niedziela Zwyk\u0142a"},"content":{"rendered":"<p>1. Pragniemy poinformowa\u0107 i\u017c Ojciec \u015awi\u0119ty Franciszek mianowa\u0142 biskupem pomocniczym naszej diecezji, ks. pra\u0142. dr. Tomasza Sztajerwalda, dotychczasowego Rektora seminarium naszej diecezji. Sakra biskupia odb\u0119dzie si\u0119 7 grudnia 2024, o godzinie 11.00, w bazylice katedralnej p.w. \u015bw. Micha\u0142a Archanio\u0142a i \u015bw. Floriana M\u0119czennika. Otoczmy biskupa nominata naszymi modlitwami i pro\u015bmy o potrzebne \u0142aski dla niego.<\/p>\n<p>2. W dniu dzisiejszym obchodzimy w Ko\u015bciele XVI Dzie\u0144 Solidarno\u015bci z Ko\u015bcio\u0142em Prze\u015bladowanym pod has\u0142em \u201eS.O.S. dla Ziemi \u015awi\u0119tej\u201d. Modlitw\u0105 ogarniamy osoby uciemi\u0119\u017cone i pokrzywdzone w trwaj\u0105cej od ponad roku wojnie. Przez ofiary chcemy wesprze\u0107 tamtejsz\u0105 ludno\u015b\u0107 chrze\u015bcija\u0144sk\u0105 i przywr\u00f3ci\u0107 nadziej\u0119, \u017ce s\u0105 jeszcze tacy, kt\u00f3rzy o nich my\u015bl\u0105.<\/p>\n<p>3. R\u00f3wnie\u017c dzisiaj, na Mszy \u015bwi\u0119tej o godzinie 9.00, go\u015bci\u0107 b\u0119dziemy zesp\u00f3\u0142 wokalny \u201eM\u0142odzie\u017c 50+\u201d ze Stanis\u0142awowa Drugiego, kt\u00f3ry zapewni opraw\u0119 muzyczn\u0105 Mszy \u015bwi\u0119tej, oraz po Eucharystii, da kr\u00f3tki koncert pie\u015bni patriotycznych w zwi\u0105zku z 106. rocznic\u0105 Odzyskania Wolno\u015bci.<\/p>\n<p>4. Jutro Narodowe \u015awi\u0119to Niepodleg\u0142o\u015bci. Zapraszamy na Msze \u015bwi\u0119te w intencji Ojczyzny o godzinie 17.00 i 18.00.<\/p>\n<p>5. 13 listopada, w \u015brod\u0119, w Ratuszu, organizowany jest kolejny dzie\u0144 walki z cukrzyc\u0105. W programie: pomiar cukru, badanie spirometryczne, konsultacje dietetyka, udzielanie informacji uzdrowiskowej, potwierdzanie profilu zaufanego, oraz wydawanie kart EKUZ. Wi\u0119cej informacji na plakacie w gablocie.<\/p>\n<p>6. Za tydzie\u0144, go\u015bci\u0107 b\u0119dziemy w parafii siostr\u0119 Cecyli\u0119, ze Zgromadzenia Si\u00f3str Misjonarek, kt\u00f3re pracuj\u0105 w Legionowie prowadz\u0105c przedszkole, a kt\u00f3ra podzieli si\u0119 z nami problematyk\u0105 misyjn\u0105 i b\u0119dzie nas prosi\u0107 o wsparcie w dziele pracy w krajach misyjnych prowadzonej przez siostry ze zgromadzenia.<\/p>\n<p>7. R\u00f3wnie\u017c za tydzie\u0144, o godzinie 10.25, katecheza dla dzieci klas IV SP w ramach przygotowania do rocznicy Komunii \u015bwi\u0119tej.<\/p>\n<p>8. Jeszcze dzisiaj, m\u0142odzie\u017c Oazowa, rozprowadza flagi narodowe z my\u015bl\u0105 o jutrzejszym \u015awi\u0119cie Niepodleg\u0142o\u015bci.<\/p>\n<p>9. Dzi\u0119kujemy za sobotnie prace porz\u0105dkowe, a pracy by\u0142o wiele, zreszt\u0105 przez ca\u0142y rok na naszym terenie pracy nie brakuje. Dzi\u0119kujemy za trosk\u0119, ch\u0119ci i ogromny wysi\u0142ek w dziele estetyki naszego terenu. W tym tygodniu, r\u00f3wnie\u017c w sobot\u0119, od godziny 8.00, czekamy na ch\u0119tnych do wsp\u00f3lnej pracy.<\/p>\n<p>10. M\u0142odzie\u017cy, przygotowuj\u0105cej si\u0119 do sakramentu bierzmowania przypominamy o dostarczaniu zg\u00f3d od rodzic\u00f3w i opiekun\u00f3w na uczestniczenie w wydarzeniu, kt\u00f3re b\u0119dzie mia\u0142o miejsce na Arenie Legionowo 23 listopada. Pragniemy przypomnie\u0107 i\u017c uczestnictwo w wydarzeniu jest obowi\u0105zkowe.<\/p>\n<p>11. Pami\u0119tajmy, \u017ce w parafii dzia\u0142aj\u0105 gabinety rehabilitacji i fizykoterapii. Jest wiele urz\u0105dze\u0144, kt\u00f3rych nie ma nawet w funduszowych przychodniach. Mo\u017cemy skorzysta\u0107 z fali uderzeniowej, krioterapii, biopr\u0105d\u00f3w, lasera, masarzu manualnego czy sali \u0107wicze\u0144, a to wszystko pod fachowym okiem wykwalifikowanych rehabilitant\u00f3w i fizykoterapeut\u00f3w. Zapraszamy od poniedzia\u0142ku do pi\u0105tku w godzinach 15.30 \u2013 18.00. Mo\u017cemy skorzysta\u0107 r\u00f3wnie\u017c z wypo\u017cyczalni sprz\u0119tu rehabilitacyjnego (\u0142\u00f3\u017cka z elektryczn\u0105 regulacj\u0105, koncentratory tlenu, chodziki, w\u00f3zki inwalidzkie, itp.). Wypo\u017cyczalnia zaprasza we wtorki, w godzinach 12-14 i w czwartki w godzinach 14-16.<\/p>\n<p>12. We wtorek, w godzinach 19-21, mo\u017cna nieodp\u0142atnie skorzysta\u0107 z porad prawnika. Porady odbywaj\u0105 si\u0119 w budynku Wsparcia Fizycznego.<\/p>\n<p>13. W \u015brod\u0119, o godzinie 18.00, zostanie odprawiona Msza \u015bwi\u0119ta w intencji K\u00f3\u0142 \u017bywego R\u00f3\u017ca\u0144ca. Po Mszy \u015bwi\u0119tej spotkanie formacyjne w kawiarence.<\/p>\n<p>14. Kalendarz liturgiczny na ten tydzie\u0144: w poniedzia\u0142ek \u2013 wspomnienie \u015bw. Marcina z Tours, biskupa i narodowe \u015bwi\u0119to Niepodleg\u0142o\u015bci; we wtorek \u2013 wspomnienie \u015bw. Jozafata, biskupa i m\u0119czennika; w \u015brod\u0119 \u2013 wspomnienie \u015bwi\u0119tych Benedykta, Jana, Mateusza, Izaaka i Krystyna, pierwszych m\u0119czennik\u00f3w Polski; w sobot\u0119 \u2013 wspomnienie Naj\u015bwi\u0119tszej Maryi Panny Ostrobramskiej, Matki Mi\u0142osierdzia.<\/p>\n","protected":false},"excerpt":{"rendered":"<p>1. Pragniemy poinformowa\u0107 i\u017c Ojciec \u015awi\u0119ty Franciszek mianowa\u0142 biskupem pomocniczym naszej diecezji, ks. pra\u0142. dr. Tomasza Sztajerwalda, dotychczasowego Rektora seminarium naszej diecezji. Sakra biskupia odb\u0119dzie si\u0119 7 grudnia 2024, o godzinie 11.00, w bazylice katedralnej p.w. \u015bw. Micha\u0142a Archanio\u0142a i \u015bw. Floriana M\u0119czennika. Otoczmy biskupa nominata naszymi modlitwami i pro\u015bmy o potrzebne \u0142aski dla niego. [&hellip;]<\/p>\n","protected":false},"author":1,"featured_media":30657,"comment_status":"closed","ping_status":"closed","sticky":false,"template":"","format":"standard","meta":{"footnotes":""},"categories":[2,14],"tags":[],"class_list":["post-26062","post","type-post","status-publish","format-standard","has-post-thumbnail","hentry","category-aktualnosci","category-ogloszenia-parafialne"],"_links":{"self":[{"href":"https:\/\/mbfatimska.ovh\/index.php\/wp-json\/wp\/v2\/posts\/26062","targetHints":{"allow":["GET"]}}],"collection":[{"href":"https:\/\/mbfatimska.ovh\/index.php\/wp-json\/wp\/v2\/posts"}],"about":[{"href":"https:\/\/mbfatimska.ovh\/index.php\/wp-json\/wp\/v2\/types\/post"}],"author":[{"embeddable":true,"href":"https:\/\/mbfatimska.ovh\/index.php\/wp-json\/wp\/v2\/users\/1"}],"replies":[{"embeddable":true,"href":"https:\/\/mbfatimska.ovh\/index.php\/wp-json\/wp\/v2\/comments?post=26062"}],"version-history":[{"count":0,"href":"https:\/\/mbfatimska.ovh\/index.php\/wp-json\/wp\/v2\/posts\/26062\/revisions"}],"wp:featuredmedia":[{"embeddable":true,"href":"https:\/\/mbfatimska.ovh\/index.php\/wp-json\/wp\/v2\/media\/30657"}],"wp:attachment":[{"href":"https:\/\/mbfatimska.ovh\/index.php\/wp-json\/wp\/v2\/media?parent=26062"}],"wp:term":[{"taxonomy":"category","embeddable":true,"href":"https:\/\/mbfatimska.ovh\/index.php\/wp-json\/wp\/v2\/categories?post=26062"},{"taxonomy":"post_tag","embeddable":true,"href":"https:\/\/mbfatimska.ovh\/index.php\/wp-json\/wp\/v2\/tags?post=26062"}],"curies":[{"name":"wp","href":"https:\/\/api.w.org\/{rel}","templated":true}]}}