{"id":26227,"date":"2024-11-16T13:05:57","date_gmt":"2024-11-16T12:05:57","guid":{"rendered":"https:\/\/www.mbfatimska.pl\/?p=26227"},"modified":"2024-11-16T13:05:57","modified_gmt":"2024-11-16T12:05:57","slug":"xxxiii-niedziela-zwykla-3","status":"publish","type":"post","link":"https:\/\/mbfatimska.ovh\/index.php\/2024\/11\/16\/xxxiii-niedziela-zwykla-3\/","title":{"rendered":"XXXIII Niedziela Zwyk\u0142a"},"content":{"rendered":"<p>1.W dniu dzisiejszym, o godzinie 10.25, odb\u0119dzie si\u0119 katecheza dla dzieci klas IV SP przed uroczysto\u015bci\u0105 rocznicy Komunii \u015bwi\u0119tej.<\/p>\n<p>2.R\u00f3wnie\u017c dzisiaj, w kawiarence, o godzinie 19.00, kolejna katecheza dla narzeczonych w ramach kursu przedma\u0142\u017ce\u0144skiego.<\/p>\n<p>3.Jutro, w ko\u015bciele, kolejne spotkanie rekolekcyjne w ramach rekolekcji <em>Oddanie 33<\/em>. Tematem spotkania b\u0119dzie <em>Poznaj samego siebie<\/em>. Zaczynamy Msz\u0105 \u015bwi\u0119t\u0105 o godzinie 18.00 a nast\u0119pnie konferencja, \u015bwiadectwo, adoracja Naj\u015bwi\u0119tszego Sakramentu z rozwa\u017caniami. Osoby, kt\u00f3re wzi\u0119\u0142y udzia\u0142 w pierwszym spotkaniu, serdecznie zapraszamy do kontunuowania pracy duchowej w ramach rekolekcji, ale i zapraszamy te osoby, kt\u00f3re chcia\u0142yby do\u0142\u0105czy\u0107 do tego niezwyk\u0142ego czasu. Wi\u0119cej informacji na plakacie w gablocie.<\/p>\n<p>4.We wtorek, 19 listopada, zapraszamy na kolejne nabo\u017ce\u0144stwo do \u015bw. J\u00f3zefa, patrona ma\u0142\u017ce\u0144stw i rodzin. O godzinie 18.00 zostanie odprawiona Msza \u015bwi\u0119ta i bezpo\u015brednio po niej, b\u0119dziemy modlili si\u0119 do \u015bw. J\u00f3zefa. Intencje mo\u017cna z\u0142o\u017cy\u0107 przed Msz\u0105 \u015bwi\u0119t\u0105 przed o\u0142tarzem.<\/p>\n<p>5.R\u00f3wnie\u017c w tym tygodniu, 22 listopada, zapraszamy na kolejne nabo\u017ce\u0144stwo do \u015bw. Rity. W czasie Mszy \u015bwi\u0119tej, o godzinie 18.00, b\u0119d\u0105 \u015bwi\u0119cone r\u00f3\u017ce, kt\u00f3re b\u0119dzie mo\u017cna zakupi\u0107 przed Eucharysti\u0105. R\u00f3wnie\u017c przed Msz\u0105, pod o\u0142tarzem, b\u0119dzie mo\u017cna z\u0142o\u017cy\u0107 intencje, kt\u00f3re b\u0119d\u0105 przedstawione patronce spraw trudnych i beznadziejnych w nabo\u017ce\u0144stwie.<\/p>\n<p>6.W pi\u0105tek, na Mszy \u015bwi\u0119tej o godzinie 18.00, b\u0119d\u0105 r\u00f3wnie\u017c po\u015bwi\u0119cone op\u0142atki na st\u00f3\u0142 wigilijny. Osoby, kt\u00f3re od lat w\u0142\u0105czaj\u0105 si\u0119 w roznoszenie op\u0142atk\u00f3w po domach, zapraszamy na t\u0105 Msz\u0119 \u015bwi\u0119t\u0105. R\u00f3wnie\u017c inne osoby prosimy o pomoc w roznoszeniu po\u015bwi\u0119conych op\u0142atk\u00f3w tak by ten chleb mi\u0142o\u015bci, kt\u00f3rym dzielimy si\u0119 w wiecz\u00f3r wigilijny m\u00f3g\u0142 dotrze\u0107 do ka\u017cdej rodziny. Osoby, kt\u00f3re b\u0119d\u0105 w\u0142\u0105czone w akcj\u0119 roznoszenia op\u0142atk\u00f3w, b\u0119d\u0105 mie\u0107 stosowne identyfikatory parafialne. Inne osoby, bez tego dokumentu, nie b\u0119d\u0105 reprezentowa\u0107 parafii.<\/p>\n<p>7.M\u0142odzie\u017cy przygotowuj\u0105cej si\u0119 do sakramentu bierzmowania przypominamy, \u017ce w ramach spotka\u0144, w sobot\u0119 23 listopada od godziny 10.00 do 15.00 bierzemy udzia\u0142 w wydarzeniu na Arenie Legionowo. Spotykamy si\u0119 przed g\u0142\u00f3wnym wej\u015bciem na Aren\u0119. Prosimy o przynoszenie podpisanych przez rodzic\u00f3w i opiekun\u00f3w zg\u00f3d na udzia\u0142 w wydarzeniu. Przypominamy, \u017ce jest to spotkanie obowi\u0105zkowe.<\/p>\n<p>8.Za tydzie\u0144, ostatnia niedziela roku liturgicznego po\u015bwi\u0119cona Jezusowi Chrystusowi Kr\u00f3lowi Wszech\u015bwiata. W t\u0105 niedziel\u0119 b\u0119dziemy go\u015bci\u0107 w naszej parafii Ojca Kombonianina, Ojca Pascala, kt\u00f3ry b\u0119dzie g\u0142osi\u0142 s\u0142owo Bo\u017ce i rozprowadza\u0142 katolickie kalendarze. Po Mszy \u015bwi\u0119tej, o godzinie 12.30, tego dnia, nast\u0105pi wystawienie Naj\u015bwi\u0119tszego Sakramentu, Litania do Naj\u015bwi\u0119tszego Serca Pana Jezusa oraz akt po\u015bwi\u0119cemia. Za udzia\u0142 w tym nabo\u017ce\u0144stwie mo\u017cna zyska\u0107 odpust zupe\u0142ny.<\/p>\n<p>9.R\u00f3wnie\u017c, w nast\u0119pn\u0105 niedziel\u0119, o godzinie 10.25, katecheza dla klas III SP przed I Komuni\u0105 \u015bwi\u0119t\u0105.<\/p>\n<p>10.Od soboty w parafii pos\u0142uguje nowy organista, Pan Hubert Kowalczyk. Z dnia na dzie\u0144 b\u0119dzie wchodzi\u0142 w specyfik\u0119 pracy w naszej wsp\u00f3lnocie. Otoczmy go nasz\u0105 modlitewn\u0105 trosk\u0105, by przez jego \u015bpiew i gr\u0119, nasza droga do \u015bwi\u0119to\u015bci by\u0142a prostsza i rado\u015bniejsza.<\/p>\n<p>11.W zwi\u0105zku z wielkimi zmianami, jakie dokonuj\u0105 si\u0119 w edukacji dzieci, proponowane przez MEN, do 20 listopada trwaj\u0105 konsultacje odno\u015bnie wprowadzenia nowego przedmiotu o nazwie \u201eEdukacja zdrowotna\u201d. Co pod t\u0105 nazw\u0105 si\u0119 kryje, mo\u017cemy przeczyta\u0107 na plakacie w gablocie. Czy rzeczywi\u015bcie chodzi o zdrowie dzieci?<\/p>\n<p>12.1 grudnia, na Placu Zamkowym w Warszawie, o godzinie 12.00, odb\u0119dzie si\u0119 manifestacja rodzic\u00f3w i nauczycieli w obronie polskiej edukacji.<\/p>\n<p>13.Kalendarz liturgiczny na ten tydzie\u0144: w poniedzia\u0142ek \u2013 wspomnienie b\u0142. Karoliny K\u00f3zk\u00f3wny, dziewicy i m\u0119czennicy; w \u015brod\u0119 \u2013 wspomnienie \u015bw. Rafa\u0142a Kalinowskiego, prezbitera; w czwartek \u2013 Ofiarowanie Naj\u015bwi\u0119tszej Maryi Panny; w pi\u0105tek \u2013 wspomnienie \u015bw. Cecylii, dziewicy i m\u0119czennicy, patronki muzyki ko\u015bcielnej.<\/p>\n","protected":false},"excerpt":{"rendered":"<p>1.W dniu dzisiejszym, o godzinie 10.25, odb\u0119dzie si\u0119 katecheza dla dzieci klas IV SP przed uroczysto\u015bci\u0105 rocznicy Komunii \u015bwi\u0119tej. 2.R\u00f3wnie\u017c dzisiaj, w kawiarence, o godzinie 19.00, kolejna katecheza dla narzeczonych w ramach kursu przedma\u0142\u017ce\u0144skiego. 3.Jutro, w ko\u015bciele, kolejne spotkanie rekolekcyjne w ramach rekolekcji Oddanie 33. Tematem spotkania b\u0119dzie Poznaj samego siebie. Zaczynamy Msz\u0105 \u015bwi\u0119t\u0105 o [&hellip;]<\/p>\n","protected":false},"author":1,"featured_media":30657,"comment_status":"closed","ping_status":"closed","sticky":false,"template":"","format":"standard","meta":{"footnotes":""},"categories":[2,14],"tags":[],"class_list":["post-26227","post","type-post","status-publish","format-standard","has-post-thumbnail","hentry","category-aktualnosci","category-ogloszenia-parafialne"],"_links":{"self":[{"href":"https:\/\/mbfatimska.ovh\/index.php\/wp-json\/wp\/v2\/posts\/26227","targetHints":{"allow":["GET"]}}],"collection":[{"href":"https:\/\/mbfatimska.ovh\/index.php\/wp-json\/wp\/v2\/posts"}],"about":[{"href":"https:\/\/mbfatimska.ovh\/index.php\/wp-json\/wp\/v2\/types\/post"}],"author":[{"embeddable":true,"href":"https:\/\/mbfatimska.ovh\/index.php\/wp-json\/wp\/v2\/users\/1"}],"replies":[{"embeddable":true,"href":"https:\/\/mbfatimska.ovh\/index.php\/wp-json\/wp\/v2\/comments?post=26227"}],"version-history":[{"count":0,"href":"https:\/\/mbfatimska.ovh\/index.php\/wp-json\/wp\/v2\/posts\/26227\/revisions"}],"wp:featuredmedia":[{"embeddable":true,"href":"https:\/\/mbfatimska.ovh\/index.php\/wp-json\/wp\/v2\/media\/30657"}],"wp:attachment":[{"href":"https:\/\/mbfatimska.ovh\/index.php\/wp-json\/wp\/v2\/media?parent=26227"}],"wp:term":[{"taxonomy":"category","embeddable":true,"href":"https:\/\/mbfatimska.ovh\/index.php\/wp-json\/wp\/v2\/categories?post=26227"},{"taxonomy":"post_tag","embeddable":true,"href":"https:\/\/mbfatimska.ovh\/index.php\/wp-json\/wp\/v2\/tags?post=26227"}],"curies":[{"name":"wp","href":"https:\/\/api.w.org\/{rel}","templated":true}]}}