{"id":26234,"date":"2024-11-23T19:19:47","date_gmt":"2024-11-23T18:19:47","guid":{"rendered":"https:\/\/www.mbfatimska.pl\/?p=26234"},"modified":"2024-11-23T19:19:47","modified_gmt":"2024-11-23T18:19:47","slug":"34-niedziela-zwykla-uroczystosc-jezusa-chrystusa-krola-wszechswiata","status":"publish","type":"post","link":"https:\/\/mbfatimska.ovh\/index.php\/2024\/11\/23\/34-niedziela-zwykla-uroczystosc-jezusa-chrystusa-krola-wszechswiata\/","title":{"rendered":"34 Niedziela Zwyk\u0142a &#8211; Uroczysto\u015b\u0107 Jezusa Chrystusa Kr\u00f3la Wszech\u015bwiata"},"content":{"rendered":"<p>1. Dzisiejsza niedziela jest ostatni\u0105 niedziel\u0105 roku liturgicznego. Ju\u017c za tydzie\u0144 I Niedziela Adwentu \u2013 czas przygotowania do \u015awi\u0105t Bo\u017cego Narodzenia, oraz czasu oczekiwania na powt\u00f3rne przyj\u015bcie Chrystusa na ko\u0144cu czas\u00f3w.<\/p>\n<p>2. Jeszcze dzisiaj, o godzinie 10.25, katecheza dla dzieci klas III SP przed Uroczysto\u015bci\u0105 I Komunii \u015bwi\u0119tej.<\/p>\n<p>3. R\u00f3wnie\u017c dzisiaj, po Mszy \u015bwi\u0119tej o godzinie 12.30, nabo\u017ce\u0144stwo po\u0142\u0105czone z wystawieniem Naj\u015bwi\u0119tszego Sakramentu w zwi\u0105zku z ko\u0144cz\u0105cym si\u0119 rokiem liturgicznym.<\/p>\n<p>4. Jutro, w poniedzia\u0142ek, zapraszamy na kolejne spotkanie rekolekcyjne w ramach rekolekcji <em>Oddanie 33<\/em>. O godzinie 18.00 Msza \u015bwi\u0119ta a po niej katecheza <em>Poznaj Dziewic\u0119 Maryj\u0119<\/em>, wystawienie Naj\u015bwi\u0119tszego Sakramentu, adoracja i \u015bwiadectwa.<\/p>\n<p>5. W dniach 28.11 \u2013 01.12.2024, w domu Zakonnym Kopiec ksi\u0119\u017cy Salezjan\u00f3w, ko\u0142o Cz\u0119stochowy, organizowane s\u0105 rekolekcje z zimow\u0105 diet\u0105 klasztorn\u0105. Podczas rekolekcji mo\u017cliwo\u015b\u0107 spowiedzi generalnej oraz duchowe odcinanie pokoleniowych obci\u0105\u017ce\u0144. Wi\u0119cej informacji na plakacie.<\/p>\n<p>6. W czwartek, po Mszy \u015bwi\u0119tej o godzinie 18.00, zapraszamy na nabo\u017ce\u0144stwo do b\u0142. kard. Stefana Wyszy\u0144skiego, patrona naszego miasta. Zapraszamy serdecznie.<\/p>\n<p>7. R\u00f3wnie\u017c w czwartek, oko\u0142o godziny 18.45, zapraszamy na wyj\u0105tkowe nabo\u017ce\u0144stwo drogi krzy\u017cowej z pog\u0142\u0119bionymi rozwa\u017caniami tajemnic m\u0119ki Jezusa Chrystusa. Nabo\u017ce\u0144stwo w ca\u0142o\u015bci odb\u0119dzie si\u0119 we wn\u0119trzu naszej \u015bwi\u0105tyni. Zarezerwujmy na to wydarzenie nieco wi\u0119cej z naszego czasu, gdy\u017c b\u0119dziemy chcieli wnikliwie spojrze\u0107 na tajemnic\u0119 naszego odkupienia.<\/p>\n<p>8. Informujemy, \u017ce 28 listopada, w czwartek, w godzinach 18-19, w budynku Centrum Wsparcia Fizycznego, b\u0119dzie mo\u017cna skorzysta\u0107 z darmowych konsultacji i \u0107wicze\u0144 Logopedy Szkolnego.<\/p>\n<p>9. W pi\u0105tek, o godzinie 18.00, zostanie odprawiona Msza \u015bwi\u0119ta za naszych bliskich zmar\u0142ych polecanych w modlitwie wypominkowej.<\/p>\n<p>10. W tym tygodniu, z racji \u017ce na skarpie od ulicy Orl\u0105t Lwowskich chcemy jeszcze posadzi\u0107 krzewy, zapraszamy ch\u0119tne osoby na godzin\u0119 8.00 do prac zwi\u0105zanych z nasadzeniami. Zapraszamy ju\u017c jutro. Mile widziana ka\u017cda para r\u0105k ch\u0119tnych do pracy.<\/p>\n<p>11. W pi\u0105tek zosta\u0142y po\u015bwi\u0119cone op\u0142atki na sto\u0142y wigilijne. Ju\u017c w tym tygodniu przedstawiciele parafii b\u0119d\u0105 roznosi\u0107 te op\u0142atki po domach i mieszkaniach. Prosimy o \u017cyczliwe ich przyj\u0119cie. Kto by chcia\u0142 jeszcze w\u0142\u0105czy\u0107 si\u0119 w roznoszenie op\u0142atk\u00f3w, zapraszamy do zakrystii. Ofiary sk\u0142adane za op\u0142atki przeznaczone s\u0105 na potrzeby parafii, zw\u0142aszcza na rachunki za gaz i pr\u0105d. Tak jak czujemy, w ko\u015bciele jest ciep\u0142o i widno, cho\u0107 mo\u017ce w ograniczonym stopniu do lat ubieg\u0142ych, ale to by\u0142y inne czasy, zw\u0142aszcza je\u015bli chodzi o koszta.<\/p>\n<p>12. W przysz\u0142\u0105 niedziel\u0119, o godzinie 16.30, w salce pod zakrysti\u0105, dob\u0119dzie si\u0119 spotkanie dla m\u0142odzie\u017cy przygotowuj\u0105cej si\u0119 do sakramentu bierzmowania. Na to spotkanie zapraszamy r\u00f3wnie\u017c osoby, kt\u00f3re jako wolontariusze, pragn\u0105 w\u0142\u0105czy\u0107 si\u0119 w \u015bwi\u0105teczn\u0105 zbi\u00f3rk\u0119 \u017cywno\u015bci z my\u015bl\u0105 o biedniejszej cz\u0119\u015bci naszego miasta. Zbi\u00f3rka \u017cywno\u015bci odb\u0119dzie si\u0119 13 i 14 grudnia.<\/p>\n<p>13. Przysz\u0142a niedziela jest r\u00f3wnie\u017c I niedziel\u0105 miesi\u0105ca. Po Mszy \u015bwi\u0119tej, o godzinie 12.30, wystawienie Naj\u015bwi\u0119tszego Sakramentu i mo\u017cliwo\u015b\u0107 adoracji do godziny 17.45.<\/p>\n<p>14. Kalendarz liturgiczny na najbli\u017cszy tydzie\u0144: w poniedzia\u0142ek \u2013 wspomnienie \u015bw. Katarzyny Aleksandryjskiej, dziewicy i m\u0119czennicy; w sobot\u0119 \u2013 \u015bwi\u0119to \u015bwi\u0119tego Andrzeja, aposto\u0142a.<\/p>\n","protected":false},"excerpt":{"rendered":"<p>1. Dzisiejsza niedziela jest ostatni\u0105 niedziel\u0105 roku liturgicznego. Ju\u017c za tydzie\u0144 I Niedziela Adwentu \u2013 czas przygotowania do \u015awi\u0105t Bo\u017cego Narodzenia, oraz czasu oczekiwania na powt\u00f3rne przyj\u015bcie Chrystusa na ko\u0144cu czas\u00f3w. 2. Jeszcze dzisiaj, o godzinie 10.25, katecheza dla dzieci klas III SP przed Uroczysto\u015bci\u0105 I Komunii \u015bwi\u0119tej. 3. R\u00f3wnie\u017c dzisiaj, po Mszy \u015bwi\u0119tej o [&hellip;]<\/p>\n","protected":false},"author":1,"featured_media":30657,"comment_status":"closed","ping_status":"closed","sticky":false,"template":"","format":"standard","meta":{"footnotes":""},"categories":[2,14],"tags":[],"class_list":["post-26234","post","type-post","status-publish","format-standard","has-post-thumbnail","hentry","category-aktualnosci","category-ogloszenia-parafialne"],"_links":{"self":[{"href":"https:\/\/mbfatimska.ovh\/index.php\/wp-json\/wp\/v2\/posts\/26234","targetHints":{"allow":["GET"]}}],"collection":[{"href":"https:\/\/mbfatimska.ovh\/index.php\/wp-json\/wp\/v2\/posts"}],"about":[{"href":"https:\/\/mbfatimska.ovh\/index.php\/wp-json\/wp\/v2\/types\/post"}],"author":[{"embeddable":true,"href":"https:\/\/mbfatimska.ovh\/index.php\/wp-json\/wp\/v2\/users\/1"}],"replies":[{"embeddable":true,"href":"https:\/\/mbfatimska.ovh\/index.php\/wp-json\/wp\/v2\/comments?post=26234"}],"version-history":[{"count":0,"href":"https:\/\/mbfatimska.ovh\/index.php\/wp-json\/wp\/v2\/posts\/26234\/revisions"}],"wp:featuredmedia":[{"embeddable":true,"href":"https:\/\/mbfatimska.ovh\/index.php\/wp-json\/wp\/v2\/media\/30657"}],"wp:attachment":[{"href":"https:\/\/mbfatimska.ovh\/index.php\/wp-json\/wp\/v2\/media?parent=26234"}],"wp:term":[{"taxonomy":"category","embeddable":true,"href":"https:\/\/mbfatimska.ovh\/index.php\/wp-json\/wp\/v2\/categories?post=26234"},{"taxonomy":"post_tag","embeddable":true,"href":"https:\/\/mbfatimska.ovh\/index.php\/wp-json\/wp\/v2\/tags?post=26234"}],"curies":[{"name":"wp","href":"https:\/\/api.w.org\/{rel}","templated":true}]}}