{"id":26238,"date":"2024-11-30T15:22:30","date_gmt":"2024-11-30T14:22:30","guid":{"rendered":"https:\/\/www.mbfatimska.pl\/?p=26238"},"modified":"2024-11-30T15:22:30","modified_gmt":"2024-11-30T14:22:30","slug":"i-niedziela-adwentu-5","status":"publish","type":"post","link":"https:\/\/mbfatimska.ovh\/index.php\/2024\/11\/30\/i-niedziela-adwentu-5\/","title":{"rendered":"I Niedziela Adwentu"},"content":{"rendered":"<p>1.Rozpocz\u0119li\u015bmy Adwent \u2013 czas naszego przygotowania do \u015awi\u0105t Bo\u017cego Narodzenia \u2013 pami\u0105tki pierwszego przyj\u015bcia Boga na \u015bwiat i oczekiwania na powt\u00f3rne przyj\u015bcie Chrystusa na ko\u0144cu czas\u00f3w. Dzi\u0119kujemy osobom niepe\u0142nosprawnym i ich instruktorom za zrobienie dekoracji adwentowej (wie\u0144ca adwentowego).<\/p>\n<p>2.W Adwencie zapraszamy na Msze \u015bwi\u0119te roratnie, w poniedzia\u0142ki, \u015brody i pi\u0105tki o godzinie 6.45, a we wtorki, czwartki i soboty o godzinie 18.00. Na roraty zabieramy ze sob\u0105 lampiony.<\/p>\n<p>3.Rekolekcje adwentowe b\u0119d\u0105 mia\u0142y miejsce w naszej parafii 19, 20 i 21 grudnia (czwartek, pi\u0105tek, sobota), wed\u0142ug znanego od lat planu. Poprowadzi je w tym roku ksi\u0105dz Piotr Krasuski \u2013 kapelan szpitala powiatowego w Wo\u0142ominie.<\/p>\n<p>4.W sobot\u0119, ministranci, bielanki i schola, uczestniczyli we wsp\u00f3lnym wyj\u015bciu do kina Helios w Legionowie na projekcji filmu. Po filmie udali si\u0119 na agap\u0119, czyli wsp\u00f3lny, radosny posi\u0142ek, do lokalnej pizzerii. Dzi\u0119kujemy opiekunom za sprawowanie opieki nad dzie\u0107mi i m\u0142odzie\u017c\u0105, zw\u0142aszcza Pani Anicie Rodak.<\/p>\n<p>5.Jutro, w poniedzia\u0142ek, o godzinie 18.45, kolejna katecheza w ramach rekolekcji <em>Oddanie 33<\/em>. O godzinie 18.00 Msza \u015bwi\u0119ta, a po niej adoracja Naj\u015bwi\u0119tszego Sakramentu, \u015bwiadectwo i katecheza.<\/p>\n<p>6.We wtorek, o godzinie 19.00, spotkanie formacyjno-informacyjne dla rodzic\u00f3w dzieci komunijnych.<\/p>\n<p>7.W tym tygodniu przypada:<\/p>\n<ul>\n<li>I czwartek miesi\u0105ca \u2013 po Mszy \u015bwi\u0119tej o godzinie 18.00, wystawienie Naj\u015bwi\u0119tszego Sakramentu, Koronka do Bo\u017cego Mi\u0142osierdzia i mo\u017cliwo\u015b\u0107 adoracji do godziny 21.00<\/li>\n<li>I pi\u0105tek miesi\u0105ca \u2013 spowied\u017a rano, od godziny 6.45 do 7.30 i po po\u0142udniu, od 16.15 do 18.30<\/li>\n<li>I sobota miesi\u0105ca \u2013 po Mszy \u015bwi\u0119tej o godzinie 18.00, nabo\u017ce\u0144stwo wynagradzaj\u0105ce Niepokalanemu Sercu NMP, kt\u00f3re b\u0119dzie trwa\u0107 do godziny 20.158.<\/li>\n<\/ul>\n<p>8.W pi\u0105tek, o godzinie 19.00, w kawiarence, odb\u0119dzie si\u0119 konferencja przedchrzcielna dla rodzic\u00f3w dzieci, kt\u00f3re b\u0119d\u0105 chrzczone w naszej parafii, b\u0105d\u017a b\u0119dzie brana zgoda na chrzest do innej parafii, oraz dla kandydat\u00f3w na rodzic\u00f3w chrzestnych<\/p>\n<p>9.W poniedzia\u0142ek, w godzinach 18-20, w budynku Centrum Wsparcia Fizycznego, b\u0119dzie mo\u017cna skorzysta\u0107 z nieodp\u0142atnych porad psychologa.<\/p>\n<p>10.W pi\u0105tek, ksi\u0105dz Miko\u0142aj, b\u0119dzie obchodzi\u0142 dzie\u0144 swoich imienin. Ju\u017c dzisiaj obejmujemy go naszymi modlitwami, a swoj\u0105 wdzi\u0119czno\u015b\u0107 i \u017cyczenia wyrazimy na Mszach \u015bwi\u0119tych w przysz\u0142\u0105 niedziel\u0119.<\/p>\n<p>11.Jeszcze dzisiaj, o godzinie 16.30, w salce pod zakrysti\u0105, odb\u0119dzie si\u0119 spotkanie dla m\u0142odzie\u017cy przygotowuj\u0105cej si\u0119 do sakramentu bierzmowania i tych ch\u0119tnych, kt\u00f3rzy pragn\u0105 w\u0142\u0105czy\u0107 si\u0119 w zbi\u00f3rk\u0119 \u017cywno\u015bci dla os\u00f3b potrzebuj\u0105cych, biedniejszych z naszego miasta.<\/p>\n<p>12.R\u00f3wnie\u017c dzisiaj, przed ko\u015bcio\u0142em, Klub Seniora Amicus, zaprasza nas na kiermasz \u015bwi\u0105teczny. B\u0119dziemy mogli podziwia\u0107 i zakupi\u0107 w\u0142asnor\u0119cznie wykonane przez senior\u00f3w: czapki, szaliki, ikony, bransoletki, ozdoby \u015bwi\u0105teczne. B\u0119dzie z czego wybiera\u0107. Te rzeczy mo\u017cna r\u00f3wnie\u017c zakupi\u0107 w budynku Klubu Seniora, od poniedzia\u0142ku do pi\u0105tku, w godzinach 8.00 \u2013 16.00. R\u00f3wnie\u017c osoby niepe\u0142nosprawne, z Warsztatu Terapii Zaj\u0119ciowej \u015bw. Rity, zapraszaj\u0105 nas do swojej siedziby w godzinach 9.00 \u2013 15.00 do zapoznania si\u0119 z wyrobami os\u00f3b z niepe\u0142nosprawno\u015bciami.<\/p>\n<p>13.W przysz\u0142\u0105 niedziel\u0119 obchodzi\u0107 b\u0119dziemy Uroczysto\u015b\u0107 Niepokalanego Pocz\u0119cia NMP. Tego dnia obchodzi si\u0119, mi\u0119dzy godzin\u0105 12 i 13, godzin\u0119 \u0142aski. W naszym ko\u015bciele, zapraszamy na godzin\u0119 12.00, na r\u00f3\u017caniec, a p\u00f3\u017aniej o 12.30 na Eucharysti\u0119. Tego dnia, o godzinie 19.15, b\u0119dzie odprawiona dodatkowa Msza \u015bwi\u0119ta z aktem oddania si\u0119 Jezusowi przez r\u0119ce Maryi na zako\u0144czenie rekolekcji <em>Oddanie 33<\/em>. Serdecznie zapraszamy.<\/p>\n<p>14.Kalendarz liturgiczny na ten tydzie\u0144: we wtorek \u2013 wspomnienie \u015bw. Franciszka Ksawerego, prezbitera; w pi\u0105tek \u2013 \u015bw. Miko\u0142aja, biskupa; w sobot\u0119 \u2013 \u015bw. Ambro\u017cego, biskupa i doktora Ko\u015bcio\u0142a.<\/p>\n<p>15.W sobot\u0119, zapraszamy na kolejne warsztaty kulinarno-ciastkarskie. Pocz\u0105tek o godzinie 10.00 w Klubie Seniora Amicus. B\u0119dziemy poznawa\u0107 tajniki pieczenia piernik\u00f3w bo\u017conarodzeniowych. Zapraszamy ca\u0142e rodziny by konstruktywnie sp\u0119dzi\u0107 czas poznaj\u0105c si\u0119 przez wsp\u00f3ln\u0105 prac\u0119.<\/p>\n<p>16. W nast\u0119pn\u0105 niedziel\u0119, na godzin\u0119 10.25, zapraszamy dzieci przygotowuj\u0105ce si\u0119 do I Komunii \u015bwi\u0119tej na katechez\u0119.<\/p>\n<p>17. Pragniemy przypomnie\u0107, i\u017c 7 listopada, w sobot\u0119, w bazylice katedralnej na Warszawskiej Pradze, o godzinie 11.00, odb\u0119d\u0105 si\u0119 \u015bwi\u0119cenia biskupie ksi\u0119dza dr. Tomasza Sztajerwalda, dotychczasowego rektora naszego seminarium na Tarchominie. Na t\u0105 uroczysto\u015b\u0107 serdecznie zapraszamy, oraz prosimy by otoczy\u0107 biskupa-nominata swoj\u0105 modlitw\u0105.<\/p>\n","protected":false},"excerpt":{"rendered":"<p>1.Rozpocz\u0119li\u015bmy Adwent \u2013 czas naszego przygotowania do \u015awi\u0105t Bo\u017cego Narodzenia \u2013 pami\u0105tki pierwszego przyj\u015bcia Boga na \u015bwiat i oczekiwania na powt\u00f3rne przyj\u015bcie Chrystusa na ko\u0144cu czas\u00f3w. Dzi\u0119kujemy osobom niepe\u0142nosprawnym i ich instruktorom za zrobienie dekoracji adwentowej (wie\u0144ca adwentowego). 2.W Adwencie zapraszamy na Msze \u015bwi\u0119te roratnie, w poniedzia\u0142ki, \u015brody i pi\u0105tki o godzinie 6.45, a we [&hellip;]<\/p>\n","protected":false},"author":1,"featured_media":30657,"comment_status":"closed","ping_status":"closed","sticky":false,"template":"","format":"standard","meta":{"footnotes":""},"categories":[2,14],"tags":[],"class_list":["post-26238","post","type-post","status-publish","format-standard","has-post-thumbnail","hentry","category-aktualnosci","category-ogloszenia-parafialne"],"_links":{"self":[{"href":"https:\/\/mbfatimska.ovh\/index.php\/wp-json\/wp\/v2\/posts\/26238","targetHints":{"allow":["GET"]}}],"collection":[{"href":"https:\/\/mbfatimska.ovh\/index.php\/wp-json\/wp\/v2\/posts"}],"about":[{"href":"https:\/\/mbfatimska.ovh\/index.php\/wp-json\/wp\/v2\/types\/post"}],"author":[{"embeddable":true,"href":"https:\/\/mbfatimska.ovh\/index.php\/wp-json\/wp\/v2\/users\/1"}],"replies":[{"embeddable":true,"href":"https:\/\/mbfatimska.ovh\/index.php\/wp-json\/wp\/v2\/comments?post=26238"}],"version-history":[{"count":0,"href":"https:\/\/mbfatimska.ovh\/index.php\/wp-json\/wp\/v2\/posts\/26238\/revisions"}],"wp:featuredmedia":[{"embeddable":true,"href":"https:\/\/mbfatimska.ovh\/index.php\/wp-json\/wp\/v2\/media\/30657"}],"wp:attachment":[{"href":"https:\/\/mbfatimska.ovh\/index.php\/wp-json\/wp\/v2\/media?parent=26238"}],"wp:term":[{"taxonomy":"category","embeddable":true,"href":"https:\/\/mbfatimska.ovh\/index.php\/wp-json\/wp\/v2\/categories?post=26238"},{"taxonomy":"post_tag","embeddable":true,"href":"https:\/\/mbfatimska.ovh\/index.php\/wp-json\/wp\/v2\/tags?post=26238"}],"curies":[{"name":"wp","href":"https:\/\/api.w.org\/{rel}","templated":true}]}}