{"id":26300,"date":"2024-12-07T19:41:52","date_gmt":"2024-12-07T18:41:52","guid":{"rendered":"https:\/\/www.mbfatimska.pl\/?p=26300"},"modified":"2024-12-07T19:41:52","modified_gmt":"2024-12-07T18:41:52","slug":"ii-niedziela-adwentu-uroczystosc-niepokalanego-poczecia-nmp","status":"publish","type":"post","link":"https:\/\/mbfatimska.ovh\/index.php\/2024\/12\/07\/ii-niedziela-adwentu-uroczystosc-niepokalanego-poczecia-nmp\/","title":{"rendered":"II Niedziela Adwentu &#8211; Uroczysto\u015b\u0107 Niepokalanego Pocz\u0119cia NMP"},"content":{"rendered":"<p>1.Dzisiaj, w uroczysto\u015b\u0107 Niepokalanego Pocz\u0119cia NMP, zapraszamy na Godzin\u0119 \u0141ask dla \u015bwiata. Matka Bo\u017ca, objawiaj\u0105c si\u0119 w Montechiari w 1946 roku, prosi\u0142a, aby 8 grudnia, w Jej \u015bwi\u0119to, w godzinie od 12.00 do 13.00, gromadzi\u0107 si\u0119 na wsp\u00f3lnej modlitwie, bo wtedy pragnie udziela\u0107 nam niesko\u0144czonych \u0142ask. O godzinie 12.00 modli\u0107 si\u0119 b\u0119dziemy na r\u00f3\u017ca\u0144cu, a o godzinie 12.30 prze\u017cywa\u0107 b\u0119dziemy wsp\u00f3ln\u0105 Eucharysti\u0119.<\/p>\n<p>2.R\u00f3wnie\u017c dzisiaj, o godzinie 10.25, katecheza dla dzieci klas III SP przed I Komuni\u0105 \u015bwi\u0119t\u0105, a o godzinie 19.00, katecheza dla narzeczonych w ramach kursu przedma\u0142\u017ce\u0144skiego.<\/p>\n<p>3.We wtorek w budynku Centrum Wsparcia Fizycznego, w godzinach 19-21, nieodp\u0142atnie b\u0119dzie przyjmowa\u0142 prawnik.<\/p>\n<p>4.R\u00f3wnie\u017c we wtorek, o godzinie 19.00, spotkanie dla os\u00f3b, kt\u00f3re b\u0119d\u0105 bra\u0107 udzia\u0142 w Legionowskiej \u015awi\u0105tecznej Zbi\u00f3rce \u017bywno\u015bci, w dniach 13 i 14 grudnia. Zapraszamy m\u0142odzie\u017c przygotowuj\u0105c\u0105 si\u0119 do sakramentu bierzmowania, a kt\u00f3ra ju\u017c si\u0119 zapisa\u0142a na zbi\u00f3rk\u0119, ale r\u00f3wnie\u017c inne, ch\u0119tne osoby.<\/p>\n<p>5.W pi\u0105tek i w sobot\u0119, w Kauflandzie i Biedronce na Piaskach, w godzinach 9-20, b\u0119dzie mia\u0142a miejsce doroczna zbi\u00f3rka \u017cywno\u015bci z my\u015bl\u0105 o ubo\u017cszej cz\u0119\u015bci naszych mieszka\u0144c\u00f3w. Robi\u0105c zakupy kupmy dodatkowy produkt o d\u0142u\u017cszym terminie spo\u017cywania \u2013 cukier, m\u0105k\u0119, kasz\u0119, olej, herbat\u0119, kaw\u0119, puszki z mi\u0119sne, czy rybne i przeka\u017cmy te produkty wolontariuszom za kasami. Wszystkie te rzeczy, przed \u015bwi\u0119tami, trafi\u0105 do potrzebuj\u0105cych. Co roku, dzi\u0119ki Waszej \u017cyczliwo\u015bci i hojno\u015bci, robimy blisko 240 paczek \u017cywno\u015bciowych o wadze blisko 7-8 kg.<\/p>\n<p>6.Taca w przysz\u0142\u0105 niedziel\u0119 b\u0119dzie r\u00f3wnie\u017c, w spos\u00f3b szczeg\u00f3lny, przeznaczona na dope\u0142nienie zakup\u00f3w do paczek \u017cywno\u015bciowych dla potrzebuj\u0105cych. Pami\u0119tajmy o drugim, biedniejszym cz\u0142owieku.<\/p>\n<p>7.Za tydzie\u0144, 15 grudnia, o godzinie 10.25, katecheza dla dzieci klas IV SP przed rocznic\u0105 Komunii \u015bwi\u0119tej.<\/p>\n<p>8.R\u00f3wnie\u017c, 15 grudnia, w niedziel\u0119, po wieczornej Mszy \u015bwi\u0119tej, Wsp\u00f3lnota Odnowa w Duchu \u015awi\u0119tym, pragnie zaprosi\u0107 na wiecz\u00f3r uwielbienia z Maryj\u0105. W ramach uwielbienia: wsp\u00f3lna modlitwa, adoracja Naj\u015bwi\u0119tszego Sakramentu, rozwa\u017canie tekst\u00f3w Pisma \u015bwi\u0119tego, wsp\u00f3lny \u015bpiew.<\/p>\n<p>9.Jeszcze dzisiaj, przed ko\u015bcio\u0142em, mo\u017cemy zakupi\u0107 op\u0142atki na st\u00f3\u0142 wigilijny, \u015bwiece, oraz sianko z figurk\u0105 Dzieci\u0105tka Jezus i \u017c\u0142\u00f3bek z siankiem i figurk\u0105 Pana Jezusa<\/p>\n<p>10.R\u00f3wnie\u017c dzisiaj, pod kopu\u0142\u0105, mo\u017cemy z\u0142o\u017cy\u0107 sw\u00f3j podpis, pod obywatelskim projektem ustawy realnie chroni\u0105cej dzieci przed pornografi\u0105 w internecie. S\u0142owo ksi\u0119dza biskupa Ordynariusza: <em>Takie tre\u015bci s\u0105 niezwykle szkodliwe, szczeg\u00f3lnie dla m\u0142odzie\u017cy. Wed\u0142ug bada\u0144, w naszym kraju, si\u0119gaj\u0105 po nie nawet dzieci poni\u017cej 10 roku \u017cycia. Prawie \u00bc nastolatk\u00f3w ogl\u0105da je codziennie, co prowadzi do uzale\u017cnienia i do tragicznych konsekwencji moralnych i spo\u0142ecznych. Dlatego, szereg organizacji katolickich i spo\u0142ecznych, w ramach obywatelskiej inicjatywy ustawodawczej, rozpocz\u0119\u0142o zbi\u00f3rk\u0119 100\u00a0000 podpis\u00f3w pod projektem ustawy, chroni\u0105cej dzieci przed pornografi\u0105 w internecie. Aby osi\u0105gn\u0105\u0107 ten cel, potrzeba naszego szerokiego zaanga\u017cowania i pomocy. Bardzo prosz\u0119 Ksi\u0119dza Proboszcza, wraz ze Wsp\u00f3lnot\u0105 Parafialn\u0105, o pomoc w zrealizowaniu tej inicjatywy. Bardzo serdecznie dzi\u0119kuj\u0119 za podj\u0119ty wysi\u0142ek, ogarniam Was modlitw\u0105 i b\u0142ogos\u0142awi\u0119<\/em>. W naszej parafii, zbi\u00f3rk\u0119 podpis\u00f3w, prowadz\u0105 wolontariusze ze stowarzyszenia \u201e Rodzice chroni\u0105 dzieci\u201d.<\/p>\n<p>11.Jeszcze dzisiaj zapraszamy na zako\u0144czenie rekolekcji <em>Oddanie 33<\/em>, gdzie podczas dodatkowej Mszy \u015bwi\u0119tej, o 19.15, oddamy si\u0119 Jezusowi przez r\u0119ce Maryi. Serdecznie zapraszamy na to wydarzenie zw\u0142aszcza w taki dzie\u0144 jak Uroczysto\u015b\u0107 Niepokalanego Pocz\u0119cia NMP.<\/p>\n<p>12.W \u015brod\u0119, zapraszamy cz\u0142onk\u00f3w K\u00f3\u0142 \u017bywego R\u00f3\u017ca\u0144ca, na Eucharysti\u0119 o godzinie 18.00, a po niej na spotkanie formacyjne do kawiarenki.<\/p>\n<p>13. Kalendarz liturgiczny na ten tydzie\u0144: we wtorek &#8211;\u00a0 wspomnienie NMP Loreta\u0144skiej; w czwartek \u2013 wspomnienie NMP z Guadalupe; w pi\u0105tek \u2013 wspomnienie \u015bw. \u0141ucji, dziewicy i m\u0119czennicy; w sobot\u0119 \u2013 wspomnienie \u015bw. Jana od Krzy\u017ca, prezbitera i Doktora Ko\u015bcio\u0142a.<\/p>\n","protected":false},"excerpt":{"rendered":"<p>1.Dzisiaj, w uroczysto\u015b\u0107 Niepokalanego Pocz\u0119cia NMP, zapraszamy na Godzin\u0119 \u0141ask dla \u015bwiata. Matka Bo\u017ca, objawiaj\u0105c si\u0119 w Montechiari w 1946 roku, prosi\u0142a, aby 8 grudnia, w Jej \u015bwi\u0119to, w godzinie od 12.00 do 13.00, gromadzi\u0107 si\u0119 na wsp\u00f3lnej modlitwie, bo wtedy pragnie udziela\u0107 nam niesko\u0144czonych \u0142ask. O godzinie 12.00 modli\u0107 si\u0119 b\u0119dziemy na r\u00f3\u017ca\u0144cu, a [&hellip;]<\/p>\n","protected":false},"author":1,"featured_media":30657,"comment_status":"closed","ping_status":"closed","sticky":false,"template":"","format":"standard","meta":{"footnotes":""},"categories":[2,14],"tags":[],"class_list":["post-26300","post","type-post","status-publish","format-standard","has-post-thumbnail","hentry","category-aktualnosci","category-ogloszenia-parafialne"],"_links":{"self":[{"href":"https:\/\/mbfatimska.ovh\/index.php\/wp-json\/wp\/v2\/posts\/26300","targetHints":{"allow":["GET"]}}],"collection":[{"href":"https:\/\/mbfatimska.ovh\/index.php\/wp-json\/wp\/v2\/posts"}],"about":[{"href":"https:\/\/mbfatimska.ovh\/index.php\/wp-json\/wp\/v2\/types\/post"}],"author":[{"embeddable":true,"href":"https:\/\/mbfatimska.ovh\/index.php\/wp-json\/wp\/v2\/users\/1"}],"replies":[{"embeddable":true,"href":"https:\/\/mbfatimska.ovh\/index.php\/wp-json\/wp\/v2\/comments?post=26300"}],"version-history":[{"count":0,"href":"https:\/\/mbfatimska.ovh\/index.php\/wp-json\/wp\/v2\/posts\/26300\/revisions"}],"wp:featuredmedia":[{"embeddable":true,"href":"https:\/\/mbfatimska.ovh\/index.php\/wp-json\/wp\/v2\/media\/30657"}],"wp:attachment":[{"href":"https:\/\/mbfatimska.ovh\/index.php\/wp-json\/wp\/v2\/media?parent=26300"}],"wp:term":[{"taxonomy":"category","embeddable":true,"href":"https:\/\/mbfatimska.ovh\/index.php\/wp-json\/wp\/v2\/categories?post=26300"},{"taxonomy":"post_tag","embeddable":true,"href":"https:\/\/mbfatimska.ovh\/index.php\/wp-json\/wp\/v2\/tags?post=26300"}],"curies":[{"name":"wp","href":"https:\/\/api.w.org\/{rel}","templated":true}]}}