{"id":26337,"date":"2024-12-14T19:11:15","date_gmt":"2024-12-14T18:11:15","guid":{"rendered":"https:\/\/www.mbfatimska.pl\/?p=26337"},"modified":"2024-12-14T19:11:15","modified_gmt":"2024-12-14T18:11:15","slug":"iii-niedziela-adwentu-5","status":"publish","type":"post","link":"https:\/\/mbfatimska.ovh\/index.php\/2024\/12\/14\/iii-niedziela-adwentu-5\/","title":{"rendered":"III Niedziela adwentu"},"content":{"rendered":"<p>1.Jeszcze dzisiaj odb\u0119d\u0105 si\u0119 nast\u0119puj\u0105ce spotkania:<\/p>\n<ul>\n<li>O 10.25, dla dzieci klas IV SP przed komuni\u0105 \u015bwi\u0119t\u0105 rocznicow\u0105,<\/li>\n<li>O 19.00, dla narzeczonych w ramach kursu przedma\u0142\u017ce\u0144skiego3.<\/li>\n<\/ul>\n<p>2.R\u00f3wnie\u017c dzisiaj, w salce pod zakrysti\u0105, odb\u0119dzie si\u0119 pobieranie miary na stroje liturgiczne dzieci do I Komunii \u015bwi\u0119tej:<\/p>\n<ul>\n<li>O 15.00 \u2013 grupa I<\/li>\n<li>O 15.30 \u2013 grupa II3.<\/li>\n<\/ul>\n<p>3.Na wtorek, na godzin\u0119 8.00, zapraszamy pan\u00f3w do oprawiania choinek do ko\u015bcio\u0142a i na zewn\u0105trz. Na pi\u0105tek, na godzin\u0119 10.30, do dekoracji ko\u015bcio\u0142a na \u015bwi\u0119ta. Na pi\u0105tek zapraszamy r\u00f3wnie\u017c panie.<\/p>\n<p>4.Od czwartku do soboty zapraszamy na doroczne rekolekcje adwentowe, kt\u00f3re poprowadzi ks. Piotr Krasuski, kapelan Szpitala Powiatowego w Wo\u0142ominie. Ka\u017cdego dnia, Msze \u015bwi\u0119te z nauk\u0105 o godzinie 9.00, 16.30 (dla dzieci), 18.00 i 19.45. Spowied\u017a podczas ka\u017cdej Mszy \u015bwi\u0119tej. W czasie rekolekcji Msze \u015bwi\u0119te roratnie b\u0119d\u0105 sprawowane o godzinie 18.00, dzieci przychodz\u0105 na swoj\u0105 Msz\u0119 \u015bwi\u0119t\u0105 o godzinie 16.30. Zach\u0119camy do korzystania w tym czasie z sakramentu pokuty i pojednania. Z racji rekolekcji zapraszamy dodatkowych ksi\u0119\u017cy \u017ceby pomogli nam w tej pos\u0142udze. Jest to czas bliski \u015bwi\u0105t, dlatego po rekolekcjach spowiedzi ju\u017c nie b\u0119dzie.<\/p>\n<p>5.W sobot\u0119, w godzinach 10.30 \u2013 13.30, pragniemy odwiedzi\u0107 chorych z pos\u0142ug\u0105 sakramentaln\u0105. Adresy chorych prosimy podawa\u0107 do \u015brody w\u0142\u0105cznie.<\/p>\n<p>6.W czwartek i pi\u0105tek po Mszy \u015bwi\u0119tej o godzinie 9.00, Warsztat Terapii Zaj\u0119ciowej \u015bw. Rity, zaprasza nas przed ko\u015bcio\u0142em na kiermasz w\u0142asnor\u0119cznie wykonanych przez osoby z niepe\u0142nosprawno\u015bciami, przedmiot\u00f3w \u015bwi\u0105tecznych. Ka\u017cdy znajdzie tam co\u015b dla siebie.<\/p>\n<p>7.W przysz\u0142\u0105 niedziel\u0119 nie b\u0119dzie katechezy dla dzieci klas III SP w ramach przygotowania do I Komunii \u015bwi\u0119tej.<\/p>\n<p>8.R\u00f3wnie\u017c w przysz\u0142\u0105 niedziel\u0119, o godzinie 16.00, odb\u0119dzie si\u0119 spotkanie \u015bwi\u0105teczne dla ministrant\u00f3w, lektor\u00f3w, bielanek i scholi. Ma by\u0107 r\u00f3wnie\u017c \u015bw. Miko\u0142aj i pocz\u0119stunek. Ch\u0119\u0107 wzi\u0119cia udzia\u0142u w spotkaniu zg\u0142aszamy do opiekun\u00f3w do czwartku w\u0142\u0105cznie.<\/p>\n<p>9.W najbli\u017cszy czwartek, w godzinach 14-16, b\u0119dzie wydawana \u017cywno\u015b\u0107, kt\u00f3ra w pi\u0105tek i sobot\u0119 by\u0142a zbierana w Kauflandzie i Biedronce na osiedlu Piaski przez osoby z niepe\u0142nosprawno\u015bciami, ich opiekun\u00f3w, senior\u00f3w, m\u0142odzie\u017c przygotowuj\u0105c\u0105 si\u0119 do sakramentu bierzmowania, przedstawicieli grup parafialnych i innych wolontariuszy, kt\u00f3rym za ten gest serca dzi\u0119kujemy. Je\u015bli wiemy, \u017ce obok nas, nie tylko z Legionowa, mieszka osoba potrzebuj\u0105ca, to zapro\u015bcie j\u0105 na czwartek na odbi\u00f3r paczki w godzinach 14-16.<\/p>\n<p>10.Jeszcze dzisiaj, w Muzeum Historycznym na Piaskach, o godzinie 15.30, odb\u0119dzie si\u0119 prelekcja dr. Adama Kaczy\u0144skiego pt. <em>Zrzutowisko KOC ko\u0142o Izabelina<\/em>. Wst\u0119p wolny.<\/p>\n<p>11.R\u00f3wnie\u017c dzisiaj, po Mszy o godzinie 18.00, zapraszamy na kolejny Wiecz\u00f3r Uwielbienia z Maryj\u0105. W programie: adoracja Naj\u015bwi\u0119tszego Sakramentu, modlitwa Pismem \u015bwi\u0119tym, rozwa\u017cania, wsp\u00f3lny \u015bpiew. Serdecznie zapraszamy.<\/p>\n<p>12.19 grudnia, w czwartek, po Mszy \u015bwi\u0119tej o godzinie 18.00, zapraszamy na nabo\u017ce\u0144stwo do \u015bw. J\u00f3zefa \u2013 patrona rodzin i ma\u0142\u017ce\u0144stw, a 22 grudnia, w niedziel\u0119, na nabo\u017ce\u0144stwo do \u015bw. Rity, r\u00f3wnie\u017c po Mszy \u015bwi\u0119tej o godzinie 18.00. R\u00f3\u017ce b\u0119d\u0105 \u015bwi\u0119cone na pocz\u0105tku Mszy \u015bwi\u0119tej, a naby\u0107 je b\u0119dzie mo\u017cna przed Eucharysti\u0105.<\/p>\n<p>13.Z uwagi na rekolekcje, kancelaria parafialna b\u0119dzie w sobot\u0119 nieczynna.<\/p>\n<p>14.Przed ko\u015bcio\u0142em mo\u017cemy naby\u0107 op\u0142atki, \u015bwiece, oraz sianko, \u017c\u0142\u00f3bek z figurk\u0105 Pana Jezusa.<\/p>\n","protected":false},"excerpt":{"rendered":"<p>1.Jeszcze dzisiaj odb\u0119d\u0105 si\u0119 nast\u0119puj\u0105ce spotkania: O 10.25, dla dzieci klas IV SP przed komuni\u0105 \u015bwi\u0119t\u0105 rocznicow\u0105, O 19.00, dla narzeczonych w ramach kursu przedma\u0142\u017ce\u0144skiego3. 2.R\u00f3wnie\u017c dzisiaj, w salce pod zakrysti\u0105, odb\u0119dzie si\u0119 pobieranie miary na stroje liturgiczne dzieci do I Komunii \u015bwi\u0119tej: O 15.00 \u2013 grupa I O 15.30 \u2013 grupa II3. 3.Na wtorek, [&hellip;]<\/p>\n","protected":false},"author":1,"featured_media":30657,"comment_status":"closed","ping_status":"closed","sticky":false,"template":"","format":"standard","meta":{"footnotes":""},"categories":[2,14],"tags":[],"class_list":["post-26337","post","type-post","status-publish","format-standard","has-post-thumbnail","hentry","category-aktualnosci","category-ogloszenia-parafialne"],"_links":{"self":[{"href":"https:\/\/mbfatimska.ovh\/index.php\/wp-json\/wp\/v2\/posts\/26337","targetHints":{"allow":["GET"]}}],"collection":[{"href":"https:\/\/mbfatimska.ovh\/index.php\/wp-json\/wp\/v2\/posts"}],"about":[{"href":"https:\/\/mbfatimska.ovh\/index.php\/wp-json\/wp\/v2\/types\/post"}],"author":[{"embeddable":true,"href":"https:\/\/mbfatimska.ovh\/index.php\/wp-json\/wp\/v2\/users\/1"}],"replies":[{"embeddable":true,"href":"https:\/\/mbfatimska.ovh\/index.php\/wp-json\/wp\/v2\/comments?post=26337"}],"version-history":[{"count":0,"href":"https:\/\/mbfatimska.ovh\/index.php\/wp-json\/wp\/v2\/posts\/26337\/revisions"}],"wp:featuredmedia":[{"embeddable":true,"href":"https:\/\/mbfatimska.ovh\/index.php\/wp-json\/wp\/v2\/media\/30657"}],"wp:attachment":[{"href":"https:\/\/mbfatimska.ovh\/index.php\/wp-json\/wp\/v2\/media?parent=26337"}],"wp:term":[{"taxonomy":"category","embeddable":true,"href":"https:\/\/mbfatimska.ovh\/index.php\/wp-json\/wp\/v2\/categories?post=26337"},{"taxonomy":"post_tag","embeddable":true,"href":"https:\/\/mbfatimska.ovh\/index.php\/wp-json\/wp\/v2\/tags?post=26337"}],"curies":[{"name":"wp","href":"https:\/\/api.w.org\/{rel}","templated":true}]}}