{"id":26340,"date":"2024-12-14T19:22:54","date_gmt":"2024-12-14T18:22:54","guid":{"rendered":"https:\/\/www.mbfatimska.pl\/?p=26340"},"modified":"2024-12-14T19:22:54","modified_gmt":"2024-12-14T18:22:54","slug":"parafialne-rekolekcje-adwentowe-19-21-grudnia","status":"publish","type":"post","link":"https:\/\/mbfatimska.ovh\/index.php\/2024\/12\/14\/parafialne-rekolekcje-adwentowe-19-21-grudnia\/","title":{"rendered":"Parafialne rekolekcje adwentowe &#8211; 19-21 grudnia"},"content":{"rendered":"<p>W dniach 19-21 grudnia 2024, zapraszamy na parafialne rekolekcje adwentowe, kt\u00f3re wyg\u0142osi ks. Piotr Krasuski, kapelan szpitala powiatowego w Wo\u0142ominie.<\/p>\n<p>Program:<\/p>\n<p><strong><u>19 grudnia 2024 (czwartek)<\/u><\/strong><\/p>\n<p>09.00\u00a0\u2013 Msza \u015awi\u0119ta Z Nauk\u0105 Og\u00f3ln\u0105<\/p>\n<p>16.30\u00a0\u2013 Msza \u015awi\u0119ta Z Nauk\u0105 dla dzieci\/dzieci komunijne otrzymuj\u0105 r\u00f3\u017ca\u0144ce\/<\/p>\n<p>18.00\u00a0\u2013 Msza \u015awi\u0119ta Z Nauk\u0105 Og\u00f3ln\u0105 (roraty)<\/p>\n<p>19.45\u00a0\u2013 Msza \u015awi\u0119ta Z Nauk\u0105 og\u00f3ln\u0105<\/p>\n<p><strong><u>20 grudnia 2024 (pi\u0105tek)<\/u><\/strong><\/p>\n<p>09.00\u00a0\u2013 Msza \u015awi\u0119ta Z Nauk\u0105 Og\u00f3ln\u0105<\/p>\n<p>16.30\u00a0\u2013 Msza \u015awi\u0119ta Z Nauk\u0105 dla dzieci\/dzieci komunijne otrzymuj\u0105 \u0142a\u0144cuszki, medaliki, krzy\u017cyki\/<\/p>\n<p>18.00\u00a0\u2013 Msza \u015awi\u0119ta Z Nauk\u0105 Og\u00f3ln\u0105 (roraty)<\/p>\n<p>19.45\u00a0\u2013 Msza \u015awi\u0119ta z nauk\u0105 og\u00f3ln\u0105<\/p>\n<p><strong><u>21 grudnia 2024 (sobota)<\/u><\/strong><\/p>\n<p>9.00\u00a0\u2013 Msza \u015awi\u0119ta Z Nauk\u0105 Og\u00f3ln\u0105<\/p>\n<p>16.30\u00a0\u2013 Msza \u015awi\u0119ta z nauk\u0105 dla dzieci\/dzieci komunijne i rocznicowe otrzymuj\u0105 pami\u0105tkowe ksi\u0105\u017ceczki\/<\/p>\n<p>18.00\u00a0\u2013 Msza \u015awi\u0119ta Z Nauk\u0105 Og\u00f3ln\u0105 (roraty)<\/p>\n<p>19.45\u00a0\u2013 Msza \u015awi\u0119ta z nauk\u0105 og\u00f3ln\u0105<\/p>\n<p>Do sakramentu pokuty mo\u017cna przyst\u0105pi\u0107 podczas ka\u017cdej Mszy \u015bwi\u0119tej.<\/p>\n<p>W sobot\u0119, godzinach 10.30-13.00, odwiedziny chorych z pos\u0142ug\u0105 sakramentaln\u0105.<\/p>\n<p>Adresy prosimy zg\u0142asza\u0107 do \u015brody w zakrystii.<\/p>\n<p>W czasie rekolekcji, Msza \u015bwi\u0119ta roratnia o godzinie 18.00 (dzieci przychodz\u0105 na swoj\u0105 Msz\u0119 o godzinie 16.30)<\/p>\n<div id='gallery-1' class='gallery galleryid-26340 gallery-columns-3 gallery-size-large'><figure class='gallery-item'>\n\t\t\t<div class='gallery-icon portrait'>\n\t\t\t\t<a href='https:\/\/mbfatimska.ovh\/rekolekcje-2\/'><img fetchpriority=\"high\" decoding=\"async\" width=\"480\" height=\"664\" src=\"https:\/\/mbfatimska.ovh\/wp-content\/uploads\/2024\/12\/Rekolekcje-1.jpg\" class=\"attachment-large size-large\" alt=\"\" srcset=\"https:\/\/mbfatimska.ovh\/wp-content\/uploads\/2024\/12\/Rekolekcje-1.jpg 480w, https:\/\/mbfatimska.ovh\/wp-content\/uploads\/2024\/12\/Rekolekcje-1-217x300.jpg 217w\" sizes=\"(max-width: 480px) 100vw, 480px\" \/><\/a>\n\t\t\t<\/div><\/figure>\n\t\t<\/div>\n\n","protected":false},"excerpt":{"rendered":"<p>W dniach 19-21 grudnia 2024, zapraszamy na parafialne rekolekcje adwentowe, kt\u00f3re wyg\u0142osi ks. Piotr Krasuski, kapelan szpitala powiatowego w Wo\u0142ominie. Program: 19 grudnia 2024 (czwartek) 09.00\u00a0\u2013 Msza \u015awi\u0119ta Z Nauk\u0105 Og\u00f3ln\u0105 16.30\u00a0\u2013 Msza \u015awi\u0119ta Z Nauk\u0105 dla dzieci\/dzieci komunijne otrzymuj\u0105 r\u00f3\u017ca\u0144ce\/ 18.00\u00a0\u2013 Msza \u015awi\u0119ta Z Nauk\u0105 Og\u00f3ln\u0105 (roraty) 19.45\u00a0\u2013 Msza \u015awi\u0119ta Z Nauk\u0105 og\u00f3ln\u0105 20 [&hellip;]<\/p>\n","protected":false},"author":1,"featured_media":26343,"comment_status":"closed","ping_status":"closed","sticky":false,"template":"","format":"standard","meta":{"footnotes":""},"categories":[2],"tags":[],"class_list":["post-26340","post","type-post","status-publish","format-standard","has-post-thumbnail","hentry","category-aktualnosci"],"_links":{"self":[{"href":"https:\/\/mbfatimska.ovh\/index.php\/wp-json\/wp\/v2\/posts\/26340","targetHints":{"allow":["GET"]}}],"collection":[{"href":"https:\/\/mbfatimska.ovh\/index.php\/wp-json\/wp\/v2\/posts"}],"about":[{"href":"https:\/\/mbfatimska.ovh\/index.php\/wp-json\/wp\/v2\/types\/post"}],"author":[{"embeddable":true,"href":"https:\/\/mbfatimska.ovh\/index.php\/wp-json\/wp\/v2\/users\/1"}],"replies":[{"embeddable":true,"href":"https:\/\/mbfatimska.ovh\/index.php\/wp-json\/wp\/v2\/comments?post=26340"}],"version-history":[{"count":0,"href":"https:\/\/mbfatimska.ovh\/index.php\/wp-json\/wp\/v2\/posts\/26340\/revisions"}],"wp:featuredmedia":[{"embeddable":true,"href":"https:\/\/mbfatimska.ovh\/index.php\/wp-json\/wp\/v2\/media\/26343"}],"wp:attachment":[{"href":"https:\/\/mbfatimska.ovh\/index.php\/wp-json\/wp\/v2\/media?parent=26340"}],"wp:term":[{"taxonomy":"category","embeddable":true,"href":"https:\/\/mbfatimska.ovh\/index.php\/wp-json\/wp\/v2\/categories?post=26340"},{"taxonomy":"post_tag","embeddable":true,"href":"https:\/\/mbfatimska.ovh\/index.php\/wp-json\/wp\/v2\/tags?post=26340"}],"curies":[{"name":"wp","href":"https:\/\/api.w.org\/{rel}","templated":true}]}}