{"id":26409,"date":"2024-12-21T17:50:41","date_gmt":"2024-12-21T16:50:41","guid":{"rendered":"https:\/\/www.mbfatimska.pl\/?p=26409"},"modified":"2024-12-21T17:50:41","modified_gmt":"2024-12-21T16:50:41","slug":"iv-niedziela-adwentu-5","status":"publish","type":"post","link":"https:\/\/mbfatimska.ovh\/index.php\/2024\/12\/21\/iv-niedziela-adwentu-5\/","title":{"rendered":"IV Niedziela adwentu"},"content":{"rendered":"<p>1.W dniu wczorajszym zako\u0144czyli\u015bmy doroczne rekolekcje adwentowe. Dzi\u0119kujemy tym, kt\u00f3rzy wzi\u0119li w nich udzia\u0142. Dzi\u0119kujemy spowiednikom za sakrament pokuty. Ci, kt\u00f3rzy nie wzi\u0119li udzia\u0142u w rekolekcjach, niech postawi\u0105 sobie pytanie: Dlaczego nie by\u0142em na rekolekcjach? Kiedy ostatnio w takich rekolekcjach wzi\u0105\u0142em udzia\u0142?<\/p>\n<p>2.Zapraszamy na ostatnie Msze \u015bwi\u0119te roratnie. W poniedzia\u0142ek i we wtorek o godzinie 6.45.<\/p>\n<p>3.We wtorek Wigilia. Tego dnia zasiadamy do wsp\u00f3lnej wieczerzy w gronie rodziny i znajomych. Pami\u0119tajmy o postnym charakterze tej wieczerzy.<\/p>\n<p>4.Tego dnia nie b\u0119dzie po po\u0142udniu Mszy \u015bwi\u0119tych o godzinie 17 i 18. Zapraszamy rano, na Msz\u0119 \u015bwi\u0119t\u0105, o godzinie 6.45.<\/p>\n<p>5.Pasterka w naszym ko\u015bciele o godzinie 24.00. Wcze\u015bniej, o godzinie 23.15, b\u0119dziemy modli\u0107 si\u0119 na r\u00f3\u017ca\u0144cu, przygotowuj\u0105c si\u0119 do Eucharystii.<\/p>\n<p>6.\u015aroda i czwartek to dni \u015bwi\u0105teczne Bo\u017cego Narodzenia. I Dnia \u015awi\u0105t zapraszamy na Msze \u015bwi\u0119te o godzinach 9.00, 11.00, 12.30 i 18.00. Nie b\u0119dzie tego dnia Mszy o godzinie 7.30. II Dnia \u015awi\u0105t uk\u0142ad Mszy \u015bwi\u0119tych wed\u0142ug porz\u0105dku niedzielnego.<\/p>\n<p>7.W pi\u0105tek, o godzinie 18.00, zostanie odprawiona Msza \u015bwi\u0119ta wypominkowa za naszych bliskich zmar\u0142ych.<\/p>\n<p>8.Przysz\u0142a niedziela to uroczysto\u015b\u0107 \u015awi\u0119tej Rodziny \u2013 Jezusa, Maryi i J\u00f3zefa. Na Msz\u0119 \u015bwi\u0119t\u0105 o godzinie 12.30, zapraszamy ma\u0142\u017ce\u0144stwa, kt\u00f3re w tym roku obchodz\u0105 swoje jubileusze ma\u0142\u017ce\u0144skie. B\u0119dzie mo\u017cliwo\u015b\u0107 odnowienia przyrzecze\u0144 sakramentu ma\u0142\u017ce\u0144stwa i przyj\u0119cia uroczystego b\u0142ogos\u0142awie\u0144stwa. Serdecznie zapraszamy.<\/p>\n<p>9.Ju\u017c dzisiaj dzi\u0119kujemy tym, kt\u00f3rzy trudzili si\u0119 przy ubieraniu choinek i sprz\u0105taniu terenu wok\u00f3\u0142 ko\u015bcio\u0142a. Dzi\u0119kujemy osobom z niepe\u0142nosprawno\u015bciami za tradycyjne dekoracje \u015bwi\u0105teczne w postaci szopki betlejemskiej. Te prace b\u0119d\u0105 jeszcze kontynuowane w poniedzia\u0142ek. Zapraszamy zatem pan\u00f3w i panie na godzin\u0119 8.00 do doko\u0144czenia porz\u0105dk\u00f3w i dekoracji.<\/p>\n<p>10.Dzi\u0119kujemy firmom elektrycznym, pana Waldemara Tobisia i Stanis\u0142awa Jaronie, za o\u015bwietlenie \u015bwi\u0105teczne terenu ko\u015bcielnego.<\/p>\n<p>11.W czwartek wydawali\u015bmy \u017cywno\u015b\u0107 dla ubo\u017cszej cz\u0119\u015bci naszego miasta. Pozosta\u0142o jeszcze kilka paczek. Je\u015bli wiemy, \u017ce obok nas mieszka ubo\u017csza rodzina, rodzina wielodzietna, samotna osoba, to zapraszamy jeszcze w poniedzia\u0142ek w godzinach 14.00-15.00 po odbi\u00f3r paczek \u017cywno\u015bciowych na \u015bwi\u0119ta.<\/p>\n<p>12. Kalendarz liturgiczny na ten tydzie\u0144: w \u015brod\u0119 \u2013 uroczysto\u015b\u0107 Narodzenia Pa\u0144skiego (Msza \u015bwi\u0119ta Pasterska we wtorek o godzinie 24.00); w czwartek \u2013 \u015bwi\u0119to \u015bwi\u0119tego Szczepana, pierwszego m\u0119czennika; w pi\u0105tek \u2013 \u015bwi\u0119to \u015bwi\u0119tego Jana, Aposto\u0142a i Ewangelisty; w sobot\u0119 &#8211;\u00a0 \u015bwi\u0119to \u015bwi\u0119tych M\u0142odziank\u00f3w, m\u0119czennik\u00f3w.<\/p>\n","protected":false},"excerpt":{"rendered":"<p>1.W dniu wczorajszym zako\u0144czyli\u015bmy doroczne rekolekcje adwentowe. Dzi\u0119kujemy tym, kt\u00f3rzy wzi\u0119li w nich udzia\u0142. Dzi\u0119kujemy spowiednikom za sakrament pokuty. Ci, kt\u00f3rzy nie wzi\u0119li udzia\u0142u w rekolekcjach, niech postawi\u0105 sobie pytanie: Dlaczego nie by\u0142em na rekolekcjach? Kiedy ostatnio w takich rekolekcjach wzi\u0105\u0142em udzia\u0142? 2.Zapraszamy na ostatnie Msze \u015bwi\u0119te roratnie. W poniedzia\u0142ek i we wtorek o godzinie [&hellip;]<\/p>\n","protected":false},"author":1,"featured_media":30657,"comment_status":"closed","ping_status":"closed","sticky":false,"template":"","format":"standard","meta":{"footnotes":""},"categories":[2,14],"tags":[],"class_list":["post-26409","post","type-post","status-publish","format-standard","has-post-thumbnail","hentry","category-aktualnosci","category-ogloszenia-parafialne"],"_links":{"self":[{"href":"https:\/\/mbfatimska.ovh\/index.php\/wp-json\/wp\/v2\/posts\/26409","targetHints":{"allow":["GET"]}}],"collection":[{"href":"https:\/\/mbfatimska.ovh\/index.php\/wp-json\/wp\/v2\/posts"}],"about":[{"href":"https:\/\/mbfatimska.ovh\/index.php\/wp-json\/wp\/v2\/types\/post"}],"author":[{"embeddable":true,"href":"https:\/\/mbfatimska.ovh\/index.php\/wp-json\/wp\/v2\/users\/1"}],"replies":[{"embeddable":true,"href":"https:\/\/mbfatimska.ovh\/index.php\/wp-json\/wp\/v2\/comments?post=26409"}],"version-history":[{"count":0,"href":"https:\/\/mbfatimska.ovh\/index.php\/wp-json\/wp\/v2\/posts\/26409\/revisions"}],"wp:featuredmedia":[{"embeddable":true,"href":"https:\/\/mbfatimska.ovh\/index.php\/wp-json\/wp\/v2\/media\/30657"}],"wp:attachment":[{"href":"https:\/\/mbfatimska.ovh\/index.php\/wp-json\/wp\/v2\/media?parent=26409"}],"wp:term":[{"taxonomy":"category","embeddable":true,"href":"https:\/\/mbfatimska.ovh\/index.php\/wp-json\/wp\/v2\/categories?post=26409"},{"taxonomy":"post_tag","embeddable":true,"href":"https:\/\/mbfatimska.ovh\/index.php\/wp-json\/wp\/v2\/tags?post=26409"}],"curies":[{"name":"wp","href":"https:\/\/api.w.org\/{rel}","templated":true}]}}