{"id":26497,"date":"2024-12-28T19:20:07","date_gmt":"2024-12-28T18:20:07","guid":{"rendered":"https:\/\/www.mbfatimska.pl\/?p=26497"},"modified":"2024-12-28T19:20:07","modified_gmt":"2024-12-28T18:20:07","slug":"niedziela-swietej-rodziny-jezusa-maryi-i-jozefa","status":"publish","type":"post","link":"https:\/\/mbfatimska.ovh\/index.php\/2024\/12\/28\/niedziela-swietej-rodziny-jezusa-maryi-i-jozefa\/","title":{"rendered":"Niedziela \u015bwi\u0119tej rodziny: Jezusa, Maryi i J\u00f3zefa"},"content":{"rendered":"<p>1.Dzisiaj, w Uroczysto\u015b\u0107 \u015bw. Rodziny: Jezusa, Maryi i J\u00f3zefa, na Mszy \u015bwi\u0119tej o godzinie 12.30, pary ma\u0142\u017ce\u0144skie prze\u017cywaj\u0105ce swoje jubileusze, b\u0119d\u0105 odnawia\u0107 swoje przyrzeczenia ma\u0142\u017ce\u0144skie oraz otrzymywa\u0107 specjalne b\u0142ogos\u0142awie\u0144stwo zwi\u0105zane z t\u0105 uroczysto\u015bci\u0105. Serdecznie zapraszamy jubilat\u00f3w.<\/p>\n<p>2.We wtorek b\u0119dziemy prze\u017cywa\u0107 ostatni dzie\u0144 roku kalendarzowego. Zapraszamy na uroczyst\u0105 Msz\u0119 \u015bwi\u0119t\u0105 o godzinie 18.00 podsumowuj\u0105c\u0105 rok 2024, a jednocze\u015bnie b\u0119dziemy, w spos\u00f3b uroczysty otwiera\u0107 drzwi naszej \u015bwi\u0105tyni na rok jubileuszowy, kt\u00f3ry zosta\u0142 og\u0142oszony przez papie\u017ca Franciszka pod has\u0142em <em>Pielgrzymi nadziei<\/em>. Papie\u017c Franciszek dokona\u0142 uroczystej inauguracji roku \u015bwi\u0119tego 2025 w Wigili\u0119 Bo\u017cego Narodzenia poprzez otwarcie drzwi jubileuszowych w Bazylice \u015bw. Piotra w Rzymie<\/p>\n<p>3.W \u015brod\u0119 Nowy Rok \u2013 Uroczysto\u015b\u0107 \u015awi\u0119tej Bo\u017cej Rodzicielki Maryi. Zapraszamy na Msze \u015bwi\u0119te o godzinie 9.00, 11.00, 12.30 i 18.00. Tego dnia nie b\u0119dzie Mszy \u015bwi\u0119tej o godzinie 7.30.<\/p>\n<p>4.Od 2 stycznia rozpoczynamy nasz\u0105 doroczn\u0105 wizyt\u0119 duszpastersk\u0105, zwan\u0105 kol\u0119d\u0105. Kol\u0119da b\u0119dzie si\u0119 odbywa\u0107 g\u0142\u00f3wnie po po\u0142udniu od poniedzia\u0142ku do pi\u0105tku \u2013 od godziny 16.00, (z wyj\u0105tkiem trzech dni 2,3 i 7 stycznia, gdzie kol\u0119da b\u0119dzie r\u00f3wnie\u017c o godzinie 9.00) oraz w soboty od godziny 9.00. W kol\u0119dzie b\u0119dzie nam, przez kilka dni, pomaga\u0142 ks. Marek Pasiuk \u2013 Pallotyn, kt\u00f3rego znamy z poprzednich kol\u0119d. B\u0119dziemy puka\u0107 do tych dom\u00f3w, kt\u00f3re przez ostatnie dwa lata nas przyjmowa\u0142y. Je\u015bli kto\u015b nowy si\u0119 sprowadzi\u0142 lub powzi\u0105\u0142 decyzj\u0119 o przyj\u0119ciu ksi\u0119dza, prosz\u0119, aby nas wyczekiwa\u0142 w wyznaczonym dniu, najlepiej uchylaj\u0105c drzwi mieszkania lub domu, gdy kap\u0142an b\u0119dzie si\u0119 zbli\u017ca\u0142. Kto nie b\u0119dzie nas przyjmowa\u0142 w wyznaczonym terminie, mo\u017ce si\u0119 um\u00f3wi\u0107 prywatnie na dogodniejszy termin, cho\u0107 b\u0119dzie r\u00f3wnie\u017c kol\u0119da dodatkowa. Ca\u0142y program kol\u0119dy jest podany na stronie internetowej naszej parafii, oraz jest wywieszony w gablocie.<\/p>\n<p>Kol\u0119da na najbli\u017csze dni:<\/p>\n<p><strong>2 stycznia \u2013 czwartek<\/strong><\/p>\n<p>Godzina 9.00<\/p>\n<ol>\n<li>Obro\u0144c\u00f3w Lwowa i ul. Jasna \u2013 1 ksi\u0105dz<\/li>\n<li>Zegrzy\u0144ska domki i PIM &#8211; 1 ksi\u0105dz<\/li>\n<\/ol>\n<p>Godzina 16.00<\/p>\n<ol>\n<li>Wolska nr parzyste od 4 do 36 \u2013 1 ksi\u0105dz<\/li>\n<li>Wolska po linii ul. Grudzie \u2013 zaczynamy od ul. Zegrzy\u0144skiej \u2013 1 ksi\u0105dz<\/li>\n<\/ol>\n<p><strong>3 stycznia \u2013 pi\u0105tek<\/strong><\/p>\n<p>Godzina 9.00<\/p>\n<p>Ul. Partyzant\u00f3w \u2013 nr parzyste \u2013 1 ksi\u0105dz<\/p>\n<p>Ul. Partyzant\u00f3w \u2013 nr nieparzyste \u2013 1 ksi\u0105dz<\/p>\n<p>Godzina 16.00<\/p>\n<p>Ul. Wolska nr parzyste od 38 do 62A \u2013 1 ksi\u0105dz<\/p>\n<p><strong>4 stycznia \u2013 sobota<\/strong><\/p>\n<p>Godzina 9.00<\/p>\n<p>Ul. Wolska nr parzyste od 64 do ko\u0144ca \u2013 1 ksi\u0105dz<\/p>\n<p>Ul. Wolska nr nieparzyste od 3A do 27 i ul. Malinowa \u2013 1 ksi\u0105dz<\/p>\n<p><strong>\u00a0<\/strong><\/p>\n<p><strong>Tydzie\u0144 6 stycznia \u2013 12 stycznia<\/strong><\/p>\n<p><strong>\u00a0<\/strong><\/p>\n<p><strong>7 stycznia \u2013 wtorek<\/strong><\/p>\n<p>Godzina 9.00<\/p>\n<p>Ul. Dolna \u2013 1 ksi\u0105dz<\/p>\n<p>Godzina 16.00<\/p>\n<p>Ul. Wolska nr nieparzyste od 31 do 57A \u2013 1 ksi\u0105dz<\/p>\n<p>Ul. \u0141okietka \u2013 1 ksi\u0105dz<\/p>\n<p><strong>8 stycznia \u2013 \u015broda<\/strong><\/p>\n<p>Godzina 16.00<\/p>\n<p>Ul. Wolska nr nieparzyste od 59 do 85 \u2013 1 ksi\u0105dz<\/p>\n<p>Ul. Wolska nr nieparzyste od 87 do ko\u0144ca \u2013 1 ksi\u0105dz<\/p>\n<p><strong>9 stycznia \u2013 czwartek<\/strong><\/p>\n<p>Godzina 16.00<\/p>\n<p>Ul. Piaskowa 4 \u2013 1 ksi\u0105dz<\/p>\n<p>Ul. Piaskowa 6 \u2013 1 ksi\u0105dz<\/p>\n<p>Ul. Wi\u015bniowa a od 17.00 ul. Kwiatowa \u2013 1 ksi\u0105dz<\/p>\n<p><strong>10 stycznia \u2013 pi\u0105tek<\/strong><\/p>\n<p>Godzina 16.00<\/p>\n<p>Ul. Piaskowa 8 i od 17.30 Piaskowa 10 \u2013 1 ksi\u0105dz<\/p>\n<p>Ul. Piaskowa 12 \u2013 1 ksi\u0105dz<\/p>\n<p>Ul. Go\u015bcinna \u2013 1 ksi\u0105dz<\/p>\n<p><strong>11 stycznia \u2013 sobota<\/strong><\/p>\n<p>Godzina 9.00<\/p>\n<p>Ul. \u0141\u0105kowa nr parzyste \u2013 1 ksi\u0105dz<\/p>\n<p>Ul. \u0141\u0105kowa nr nieparzyste wraz z przyleg\u0142ymi ulicami \u2013 1 ksi\u0105dz<\/p>\n<p>Link do pe\u0142nego harmonogramu -&gt;<a href=\"https:\/\/www.mbfatimska.pl\/wizyta-duszpasterska-2024-2025-koleda\/\">KLIKNIJ TUTAJ<\/a><\/p>\n<p>5.W czasie kol\u0119dy, w miesi\u0105cu styczniu, ulegn\u0105 zmianie godziny urz\u0119dowania kancelarii parafialnej. Zapraszamy od poniedzia\u0142ku do \u015brody od 8.00 do 8.30 i w soboty od 16.00 do 16.45. Ulegaj\u0105 tak\u017ce zmianie godziny sprawowanych Mszy \u015bwi\u0119tych. Od poniedzia\u0142ku do pi\u0105tku o 7.30 i 18.00. Nie b\u0119dzie Mszy \u015bwi\u0119tej o godzinie 17.00. W sobot\u0119 i niedziel\u0119 bez zmian.<\/p>\n<p>6.W tym tygodniu przypada:<\/p>\n<p>I czwartek miesi\u0105ca \u2013 po Mszy \u015bwi\u0119tej o godzinie 18.00, wystawienie Naj\u015bwi\u0119tszego Sakramentu, modlitwa Koronk\u0105 do Bo\u017cego Mi\u0142osierdzia i mo\u017cliwo\u015b\u0107 adoracji do godziny 21.00.<\/p>\n<p>I pi\u0105tek miesi\u0105ca \u2013 spowied\u017a od 7.15 do 7.45 i po po\u0142udniu od 17.30 do 19.00<\/p>\n<p>I sobota miesi\u0105ca \u2013 po Mszy \u015bwi\u0119tej o godzinie 18.00 wystawienie Naj\u015bwi\u0119tszego Sakramentu i nabo\u017ce\u0144stwo Wynagradzaj\u0105ce Niepokalanemu Sercu NMP, kt\u00f3re trwa\u0107 b\u0119dzie do godziny 20.15.<\/p>\n<p>I niedziela miesi\u0105ca \u2013 po Mszy \u015bwi\u0119tej o godzinie 12.30, wystawienie Naj\u015bwi\u0119tszego Sakramentu i mo\u017cliwo\u015b\u0107 adoracji do godziny 17.45<\/p>\n<p>7.W pi\u0105tek, o godzinie 19.00, konferencja dla rodzic\u00f3w przed chrztem dziecka, kt\u00f3re b\u0119dzie ochrzczone w naszej parafii, b\u0105d\u017a b\u0119dzie brana zgoda do innej parafii, oraz dla kandydat\u00f3w na rodzic\u00f3w chrzestnych<\/p>\n<p>8.W niedziel\u0119, 12 stycznia, na Mszy \u015bwi\u0119tej o godzinie 18.00, wyst\u0105pi ch\u00f3r <em>Deo Omnis Gloria<\/em> z parafii MB Zwyci\u0119skiej z Warszawy-Rembertowa, kt\u00f3ry obchodzi\u0142 w ubieg\u0142ym roku jubileusz 25-lecia istnienia. Nasi go\u015bcie zapewni\u0105 opraw\u0119 Mszy \u015bwi\u0119tej a nast\u0119pnie, po Eucharystii, zapraszaj\u0105 nas na koncert kol\u0119d i pastora\u0142ek. Serdecznie zapraszamy.<\/p>\n<p>9.Kalendarz liturgiczny na ten tydzie\u0144: w \u015brod\u0119 \u2013 Uroczysto\u015b\u0107 \u015awi\u0119tej Bo\u017cej Rodzicielki Maryi; w czwartek \u2013 wspomnienie \u015awi\u0119tych Bazylego Wielkiego I Grzegorza z Nazjanzu, biskup\u00f3w i Doktor\u00f3w Ko\u015bcio\u0142a.<\/p>\n","protected":false},"excerpt":{"rendered":"<p>1.Dzisiaj, w Uroczysto\u015b\u0107 \u015bw. Rodziny: Jezusa, Maryi i J\u00f3zefa, na Mszy \u015bwi\u0119tej o godzinie 12.30, pary ma\u0142\u017ce\u0144skie prze\u017cywaj\u0105ce swoje jubileusze, b\u0119d\u0105 odnawia\u0107 swoje przyrzeczenia ma\u0142\u017ce\u0144skie oraz otrzymywa\u0107 specjalne b\u0142ogos\u0142awie\u0144stwo zwi\u0105zane z t\u0105 uroczysto\u015bci\u0105. Serdecznie zapraszamy jubilat\u00f3w. 2.We wtorek b\u0119dziemy prze\u017cywa\u0107 ostatni dzie\u0144 roku kalendarzowego. Zapraszamy na uroczyst\u0105 Msz\u0119 \u015bwi\u0119t\u0105 o godzinie 18.00 podsumowuj\u0105c\u0105 rok 2024, [&hellip;]<\/p>\n","protected":false},"author":1,"featured_media":30657,"comment_status":"closed","ping_status":"closed","sticky":false,"template":"","format":"standard","meta":{"footnotes":""},"categories":[2,14],"tags":[],"class_list":["post-26497","post","type-post","status-publish","format-standard","has-post-thumbnail","hentry","category-aktualnosci","category-ogloszenia-parafialne"],"_links":{"self":[{"href":"https:\/\/mbfatimska.ovh\/index.php\/wp-json\/wp\/v2\/posts\/26497","targetHints":{"allow":["GET"]}}],"collection":[{"href":"https:\/\/mbfatimska.ovh\/index.php\/wp-json\/wp\/v2\/posts"}],"about":[{"href":"https:\/\/mbfatimska.ovh\/index.php\/wp-json\/wp\/v2\/types\/post"}],"author":[{"embeddable":true,"href":"https:\/\/mbfatimska.ovh\/index.php\/wp-json\/wp\/v2\/users\/1"}],"replies":[{"embeddable":true,"href":"https:\/\/mbfatimska.ovh\/index.php\/wp-json\/wp\/v2\/comments?post=26497"}],"version-history":[{"count":0,"href":"https:\/\/mbfatimska.ovh\/index.php\/wp-json\/wp\/v2\/posts\/26497\/revisions"}],"wp:featuredmedia":[{"embeddable":true,"href":"https:\/\/mbfatimska.ovh\/index.php\/wp-json\/wp\/v2\/media\/30657"}],"wp:attachment":[{"href":"https:\/\/mbfatimska.ovh\/index.php\/wp-json\/wp\/v2\/media?parent=26497"}],"wp:term":[{"taxonomy":"category","embeddable":true,"href":"https:\/\/mbfatimska.ovh\/index.php\/wp-json\/wp\/v2\/categories?post=26497"},{"taxonomy":"post_tag","embeddable":true,"href":"https:\/\/mbfatimska.ovh\/index.php\/wp-json\/wp\/v2\/tags?post=26497"}],"curies":[{"name":"wp","href":"https:\/\/api.w.org\/{rel}","templated":true}]}}