{"id":26631,"date":"2025-01-04T19:31:54","date_gmt":"2025-01-04T18:31:54","guid":{"rendered":"https:\/\/www.mbfatimska.pl\/?p=26631"},"modified":"2026-02-13T12:48:39","modified_gmt":"2026-02-13T12:48:39","slug":"ii-niedziela-po-narodzeniu-panskim","status":"publish","type":"post","link":"https:\/\/mbfatimska.ovh\/index.php\/2025\/01\/04\/ii-niedziela-po-narodzeniu-panskim\/","title":{"rendered":"II Niedziela po Narodzeniu Pa\u0144skim"},"content":{"rendered":"<div class=\"post-excerpt\">\n<p>1.Jutro w Ko\u015bciele b\u0119dziemy obchodzi\u0107 Uroczysto\u015b\u0107 Objawienia Pa\u0144skiego, popularnie nazywan\u0105 \u015awi\u0119tem Trzech Kr\u00f3li. Zapraszamy na Msze \u015bwi\u0119te, kt\u00f3re b\u0119d\u0105 sprawowane w porz\u0105dku niedzielnym. Podczas ka\u017cdej Mszy \u015bwi\u0119tej, obrz\u0119d po\u015bwi\u0119cenia kadzid\u0142a i kredy. Ofiary sk\u0142adane za kred\u0119 i kadzid\u0142o b\u0119d\u0105 przeznaczone na cele misyjne Ko\u015bcio\u0142a.<\/p>\n<p>2.Jeszcze dzisiaj, r racji I niedzieli miesi\u0105ca, po Mszy \u015bwi\u0119tej o godzinie 12.30, wystawienie Naj\u015bwi\u0119tszego Sakramentu i mo\u017cliwo\u015b\u0107 adoracji do godziny 17.45.<\/p>\n<p>3.Przypominamy, \u017ce przez miesi\u0105c stycze\u0144, ulegaj\u0105 zmianie godziny urz\u0119dowania kancelarii parafialnej. Zapraszamy w dni powszednie, od poniedzia\u0142ku do \u015brody w godzinach 8.00 \u2013 8.30, w soboty 16.00 \u2013 16.45. R\u00f3wnie\u017c w styczniu s\u0105 inne godziny sprawowanych Mszy \u015bwi\u0119tych. Od poniedzia\u0142ku do pi\u0105tku o 7.30 i 18.00. Nie ma Mszy \u015bwi\u0119tej o godzinie 17.00. W soboty i niedziele Msze \u015bwi\u0119te s\u0105 odprawiane bez zmian.<\/p>\n<p>4.W przysz\u0142\u0105 niedziel\u0119 ks. Arkadiusz b\u0119dzie obchodzi\u0142 dzie\u0144 swoich imienin. Na Mszach \u015bwi\u0119tych do po\u0142udnia, przedstawiciele grup parafialnych b\u0119d\u0105 sk\u0142ada\u0107 ksi\u0119dzu Arkadiuszowi najserdeczniejsze \u017cyczenia, dzi\u0119kuj\u0105c zw\u0142aszcza za jego nieocenion\u0105 pos\u0142ug\u0119 w naszej parafii.<\/p>\n<p>5.R\u00f3wnie\u017c, w przysz\u0142\u0105 niedziel\u0119, na Mszy \u015bwi\u0119tej o godzinie 18.00, wyst\u0105pi ch\u00f3r Deo Omnis Gloria z parafii Matki Boskiej Zwyci\u0119skiej z Warszawy-Rembertowa. Ch\u00f3r zapewni opraw\u0119 Mszy \u015bwi\u0119tej, a po niej, zaprasza nas na koncert kol\u0119d i pastora\u0142ek.<\/p>\n<p>6.W nast\u0119pn\u0105 niedziel\u0119, po Mszy \u015bwi\u0119tej o godzinie 11.00, odb\u0119dzie si\u0119 podsumowanie uczestnictwa dzieci w roratach. Dzieci na spotkanie przynosz\u0105 plansz\u0119 z naklejkami roratnimi. Dla najbardziej wytrwa\u0142ych przewidziane s\u0105 nagrody.<\/p>\n<p>7.Za tydzie\u0144 w niedziel\u0119, na godzin\u0119 10.25, zapraszamy dzieci klas III SP na kolejn\u0105 katechez\u0119 przed uroczysto\u015bci\u0105 I Komunii \u015bwi\u0119tej.<\/p>\n<p>8.W miesi\u0105cu wrze\u015bniu pragniemy zorganizowa\u0107 pielgrzymk\u0119 do Francji ze zwiedzaniem Pary\u017ca i sanktuari\u00f3w centralnej Francji. Osoby zainteresowane zapraszamy na spotkanie informacyjne w przysz\u0142\u0105 niedziel\u0119 na godzin\u0119 17.00 do0 salki pod zakrysti\u0105.<\/p>\n<p>9.R\u00f3wnie\u017c w nast\u0119pn\u0105 niedziel\u0119, na godzin\u0119 16.00, do salki pod zakrysti\u0105, zapraszamy m\u0142odzie\u017c przygotowuj\u0105c\u0105 si\u0119 do sakramentu bierzmowania na kolejn\u0105 katechez\u0119.<\/p>\n<p>10.We wtorek, w godzinach 19-21 w budynku Centrum Wsparcia Fizycznego zapraszamy na bezp\u0142atne porady prawnicze.<\/p>\n<p>11.R\u00f3wnie\u017c we wtorek, o godzinie 19.00, w ko\u015bciele, odb\u0119dzie si\u0119 spotkanie formacyjno-informacyjne dla rodzic\u00f3w dzieci przygotowuj\u0105cych si\u0119 do I Komunii \u015bwi\u0119tej.<\/p>\n<p>12.Trwa kol\u0119da. Dzi\u0119kujemy tym, kt\u00f3rych drzwi dom\u00f3w i mieszka\u0144 s\u0105 otwarte dla ksi\u0119dza. Dzi\u0119kujemy za mi\u0142\u0105 atmosfer\u0119, wsp\u00f3ln\u0105 modlitw\u0119, cz\u0119sto za pocz\u0119stunek i z\u0142o\u017cone ofiary na potrzeby parafii. W tym tygodniu, do przysz\u0142ego wtorku, pragniemy odwiedzi\u0107 mieszka\u0144c\u00f3w zamieszka\u0142ych przy nast\u0119puj\u0105cych ulicach: <strong>7 stycznia \u2013 wtorek<\/strong>: Godzina 9.00 &#8211; Ul. Dolna \u2013 1 ksi\u0105dz; Godzina 16.00 &#8211; Ul. Wolska nr nieparzyste od 31 do 57A \u2013 1 ksi\u0105dz i Ul. \u0141okietka \u2013 1 ksi\u0105dz; <strong>8 stycznia \u2013 \u015broda:<\/strong> Godzina 16.00 &#8211; Ul. Wolska nr nieparzyste od 59 do 85 \u2013 1 ksi\u0105dz i Ul. Wolska nr nieparzyste od 87 do ko\u0144ca \u2013 1 ksi\u0105dz; <strong>9 stycznia \u2013 czwartek:<\/strong> Godzina 16.00 &#8211; Ul. Piaskowa 4 \u2013 1 ksi\u0105dz, Ul. Piaskowa 3 i 6 \u2013 1 ksi\u0105dz, Ul. Wi\u015bniowa a od 17.00 ul. Kwiatowa \u2013 1 ksi\u0105dz; <strong>10 stycznia \u2013 pi\u0105tek<\/strong>: Godzina 16.00 &#8211; Ul. Piaskowa 8 i od 17.30 Piaskowa 10 \u2013 1 ksi\u0105dz, Ul. Piaskowa 12 \u2013 1 ksi\u0105dz, Ul. Go\u015bcinna \u2013 1 ksi\u0105dz; <strong>11 stycznia \u2013 sobota<\/strong>: Godzina 9.00 &#8211; Ul. \u0141\u0105kowa nr parzyste \u2013 1 ksi\u0105dz i Ul. \u0141\u0105kowa nr nieparzyste wraz z przyleg\u0142ymi ulicami \u2013 1 ksi\u0105dz; <strong>13 stycznia \u2013 poniedzia\u0142ek<\/strong>: Godzina 16.00 &#8211; Ul. Grudzie nr parzyste od ul. Zegrzy\u0144skiej do wodoci\u0105g\u00f3wki \u2013 1 ksi\u0105dz, Ul. Grudzie nr parzyste od wodoci\u0105g\u00f3wki do nr 70A \u2013 1 ksi\u0105dz, Ul. Grudzie nr parzyste od 72 do ko\u0144ca \u2013 1 ksi\u0105dz; <strong>14 stycznia \u2013 wtorek<\/strong>: Godzina 16.00 &#8211; Ul. Radosna i od 17.30 ul. Wsp\u00f3lna \u2013 1 ksi\u0105dz, Ul. Grudzie nr nieparzyste od 1 do 41B wraz z ul. Poln\u0105 ze Stanis\u0142awowa II -1 ksi\u0105dz, Ul. Grudzie nieparzyste od 45 do ko\u0144ca, ale bez dom\u00f3w z ul. Grudzie przy osiedlu na ul. Wymarzonej.<\/p>\n<\/div>\n","protected":false},"excerpt":{"rendered":"<p>1.Jutro w Ko\u015bciele b\u0119dziemy obchodzi\u0107 Uroczysto\u015b\u0107 Objawienia Pa\u0144skiego, popularnie nazywan\u0105 \u015awi\u0119tem Trzech Kr\u00f3li. Zapraszamy na Msze \u015bwi\u0119te, kt\u00f3re b\u0119d\u0105 sprawowane w porz\u0105dku niedzielnym. Podczas ka\u017cdej Mszy \u015bwi\u0119tej, obrz\u0119d po\u015bwi\u0119cenia kadzid\u0142a i kredy. Ofiary sk\u0142adane za kred\u0119 i kadzid\u0142o b\u0119d\u0105 przeznaczone na cele misyjne Ko\u015bcio\u0142a. 2.Jeszcze dzisiaj, r racji I niedzieli miesi\u0105ca, po Mszy \u015bwi\u0119tej o [&hellip;]<\/p>\n","protected":false},"author":1,"featured_media":30657,"comment_status":"closed","ping_status":"closed","sticky":false,"template":"","format":"standard","meta":{"footnotes":""},"categories":[2,14],"tags":[],"class_list":["post-26631","post","type-post","status-publish","format-standard","has-post-thumbnail","hentry","category-aktualnosci","category-ogloszenia-parafialne"],"_links":{"self":[{"href":"https:\/\/mbfatimska.ovh\/index.php\/wp-json\/wp\/v2\/posts\/26631","targetHints":{"allow":["GET"]}}],"collection":[{"href":"https:\/\/mbfatimska.ovh\/index.php\/wp-json\/wp\/v2\/posts"}],"about":[{"href":"https:\/\/mbfatimska.ovh\/index.php\/wp-json\/wp\/v2\/types\/post"}],"author":[{"embeddable":true,"href":"https:\/\/mbfatimska.ovh\/index.php\/wp-json\/wp\/v2\/users\/1"}],"replies":[{"embeddable":true,"href":"https:\/\/mbfatimska.ovh\/index.php\/wp-json\/wp\/v2\/comments?post=26631"}],"version-history":[{"count":1,"href":"https:\/\/mbfatimska.ovh\/index.php\/wp-json\/wp\/v2\/posts\/26631\/revisions"}],"predecessor-version":[{"id":40086,"href":"https:\/\/mbfatimska.ovh\/index.php\/wp-json\/wp\/v2\/posts\/26631\/revisions\/40086"}],"wp:featuredmedia":[{"embeddable":true,"href":"https:\/\/mbfatimska.ovh\/index.php\/wp-json\/wp\/v2\/media\/30657"}],"wp:attachment":[{"href":"https:\/\/mbfatimska.ovh\/index.php\/wp-json\/wp\/v2\/media?parent=26631"}],"wp:term":[{"taxonomy":"category","embeddable":true,"href":"https:\/\/mbfatimska.ovh\/index.php\/wp-json\/wp\/v2\/categories?post=26631"},{"taxonomy":"post_tag","embeddable":true,"href":"https:\/\/mbfatimska.ovh\/index.php\/wp-json\/wp\/v2\/tags?post=26631"}],"curies":[{"name":"wp","href":"https:\/\/api.w.org\/{rel}","templated":true}]}}