{"id":26639,"date":"2025-01-11T19:12:53","date_gmt":"2025-01-11T18:12:53","guid":{"rendered":"https:\/\/www.mbfatimska.pl\/?p=26639"},"modified":"2026-02-13T12:40:22","modified_gmt":"2026-02-13T12:40:22","slug":"niedziela-chrztu-panskiego-12-stycznia","status":"publish","type":"post","link":"https:\/\/mbfatimska.ovh\/index.php\/2025\/01\/11\/niedziela-chrztu-panskiego-12-stycznia\/","title":{"rendered":"Niedziela Chrztu Pa\u0144skiego &#8211; 12 stycznia"},"content":{"rendered":"<div class=\"post-excerpt\">\n<p>1.Dzisiejsz\u0105 niedziel\u0105 ko\u0144czymy kr\u00f3tki cho\u0107 bardzo radosny okres Bo\u017cego Narodzenia. Choinki i szopka, kol\u0119dy mimo, \u017ce ko\u0144czymy okres Bo\u017cego Narodzenia, to jednak zostaj\u0105 z nami do Uroczysto\u015bci Ofiarowania Pa\u0144skiego, czyli do 2 lutego.<\/p>\n<p>2.Jeszcze dzisiaj odb\u0119d\u0105 si\u0119 nast\u0119puj\u0105ce spotkania: o 10.25 \u2013 katecheza dla dzieci klas III SP przed I Komuni\u0105 \u015bwi\u0119t\u0105; o 12.00 \u2013 dla dzieci, kt\u00f3re bra\u0142y udzia\u0142 w roratach; o 16.00 \u2013 dla m\u0142odzie\u017cy przygotowuj\u0105cej si\u0119 do sakramentu bierzmowania; o 17.00 \u2013 dla os\u00f3b zainteresowanych pielgrzymk\u0105 do Francji w po\u0142owie wrze\u015bnia.<\/p>\n<p>3.R\u00f3wnie\u017c dzisiaj, na Mszy \u015bwi\u0119tej o godzinie 18.00, wyst\u0105pi Ch\u00f3r z parafii Matki Boskiej Zwyci\u0119skiej z Warszawy-Rembertowa. Po Mszy \u015bwi\u0119tej, nasi go\u015bcie, dadz\u0105 koncert kol\u0119d i pastora\u0142ek. Serdecznie zapraszamy.<\/p>\n<p>4.Jutro, o godzinie 7.30, zostanie odprawiona Msza \u015bwi\u0119ta w intencji firm dzia\u0142aj\u0105cych na legionowskim rynku, w intencji w\u0142a\u015bcicieli, pracownik\u00f3w i ich rodzin.<\/p>\n<p>5.W poniedzia\u0142ek, w budynku Centrum Wsparcia Fizycznego, w godzinach 18-20, zapraszamy na darmowe porady psychologiczne dla dzieci i doros\u0142ych w zakresie: rodzicom w kryzysie oko\u0142orozwodowym (np. psychoedukacja i psychoprofilaktyka dotycz\u0105ca zespo\u0142u alienacji rodzicielskiej), rodzicom do\u015bwiadczaj\u0105cym trudno\u015bci w relacjach z dzie\u0107mi (np. trudno\u015bci w komunikacji, rozwi\u0105zywanie konflikt\u00f3w, stawianie granic, stosowanie nagr\u00f3d i kar), rodzicom dzieci z r\u00f3\u017cnymi trudno\u015bciami, problemami (np. uzale\u017cnienia behawioralne, konflikty r\u00f3wie\u015bnicze, my\u015bli samob\u00f3jcze, samookaleczenia bez intencji samob\u00f3jczej, l\u0119ki dzieci\u0119ce, niskie poczucie w\u0142asnej warto\u015bci), rodzicom dysfunkcyjnym (np. parentyfikacja), osobom w trudnych sytuacjach \u017cyciowych, kryzysach.<\/p>\n<p>6.We wtorek, w budynku Centrum Wsparcia Fizycznego, b\u0119d\u0105 udzielane, w godzinach 19-21, darmowe porady prawne. W przysz\u0142\u0105 niedziel\u0119, o godzinie 17.00, w salce pod zakrysti\u0105, odb\u0119dzie si\u0119 spotkanie dla m\u0142odzie\u017cy i innych wolontariuszy, kt\u00f3rzy w grudniu brali udzia\u0142 w zbi\u00f3rce \u017cywno\u015bci w Biedronce i Kauflandzie z my\u015bl\u0105 o biedniejszej cz\u0119\u015bci naszych mieszka\u0144c\u00f3w.<\/p>\n<p>7.R\u00f3wnie\u017c za tydzie\u0144, o godzinie 10.25 odb\u0119dzie si\u0119 katecheza dla dzieci klas IV SP przed rocznic\u0105 I Komunii \u015bwi\u0119tej.<\/p>\n<p>8.W okresie wakacji w dniach 29 czerwca \u2013 5 lipca, , organizujemy tygodniowy wyjazd wakacyjny dla dzieci i m\u0142odzie\u017cy do Szklarskiej Por\u0119by ze zwiedzaniem Pragi Czeskiej. Zapraszamy na spotkanie informacyjne w przysz\u0142\u0105 niedziel\u0119 na godzin\u0119 19.00 do ko\u015bcio\u0142a.<\/p>\n<p>9.19 stycznia, tj. w niedziel\u0119, zapraszamy na kolejne nabo\u017ce\u0144stwo do \u015bw. J\u00f3zefa, patrona rodzin i ma\u0142\u017ce\u0144stw. O godzinie 17.45 rozpoczn\u0105 si\u0119 modlitwy do opiekuna rodzin, a p\u00f3\u017aniej zostanie odprawiona Msza \u015bwi\u0119ta.<\/p>\n<p>10. W dniach 18-25 stycznia b\u0119dziemy obchodzili w Ko\u015bciele Tydzie\u0144 Modlitw o Jedno\u015b\u0107 Chrze\u015bcijan. Pro\u015bmy w naszych modlitwach by chrze\u015bcijanie na ca\u0142ym \u015bwiecie chcieli wsp\u00f3lnie i\u015b\u0107 za Jezusem Chrystusem w duchu wzajemnego szacunku i ch\u0119ci dialogu.<\/p>\n<p>11.W tym tygodniu z kol\u0119d\u0105 odwiedzimy mieszka\u0144c\u00f3w zamieszka\u0142ych przy nast\u0119puj\u0105cych ulicach: <strong>13 stycznia \u2013 poniedzia\u0142ek<\/strong> &#8211; Godzina 16.00 &#8211; Ul. Grudzie nr parzyste od ul. Zegrzy\u0144skiej do wodoci\u0105g\u00f3wki \u2013 1 ksi\u0105dz; Ul. Grudzie nr parzyste od wodoci\u0105g\u00f3wki do nr 70A \u2013 1 ksi\u0105dz; Ul. Grudzie nr parzyste od 72 do ko\u0144ca \u2013 1 ksi\u0105dz; <strong>14 stycznia \u2013 wtorek<\/strong> &#8211; Godzina 16.00 &#8211; Ul. Radosna i od 17.30 ul. Wsp\u00f3lna \u2013 1 ksi\u0105dz; Ul. Grudzie nr nieparzyste od 1 do 41B wraz z ul. Poln\u0105 ze Stanis\u0142awowa II -1 ksi\u0105dz; Ul. Grudzie nieparzyste od 45 do ko\u0144ca, ale bez dom\u00f3w z ul. Grudzie przy osiedlu na ul. Wymarzonej \u2013 1 ksi\u0105dz; <strong>15 stycznia \u2013 \u015broda &#8211; <\/strong>Godzina 16.00 &#8211; Ul. Wymarzona wraz z domami nale\u017c\u0105cymi do ul. Grudzie w s\u0105siedztwie osiedla (ul. Grudzie 41C,D,E,F,G,H,K,L i N, 43B,C,D, 51, D, E,F,G,H) &#8211; 1 ksi\u0105dz; Ul. Orl\u0105t Lwowskich i ul. Tatrza\u0144ska i ul. Kr\u0119ta\u20141 ksi\u0105dz; Ul. W\u0105ska 81 i od 18.00 ul. Stru\u017ca\u0144ska 2D \u2013 1 ksi\u0105dz; <strong>16 stycznia \u2013 czwartek &#8211; <\/strong>Od 16.00 ul. Stru\u017ca\u0144ska 2E &#8211; I klatka \u2013 2 ksi\u0119\u017cy \u2013 jeden zaczyna od do\u0142u a drugi od g\u00f3ry; Od 17.30 \u2013 ul. Krakusa\u20141 ksi\u0105dz; <strong>17 stycznia \u2013 pi\u0105tek &#8211; <\/strong>Od 16.00 \u2013 ul. Stru\u017ca\u0144ska 2E \u2013 II klatka \u2013 2 ksi\u0119\u017cy \u2013 jeden zaczyna od g\u00f3ry a drugi od do\u0142u; Od 16.00 \u2013 ul. W\u0105ska nr parzyste i ul. Balonowa\u20141 ksi\u0105dz; <strong>18 stycznia \u2013 sobota &#8211; <\/strong>Godzina 9.00 &#8211; Ul. Polna nr parzyste (zaczynamy od tor\u00f3w) &#8211; 1 ksi\u0105dz; Ul. Polna nr nieparzyste (zaczynamy od tor\u00f3w) &#8211; 1 ksi\u0105dz; <strong>20 stycznia \u2013 poniedzia\u0142ek &#8211; <\/strong>Godzina 16.00 &#8211; Ul. W\u0105ska \u2013 domki (numery nieparzyste) &#8211; 1 ksi\u0105dz; Ul. Roi 2 i 2A \u2013 2 ksi\u0119\u017cy; <strong>21 stycznia \u2013 wtorek &#8211; <\/strong>Godzina 16.00 &#8211; Ul. Roi 4, 6, 8 \u2013 1 ksi\u0105dz; Ul. Roi 10, 12 \u2013 1 ksi\u0105dz; Ul. A. Wilcza \u2013 1 ksi\u0105dz.<\/p>\n<\/div>\n","protected":false},"excerpt":{"rendered":"<p>1.Dzisiejsz\u0105 niedziel\u0105 ko\u0144czymy kr\u00f3tki cho\u0107 bardzo radosny okres Bo\u017cego Narodzenia. Choinki i szopka, kol\u0119dy mimo, \u017ce ko\u0144czymy okres Bo\u017cego Narodzenia, to jednak zostaj\u0105 z nami do Uroczysto\u015bci Ofiarowania Pa\u0144skiego, czyli do 2 lutego. 2.Jeszcze dzisiaj odb\u0119d\u0105 si\u0119 nast\u0119puj\u0105ce spotkania: o 10.25 \u2013 katecheza dla dzieci klas III SP przed I Komuni\u0105 \u015bwi\u0119t\u0105; o 12.00 \u2013 [&hellip;]<\/p>\n","protected":false},"author":1,"featured_media":30657,"comment_status":"closed","ping_status":"closed","sticky":false,"template":"","format":"standard","meta":{"footnotes":""},"categories":[2,14],"tags":[],"class_list":["post-26639","post","type-post","status-publish","format-standard","has-post-thumbnail","hentry","category-aktualnosci","category-ogloszenia-parafialne"],"_links":{"self":[{"href":"https:\/\/mbfatimska.ovh\/index.php\/wp-json\/wp\/v2\/posts\/26639","targetHints":{"allow":["GET"]}}],"collection":[{"href":"https:\/\/mbfatimska.ovh\/index.php\/wp-json\/wp\/v2\/posts"}],"about":[{"href":"https:\/\/mbfatimska.ovh\/index.php\/wp-json\/wp\/v2\/types\/post"}],"author":[{"embeddable":true,"href":"https:\/\/mbfatimska.ovh\/index.php\/wp-json\/wp\/v2\/users\/1"}],"replies":[{"embeddable":true,"href":"https:\/\/mbfatimska.ovh\/index.php\/wp-json\/wp\/v2\/comments?post=26639"}],"version-history":[{"count":2,"href":"https:\/\/mbfatimska.ovh\/index.php\/wp-json\/wp\/v2\/posts\/26639\/revisions"}],"predecessor-version":[{"id":40085,"href":"https:\/\/mbfatimska.ovh\/index.php\/wp-json\/wp\/v2\/posts\/26639\/revisions\/40085"}],"wp:featuredmedia":[{"embeddable":true,"href":"https:\/\/mbfatimska.ovh\/index.php\/wp-json\/wp\/v2\/media\/30657"}],"wp:attachment":[{"href":"https:\/\/mbfatimska.ovh\/index.php\/wp-json\/wp\/v2\/media?parent=26639"}],"wp:term":[{"taxonomy":"category","embeddable":true,"href":"https:\/\/mbfatimska.ovh\/index.php\/wp-json\/wp\/v2\/categories?post=26639"},{"taxonomy":"post_tag","embeddable":true,"href":"https:\/\/mbfatimska.ovh\/index.php\/wp-json\/wp\/v2\/tags?post=26639"}],"curies":[{"name":"wp","href":"https:\/\/api.w.org\/{rel}","templated":true}]}}