{"id":26690,"date":"2025-01-18T19:28:36","date_gmt":"2025-01-18T18:28:36","guid":{"rendered":"https:\/\/www.mbfatimska.pl\/?p=26690"},"modified":"2026-02-13T12:31:54","modified_gmt":"2026-02-13T12:31:54","slug":"ii-niedziela-zwykla-5","status":"publish","type":"post","link":"https:\/\/mbfatimska.ovh\/index.php\/2025\/01\/18\/ii-niedziela-zwykla-5\/","title":{"rendered":"II Niedziela Zwyk\u0142a"},"content":{"rendered":"<p>1.Prze\u017cywamy kolejny tydzie\u0144 modlitw o jedno\u015b\u0107 chrze\u015bcijan, kt\u00f3ry rozpocz\u0119li\u015bmy w dniu wczorajszym. Pami\u0119tajmy w naszych modlitwach, aby wype\u0142ni\u0107 pro\u015bb\u0119 Chrystusa \u2013 \u201eSpraw Ojcze, aby stanowili jedno\u201d.<\/p>\n<p>2.Jeszcze dzisiaj, o godzinie 17.45, zapraszamy na nabo\u017ce\u0144stwo do \u015bw. J\u00f3zefa, patrona ma\u0142\u017ce\u0144stw i rodzin.<\/p>\n<p>3.R\u00f3wnie\u017c dzisiaj odb\u0119d\u0105 si\u0119 nast\u0119puj\u0105ce spotkania: o 10.25 \u2013 dla dzieci klas IV SP przed rocznic\u0105 I Komunii \u015bwi\u0119tej; o 17.00 \u2013 dla wolontariuszy, kt\u00f3rzy w grudniu uczestniczyli w zbi\u00f3rce \u017cywno\u015bci z my\u015bl\u0105 o ubo\u017cszej cz\u0119\u015bci naszych mieszka\u0144c\u00f3w; o 19.00 \u2013 dla rodzic\u00f3w dzieci zainteresowanych wakacyjnym wyjazdem do Szklarskiej Por\u0119by i Pragi Czeskiej.<\/p>\n<p>4.We wtorek, obchodzi\u0107 b\u0119dziemy Dzie\u0144 Babci a w \u015brod\u0119 Dzie\u0144 Dziadka. Wszystkim seniorom \u2013 babciom i dziadkom, sk\u0142adamy najserdeczniejsze \u017cyczenia, zw\u0142aszcza zdrowia i Bo\u017cego b\u0142ogos\u0142awie\u0144stwa.<\/p>\n<p>5.W \u015brod\u0119, 22 stycznia, zapraszamy na kolejne nabo\u017ce\u0144stwo do \u015bw. Rity, patronki spraw trudnych i beznadziejnych. O godzinie 18.00 zostanie odprawiona Msza \u015bwi\u0119ta, w trakcie kt\u00f3rej zostan\u0105 po\u015bwi\u0119cone r\u00f3\u017ce. Po Mszy \u015bwi\u0119tej wsp\u00f3lne modlitwy do patronki trudnych spraw.<\/p>\n<p>6.W czwartek, w budynku Centrum Wsparcia Fizycznego, w godzinach 17-18, b\u0119dzie mo\u017cna skorzysta\u0107 z darmowych konsultacji logopedycznych.<\/p>\n<p>7.W przysz\u0142\u0105 niedziel\u0119, o godzinie 10.25, odb\u0119dzie si\u0119 katecheza dla dzieci klas III SP przed uroczysto\u015bci\u0105 I Komunii \u015bwi\u0119tej, a o 17.00 spotkanie dla m\u0142odzie\u017cy przygotowuj\u0105cej si\u0119 do sakramentu bierzmowania.<\/p>\n<p>8.R\u00f3wnie\u017c za tydzie\u0144, Odnowa w Duchu \u015awi\u0119tym \u2013 Dzieci Maryi, z naszej parafii, zaprasza na Wiecz\u00f3r Uwielbienia z Maryj\u0105. O godzinie 18.00 b\u0119dzie sprawowana Msza \u015bwi\u0119ta a nast\u0119pnie rozpocznie si\u0119 nabo\u017ce\u0144stwo. B\u0119dzie adoracja Naj\u015bwi\u0119tszego Sakramentu, modlitwa Pismem \u015awi\u0119tym, \u015bpiew, oraz rozwa\u017cania. Serdecznie zapraszamy.<\/p>\n<p>9.Trwa kol\u0119da. Dzi\u0119kujemy kolejnym rodzinom za mi\u0142e i serdeczne przyj\u0119cie. Dzi\u0119kujemy za wsp\u00f3ln\u0105 modlitw\u0119, rozmowy, z\u0142o\u017cone ofiary na rzecz parafii. W tym tygodniu odwiedzimy kolejne rodziny zamieszka\u0142e przy nast\u0119puj\u0105cych ulicach: <strong>20 stycznia \u2013 poniedzia\u0142ek<\/strong> &#8211; Godzina 16.00 &#8211; Ul. W\u0105ska \u2013 domki (numery nieparzyste) &#8211; 1 ksi\u0105dz, Ul. Roi 2 i 2A \u2013 2 ksi\u0119\u017cy; <strong>21 stycznia \u2013 wtorek &#8211; <\/strong>Godzina 16.00 &#8211; Ul. Roi 4, 6, 8 \u2013 1 ksi\u0105dz, Ul. Roi 10, 12 \u2013 1 ksi\u0105dz, Ul. A. Wilcza \u2013 1 ksi\u0105dz; <strong>22 stycznia \u2013 \u015broda &#8211; <\/strong>Godzina 16.00 &#8211; Ul. Stru\u017ca\u0144ska nr parzyste i ul. Nowa\u20141 ksi\u0105dz, Ul. Stru\u017ca\u0144ska nr nieparzyste i ul. Stwosza\u20141 ksi\u0105dz; <strong>23 stycznia \u2013 czwartek &#8211; <\/strong>Godzina 16.00 &#8211; Ul. Roi 14 i 14A\u20141 ksi\u0105dz, Ul. Roi 16\u20141 ksi\u0105dz, Ul. D\u0142uga od ul. Zegrzy\u0144skiej do ko\u015bcio\u0142a\u20141 ksi\u0105dz; <strong>24 stycznia \u2013 pi\u0105tek &#8211; <\/strong>Godzina 16.00 &#8211; Ul. Roi 18 i 20\u20141 ksi\u0105dz, Ul. Roi 22 i 24\u20141 ksi\u0105dz, Ul. D\u0142uga od ko\u015bcio\u0142a do ko\u0144ca, ul. Hynka i ul. G\u00f3rna, i ul. Kr\u00f3tka\u20141 ksi\u0105dz; <strong>25 stycznia \u2013 sobota &#8211; <\/strong>Godzina 9.00 &#8211; Ul. Wrzosowa nr parzyste\u20141 ksi\u0105dz, Ul. Wrzosowa nr nieparzyste\u20141 ksi\u0105dz<strong>;<\/strong> <strong>27 stycznia \u2013 poniedzia\u0142ek &#8211; <\/strong>Godzina 16.00 &#8211; Ul. Roi 26 i 28\u20141 ksi\u0105dz, Ul. Zaciszna i ul. Spacerowa\u20141 ksi\u0105dz; <strong>28 stycznia \u2013 wtorek &#8211; <\/strong>Godzina 16.00 &#8211; Ul. Roi 30 i 32\u20141 ksi\u0105dz, Ul. Roi 34 i 36\u20141 ksi\u0105dz, Ul. Wigury i \u017bwirki\u20141 ksi\u0105dz.<\/p>\n<p>10.Kalendarz liturgiczny na ten tydzie\u0144: we wtorek \u2013 wspomnienie \u015bw. Agnieszki, dziewicy i m\u0119czennicy; w \u015brod\u0119 \u2013 wspomnienie \u015bw. Wincentego Pallottiego, prezbitera; w pi\u0105tek \u2013 wspomnienie \u015bw. Franciszka Salezego, biskupa i doktora Ko\u015bcio\u0142a; w sobot\u0119 \u2013 \u015bwi\u0119to Nawr\u00f3cenia \u015bw. Paw\u0142a, Aposto\u0142<\/p>\n","protected":false},"excerpt":{"rendered":"<p>1.Prze\u017cywamy kolejny tydzie\u0144 modlitw o jedno\u015b\u0107 chrze\u015bcijan, kt\u00f3ry rozpocz\u0119li\u015bmy w dniu wczorajszym. Pami\u0119tajmy w naszych modlitwach, aby wype\u0142ni\u0107 pro\u015bb\u0119 Chrystusa \u2013 \u201eSpraw Ojcze, aby stanowili jedno\u201d. 2.Jeszcze dzisiaj, o godzinie 17.45, zapraszamy na nabo\u017ce\u0144stwo do \u015bw. J\u00f3zefa, patrona ma\u0142\u017ce\u0144stw i rodzin. 3.R\u00f3wnie\u017c dzisiaj odb\u0119d\u0105 si\u0119 nast\u0119puj\u0105ce spotkania: o 10.25 \u2013 dla dzieci klas IV SP [&hellip;]<\/p>\n","protected":false},"author":1,"featured_media":30657,"comment_status":"closed","ping_status":"closed","sticky":false,"template":"","format":"standard","meta":{"footnotes":""},"categories":[2,14],"tags":[],"class_list":["post-26690","post","type-post","status-publish","format-standard","has-post-thumbnail","hentry","category-aktualnosci","category-ogloszenia-parafialne"],"_links":{"self":[{"href":"https:\/\/mbfatimska.ovh\/index.php\/wp-json\/wp\/v2\/posts\/26690","targetHints":{"allow":["GET"]}}],"collection":[{"href":"https:\/\/mbfatimska.ovh\/index.php\/wp-json\/wp\/v2\/posts"}],"about":[{"href":"https:\/\/mbfatimska.ovh\/index.php\/wp-json\/wp\/v2\/types\/post"}],"author":[{"embeddable":true,"href":"https:\/\/mbfatimska.ovh\/index.php\/wp-json\/wp\/v2\/users\/1"}],"replies":[{"embeddable":true,"href":"https:\/\/mbfatimska.ovh\/index.php\/wp-json\/wp\/v2\/comments?post=26690"}],"version-history":[{"count":1,"href":"https:\/\/mbfatimska.ovh\/index.php\/wp-json\/wp\/v2\/posts\/26690\/revisions"}],"predecessor-version":[{"id":40034,"href":"https:\/\/mbfatimska.ovh\/index.php\/wp-json\/wp\/v2\/posts\/26690\/revisions\/40034"}],"wp:featuredmedia":[{"embeddable":true,"href":"https:\/\/mbfatimska.ovh\/index.php\/wp-json\/wp\/v2\/media\/30657"}],"wp:attachment":[{"href":"https:\/\/mbfatimska.ovh\/index.php\/wp-json\/wp\/v2\/media?parent=26690"}],"wp:term":[{"taxonomy":"category","embeddable":true,"href":"https:\/\/mbfatimska.ovh\/index.php\/wp-json\/wp\/v2\/categories?post=26690"},{"taxonomy":"post_tag","embeddable":true,"href":"https:\/\/mbfatimska.ovh\/index.php\/wp-json\/wp\/v2\/tags?post=26690"}],"curies":[{"name":"wp","href":"https:\/\/api.w.org\/{rel}","templated":true}]}}