{"id":26693,"date":"2025-01-25T14:58:41","date_gmt":"2025-01-25T13:58:41","guid":{"rendered":"https:\/\/www.mbfatimska.pl\/?p=26693"},"modified":"2026-02-13T12:31:01","modified_gmt":"2026-02-13T12:31:01","slug":"iii-niedziela-zwykla-5","status":"publish","type":"post","link":"https:\/\/mbfatimska.ovh\/index.php\/2025\/01\/25\/iii-niedziela-zwykla-5\/","title":{"rendered":"III Niedziela Zwyk\u0142a"},"content":{"rendered":"<div class=\"post-excerpt\">\n<p>1.Dzisiaj, w Ko\u015bciele, obchodzimy Niedziel\u0119 S\u0142owa Bo\u017cego \u2013 zach\u0119camy wszystkich do zg\u0142\u0119biania i medytacji Bo\u017cego S\u0142owa.<\/p>\n<p>2.R\u00f3wnie\u017c dzisiaj, w Ko\u015bciele Powszechnym, obchodzimy w 3 Niedziel\u0119 Zwyk\u0142\u0105, dzie\u0144 solidarno\u015bci z lud\u017ami chorymi na tr\u0105d cielesny i duchowy.<\/p>\n<p>3.Dzisiaj odb\u0119d\u0105 si\u0119 nast\u0119puj\u0105ce spotkania: o godzinie 10.25 \u2013 katecheza dla dzieci klas III SP przed uroczysto\u015bci\u0105 I Komunii \u015bwi\u0119tej; o 17.00 \u2013 dla m\u0142odzie\u017cy przygotowuj\u0105cej si\u0119 do sakramentu bierzmowania.<\/p>\n<p>4.W tym tygodniu przypada: I sobota miesi\u0105ca \u2013 po Mszy \u015bwi\u0119tej o godzinie 18.00, nabo\u017ce\u0144stwo wynagradzaj\u0105ce Niepokalanemu Sercu NMP, kt\u00f3re trwa\u0107 b\u0119dzie do godziny 20.15; I niedziela miesi\u0105ca \u2013 po Mszy \u015bwi\u0119tej o godzinie 12.30, wystawienie Naj\u015bwi\u0119tszego Sakramentu i mo\u017cliwo\u015b\u0107 adoracji do godziny 17.45.<\/p>\n<p>5.W pi\u0105tek, o godzinie 18.00, zostanie odprawiona Msza \u015bwi\u0119ta wypominkowa za naszych bliskich zmar\u0142ych.<\/p>\n<p>6.Za tydzie\u0144, w niedziel\u0119, obchodzi\u0107 b\u0119dziemy \u015bwi\u0119to Ofiarowania Pa\u0144skiego, popularnie nazywane \u015bwi\u0119tem Matki Bo\u017cej Gromnicznej. Na ka\u017cdej Mszy \u015bwi\u0119tej obrz\u0119d po\u015bwi\u0119cenia gromnic, kt\u00f3re b\u0119dzie mo\u017cna zakupi\u0107 przed Msz\u0105 \u015bwi\u0119t\u0105 pod ko\u015bcio\u0142em.<\/p>\n<p>7.Zbli\u017caj\u0105 si\u0119 ferie zimowe. W tym czasie nie b\u0119dzie spotka\u0144 formacyjnych dla dzieci, m\u0142odzie\u017cy i rodzic\u00f3w dzieci przygotowuj\u0105cych si\u0119 do I Komunii \u015bwi\u0119tej. Najbli\u017csze spotkanie-katecheza dla dzieci klas IV SP w niedziel\u0119, 16 lutego, o godzinie 10.25, a dla dzieci komunijnych, 23 lutego, r\u00f3wnie\u017c o godzinie 10.25.<\/p>\n<p>8.W czasie ferii zimowych zapraszamy dzieci do korzystania z naszej \u015bwietlicy. Od poniedzia\u0142ku do pi\u0105tku, w godzinach 9.00-14.00. W planie mamy gry, zabawy, zaj\u0119cia sportowe i plastyczne a tak\u017ce wyjazdy do kina i park\u00f3w rozrywki.<\/p>\n<p>9.Zbli\u017ca si\u0119 okres rozliczeniowy. Mo\u017cemy 1,5% z naszych podatk\u00f3w przekaza\u0107 Organizacji Po\u017cytku Publicznego. Zach\u0119camy, aby to uczyni\u0107 na rzecz Legionowskiego Stowarzyszenia AMICUS, kt\u00f3re na co dzie\u0144 zajmuje si\u0119 44 osobami z niepe\u0142nosprawno\u015bciami z ca\u0142ego powiatu, a w tym roku pragnie utworzy\u0107 now\u0105 pracowni\u0119 i przyj\u0105\u0107 kolejnych 6 os\u00f3b niepe\u0142nosprawnych, klub seniora dla os\u00f3b starszych, \u015bwietlic\u0119 dla dzieci w Legionowie i Wieliszewie, wypo\u017cyczalni\u0119 sprz\u0119tu rehabilitacyjnego, gabinety fizykoterapii, porady prawne, psychologiczne i logopedyczne, pomocy naszym rodakom na Litwie i wieloma, jeszcze innymi, wi\u0119kszymi i mniejszymi zadaniami. Numer KRS zamieszczony jest w biuletynie parafialnym i w ulotkach znajduj\u0105cych si\u0119 na stolikach za \u0142awkami.<\/p>\n<p>10.W tym tygodniu ko\u0144czymy wizyt\u0119 duszpastersk\u0105. Dzi\u0119kujemy tym mieszka\u0144com, z kt\u00f3rymi w tym tygodniu mogli\u015bmy si\u0119 spotka\u0107 na wsp\u00f3lnej modlitwie i rozmowie. Dzi\u0119kujemy za mi\u0142\u0105 i \u017cyczliw\u0105 atmosfer\u0119, za z\u0142o\u017cone ofiary na rzecz parafii. W najbli\u017cszych dniach odwiedzimy mieszka\u0144c\u00f3w zamieszka\u0142ych przy nast\u0119puj\u0105cych ulicach: <strong>27 stycznia \u2013 poniedzia\u0142ek &#8211; <\/strong>Godzina 16.00 &#8211; Ul. Roi 26 i 28\u20142 ksi\u0119\u017cy, Ul. Zaciszna i ul. Spacerowa\u20141 ksi\u0105dz; <strong>28 stycznia \u2013 wtorek &#8211; <\/strong>Godzina 16.00 &#8211; Ul. Roi 30 i 32\u20141 ksi\u0105dz, Ul. Roi 34 i 36\u20141 ksi\u0105dz, Ul. Wigury i \u017bwirki\u20141 ksi\u0105dz; <strong>29 stycznia \u2013 \u015broda &#8211; <\/strong>Godzina 16.00 &#8211; Ul. Roi 38 od 1 do 39\u20141 ksi\u0105dz, Ul. Roi 38 od 40 do 79\u20141 ksi\u0105dz, Ul. S\u0142oneczna nr nieparzyste i domki na ul. Roi\u20141 ksi\u0105dz; <strong>30 stycznia &#8211;\u00a0 czwartek &#8211; <\/strong>Godzina 16.00 &#8211; Ul. Roi 40 \u2013 od nr 1 do 39\u20141 ksi\u0105dz, Ul. Roi 40 \u2013 od nr 40 do 79\u20141 ksi\u0105dz, Ul. S\u0142oneczna nr parzyste\u20141 ksi\u0105dz; <strong>31 stycznia \u2013 pi\u0105tek &#8211; <\/strong>Godzina 16.00 &#8211; Ul. Plantowa \u2013 1 ksi\u0105dz, KOL\u0118DA DODATKOWA \u2013 1 ksi\u0105dz; <strong>1 lutego \u2013 sobota &#8211; <\/strong>Godzina 9.00 &#8211; KOL\u0118DA DODATKOWA, Ul. 11 listopada i ul. Podg\u00f3rska.<\/p>\n<p>11.W pi\u0105tek i sobot\u0119 pragniemy odwiedzi\u0107 tych parafian, kt\u00f3rzy nie mogli nas przyj\u0105\u0107 w wyznaczonym terminie. Osoby zainteresowane kol\u0119d\u0105 dodatkow\u0105 zapraszamy do zakrystii celem um\u00f3wienia dogodnego terminu.<\/p>\n<p>12.Jeszcze w tym tygodniu, w\u0142\u0105cznie z sobot\u0105, uk\u0142ad Mszy \u015bwi\u0119tych i godziny urz\u0119dowania kancelarii parafialnej, b\u0119d\u0105 takie jak przez ca\u0142y okres kol\u0119dy w styczniu. Od 3 lutego wracamy do starego uk\u0142adu sprawowanych Mszy \u015bwi\u0119tych, czyli 17 i 18, a godziny urz\u0119dowania kancelarii parafialnej: poniedzia\u0142ek, wtorek, \u015broda 18.30-19.15 i sobota 9.00-10.00.<\/p>\n<p>13.W niedziel\u0119, 9 lutego, o godzinie 16.30, w salce pod zakrysti\u0105, odb\u0119dzie si\u0119 spotkanie dla os\u00f3b, kt\u00f3re na prze\u0142omie wrze\u015bnia i pa\u017adziernika ubieg\u0142ego roku pielgrzymowali do Gruzji i Armenii.<\/p>\n<p>14.Kalendarz liturgiczny na ten tydzie\u0144: we wtorek \u2013 wspomnienie \u015bw. Tomasza z Akwinu, prezbitera i Doktora Ko\u015bcio\u0142a; w pi\u0105tek \u2013 wspomnienie \u015bw. Jana Bosko, prezbitera.<\/p>\n<\/div>\n","protected":false},"excerpt":{"rendered":"<p>1.Dzisiaj, w Ko\u015bciele, obchodzimy Niedziel\u0119 S\u0142owa Bo\u017cego \u2013 zach\u0119camy wszystkich do zg\u0142\u0119biania i medytacji Bo\u017cego S\u0142owa. 2.R\u00f3wnie\u017c dzisiaj, w Ko\u015bciele Powszechnym, obchodzimy w 3 Niedziel\u0119 Zwyk\u0142\u0105, dzie\u0144 solidarno\u015bci z lud\u017ami chorymi na tr\u0105d cielesny i duchowy. 3.Dzisiaj odb\u0119d\u0105 si\u0119 nast\u0119puj\u0105ce spotkania: o godzinie 10.25 \u2013 katecheza dla dzieci klas III SP przed uroczysto\u015bci\u0105 I Komunii [&hellip;]<\/p>\n","protected":false},"author":1,"featured_media":30657,"comment_status":"closed","ping_status":"closed","sticky":false,"template":"","format":"standard","meta":{"footnotes":""},"categories":[2,14],"tags":[],"class_list":["post-26693","post","type-post","status-publish","format-standard","has-post-thumbnail","hentry","category-aktualnosci","category-ogloszenia-parafialne"],"_links":{"self":[{"href":"https:\/\/mbfatimska.ovh\/index.php\/wp-json\/wp\/v2\/posts\/26693","targetHints":{"allow":["GET"]}}],"collection":[{"href":"https:\/\/mbfatimska.ovh\/index.php\/wp-json\/wp\/v2\/posts"}],"about":[{"href":"https:\/\/mbfatimska.ovh\/index.php\/wp-json\/wp\/v2\/types\/post"}],"author":[{"embeddable":true,"href":"https:\/\/mbfatimska.ovh\/index.php\/wp-json\/wp\/v2\/users\/1"}],"replies":[{"embeddable":true,"href":"https:\/\/mbfatimska.ovh\/index.php\/wp-json\/wp\/v2\/comments?post=26693"}],"version-history":[{"count":2,"href":"https:\/\/mbfatimska.ovh\/index.php\/wp-json\/wp\/v2\/posts\/26693\/revisions"}],"predecessor-version":[{"id":40035,"href":"https:\/\/mbfatimska.ovh\/index.php\/wp-json\/wp\/v2\/posts\/26693\/revisions\/40035"}],"wp:featuredmedia":[{"embeddable":true,"href":"https:\/\/mbfatimska.ovh\/index.php\/wp-json\/wp\/v2\/media\/30657"}],"wp:attachment":[{"href":"https:\/\/mbfatimska.ovh\/index.php\/wp-json\/wp\/v2\/media?parent=26693"}],"wp:term":[{"taxonomy":"category","embeddable":true,"href":"https:\/\/mbfatimska.ovh\/index.php\/wp-json\/wp\/v2\/categories?post=26693"},{"taxonomy":"post_tag","embeddable":true,"href":"https:\/\/mbfatimska.ovh\/index.php\/wp-json\/wp\/v2\/tags?post=26693"}],"curies":[{"name":"wp","href":"https:\/\/api.w.org\/{rel}","templated":true}]}}