{"id":26702,"date":"2025-02-01T15:07:39","date_gmt":"2025-02-01T14:07:39","guid":{"rendered":"https:\/\/www.mbfatimska.pl\/?p=26702"},"modified":"2026-02-12T14:50:12","modified_gmt":"2026-02-12T14:50:12","slug":"iv-niedziela-zwykla-4","status":"publish","type":"post","link":"https:\/\/mbfatimska.ovh\/index.php\/2025\/02\/01\/iv-niedziela-zwykla-4\/","title":{"rendered":"IV Niedziela Zwyk\u0142a"},"content":{"rendered":"<div class=\"post-excerpt\">\n<p>1.Dzisiaj, z racji I Niedzieli miesi\u0105ca, po Mszy \u015bwi\u0119tej o godzinie 12.30, wystawienie Naj\u015bwi\u0119tszego Sakramentu i mo\u017cliwo\u015b\u0107 adoracji do godziny 17.40.<\/p>\n<p>2.Po 2 lutym, czyli po Uroczysto\u015bci Ofiarowania Pa\u0144skiego, z naszych ko\u015bcio\u0142\u00f3w znikaj\u0105 choinki, szopki betlejemskie i inne dekoracje \u015bwi\u0105t Bo\u017cego Narodzenia. W zwi\u0105zku z ty, jutro, na godzin\u0119 8.00, zapraszamy panie i pan\u00f3w do pomocy przy rozbieraniu dekoracji. Je\u015bli przyjdzie wi\u0119cej os\u00f3b to pracy b\u0119dzie na 1,5 godziny. Potraktujmy nasz\u0105 pro\u015bb\u0119 \u017cyczliwie i odpowiedzialnie.<\/p>\n<p>3.W poniedzia\u0142ek, w godzinach 18-20, zapraszamy do skorzystania z darmowych porad psychologicznych. Zapraszamy te osoby, kt\u00f3re s\u0105: w trudnej sytuacji \u017cyciowej i kryzysie (rozstanie, strata, \u017ca\u0142oba); w stanie nadmiernego l\u0119ku i stresu; w kryzysie relacji z bliskimi i miejscem pracy. Zapraszamy rodzic\u00f3w potrzebuj\u0105cych porad i wsparcia w budowaniu zdrowych relacji z dzieckiem, rodzic\u00f3w dzieci prze\u017cywaj\u0105cych problemy emocjonalne i konflikty r\u00f3wie\u015bnicze. Porady odbywaj\u0105 si\u0119 w budynku Centrum Wsparcia Fizycznego.<\/p>\n<p>4.W czasie ferii zimowych zapraszamy dzieci do naszej \u015bwietlicy, kt\u00f3ra dzia\u0142a od poniedzia\u0142ku do pi\u0105tku w godzinach 9.00 \u2013 14.00. W ramach \u015bwietlicy b\u0119d\u0105 si\u0119 odbywa\u0142y zaj\u0119cia plastyczne, sportowe, kulinarne, oraz wycieczki do kina, Hula Kula, czy innych ciekawych miejsc.<\/p>\n<p>5.W tym tygodniu przypada: I czwartek miesi\u0105ca \u2013 po Mszy \u015bwi\u0119tej o godzinie 18.00, wystawienie Naj\u015bwi\u0119tszego Sakramentu, Koronka do Bo\u017cego Mi\u0142osierdzia i mo\u017cliwo\u015b\u0107 adoracji do godziny 21.00; I pi\u0105tek miesi\u0105ca \u2013 mo\u017cliwo\u015b\u0107 skorzystania z sakramentu pokuty w godzinach 16.30 \u2013 18.30.<\/p>\n<p>6.W pi\u0105tek, o godzinie 19.00, odb\u0119dzie si\u0119 konferencja przedchrzcielna. Osoby planuj\u0105ce chrzest dziecka w naszej parafii, b\u0105d\u017a pragn\u0105cy otrzyma\u0107 zgod\u0119 do innej parafii, oraz kandydaci na rodzic\u00f3w chrzestnych, kt\u00f3rzy mieszkaj\u0105 na terenie naszej parafii, zobowi\u0105zane s\u0105 do uczestniczenia w takiej konferencji.<\/p>\n<p>7.W pi\u0105tek, nasz Ksi\u0105dz Biskup Ordynariusz, Romuald Kami\u0144ski, obchodzi dzie\u0144 swoich imienin. Pami\u0119tajmy o Solenizancie w naszych modlitwach.<\/p>\n<p>8.W dniu wczorajszym zako\u0144czyli\u015bmy doroczn\u0105 wizyt\u0119 duszpastersk\u0105, zwan\u0105 kol\u0119d\u0105. Po kol\u0119dzie przyj\u0119\u0142o nas blisko 53% naszych parafian (na blokach oko\u0142o 27%, w domkach jednorodzinnych oko\u0142o 75%). Dzi\u0119kujemy tym, kt\u00f3rzy zaprosili nas do swoich dom\u00f3w. Dzi\u0119kujemy za gor\u0105ce, modlitewne, szczere rozmowy. Starali\u015bmy si\u0119 puka\u0107 do ka\u017cdego domu, mieszkania, chyba \u017ce od lat by\u0142o tam zamkni\u0119te, lub by\u0142a wyra\u017ana odmowa. Mog\u0142o si\u0119 zdarzy\u0107, \u017ce do jakiego\u015b domu\/mieszkania nie dotarli\u015bmy ze wzgl\u0119du na to, \u017ce wcze\u015bniej, od lat, by\u0142o zamkni\u0119te. Uwa\u017camy, \u017ce kto nas nie przyjmuje z kol\u0119d\u0105, nie chce si\u0119 spotka\u0107, pomodli\u0107, to sam niejako, wypisuje si\u0119 z grona naszych parafian i parafia zwolniona jest z wszelkich zobowi\u0105za\u0144 wobec takiej osoby czy rodziny. Ubolewamy, \u017ce tak wiele dzieci i m\u0142odzie\u017cy po przyj\u0119ciu sakramentu eucharystii czy bierzmowania, wypisuje si\u0119 z lekcji religii i przestaje ucz\u0119szcza\u0107 do Ko\u015bcio\u0142a. Cieszy nas fakt, \u017ce tak wiele parafian potrafi sobie okazywa\u0107 pomoc s\u0105siedzk\u0105, zw\u0142aszcza kiedy jest kto\u015b chory i starszy. Dzi\u0119kujemy za pocz\u0119stunki, rozmowy, za wsp\u00f3ln\u0105 modlitw\u0119, z\u0142o\u017cone ofiary na rzecz parafii, kt\u00f3re b\u0119d\u0105 nale\u017cycie wykorzystane, tak jak ofiary z poprzednich lat, co chyba ka\u017cdy widzi. Jeszcze raz, wszystkim bardzo dzi\u0119kujemy.<\/p>\n<p>9.Od jutra wraca stary, przedkol\u0119dowy, uk\u0142ad Mszy \u015bwi\u0119tych oraz godziny pracy kancelarii. Msze \u015bwi\u0119te b\u0119d\u0105 sprawowane o godzinie 17.00 i 18.00, a kancelaria b\u0119dzie czynna od poniedzia\u0142ku do \u015brody, w godzinach 18.30 \u2013 19.15 i w soboty w godzinach 9.00 \u2013 10.00.<\/p>\n<p>10.W przysz\u0142\u0105 niedziel\u0119 o godzinie 16.30, w kawiarence, odb\u0119dzie si\u0119 spotkanie dla os\u00f3b, kt\u00f3re w ubieg\u0142ym roku pielgrzymowa\u0142y do Gruzji i Armenii.<\/p>\n<p>11.Kalendarz liturgiczny na ten tydzie\u0144: w \u015brod\u0119 \u2013 wspomnienie \u015bw. Agaty, dziewicy i m\u0119czennicy; w czwartek \u2013 wspomnienie \u015bwi\u0119tych m\u0119czennik\u00f3w Paw\u0142a Miki i Towarzyszy.<\/p>\n<\/div>\n","protected":false},"excerpt":{"rendered":"<p>1.Dzisiaj, z racji I Niedzieli miesi\u0105ca, po Mszy \u015bwi\u0119tej o godzinie 12.30, wystawienie Naj\u015bwi\u0119tszego Sakramentu i mo\u017cliwo\u015b\u0107 adoracji do godziny 17.40. 2.Po 2 lutym, czyli po Uroczysto\u015bci Ofiarowania Pa\u0144skiego, z naszych ko\u015bcio\u0142\u00f3w znikaj\u0105 choinki, szopki betlejemskie i inne dekoracje \u015bwi\u0105t Bo\u017cego Narodzenia. W zwi\u0105zku z ty, jutro, na godzin\u0119 8.00, zapraszamy panie i pan\u00f3w do [&hellip;]<\/p>\n","protected":false},"author":1,"featured_media":30657,"comment_status":"closed","ping_status":"closed","sticky":false,"template":"","format":"standard","meta":{"footnotes":""},"categories":[2,14],"tags":[],"class_list":["post-26702","post","type-post","status-publish","format-standard","has-post-thumbnail","hentry","category-aktualnosci","category-ogloszenia-parafialne"],"_links":{"self":[{"href":"https:\/\/mbfatimska.ovh\/index.php\/wp-json\/wp\/v2\/posts\/26702","targetHints":{"allow":["GET"]}}],"collection":[{"href":"https:\/\/mbfatimska.ovh\/index.php\/wp-json\/wp\/v2\/posts"}],"about":[{"href":"https:\/\/mbfatimska.ovh\/index.php\/wp-json\/wp\/v2\/types\/post"}],"author":[{"embeddable":true,"href":"https:\/\/mbfatimska.ovh\/index.php\/wp-json\/wp\/v2\/users\/1"}],"replies":[{"embeddable":true,"href":"https:\/\/mbfatimska.ovh\/index.php\/wp-json\/wp\/v2\/comments?post=26702"}],"version-history":[{"count":1,"href":"https:\/\/mbfatimska.ovh\/index.php\/wp-json\/wp\/v2\/posts\/26702\/revisions"}],"predecessor-version":[{"id":40025,"href":"https:\/\/mbfatimska.ovh\/index.php\/wp-json\/wp\/v2\/posts\/26702\/revisions\/40025"}],"wp:featuredmedia":[{"embeddable":true,"href":"https:\/\/mbfatimska.ovh\/index.php\/wp-json\/wp\/v2\/media\/30657"}],"wp:attachment":[{"href":"https:\/\/mbfatimska.ovh\/index.php\/wp-json\/wp\/v2\/media?parent=26702"}],"wp:term":[{"taxonomy":"category","embeddable":true,"href":"https:\/\/mbfatimska.ovh\/index.php\/wp-json\/wp\/v2\/categories?post=26702"},{"taxonomy":"post_tag","embeddable":true,"href":"https:\/\/mbfatimska.ovh\/index.php\/wp-json\/wp\/v2\/tags?post=26702"}],"curies":[{"name":"wp","href":"https:\/\/api.w.org\/{rel}","templated":true}]}}