{"id":26721,"date":"2025-02-07T16:20:33","date_gmt":"2025-02-07T15:20:33","guid":{"rendered":"https:\/\/www.mbfatimska.pl\/?p=26721"},"modified":"2025-02-07T16:20:33","modified_gmt":"2025-02-07T15:20:33","slug":"zaproszenie-na-wieczor-uwielbienia-z-maryja-23-lutego","status":"publish","type":"post","link":"https:\/\/mbfatimska.ovh\/index.php\/2025\/02\/07\/zaproszenie-na-wieczor-uwielbienia-z-maryja-23-lutego\/","title":{"rendered":"Zaproszenie na Wiecz\u00f3r Uwielbienia z Maryj\u0105 &#8211; 23 lutego"},"content":{"rendered":"<p>Ju\u017c dzi\u015b zapraszamy na Uwielbienie z Maryj\u0105, kt\u00f3re odb\u0119dzie si\u0119 23.02.2025 r. w Parafia Matki Bo\u017cej Fatimskiej w Legionowie po wieczornej Mszy \u015bwi\u0119tej. B\u0119dziemy modlili si\u0119 Pismem \u015bwi\u0119tym, adoracj\u0105, \u015bpiewem, a nade wszystko, b\u0119dziemy trwali na modlitwie przy Matce Bo\u017cej. Serdecznie zapraszamy.<\/p>\n<div id='gallery-1' class='gallery galleryid-26721 gallery-columns-1 gallery-size-medium'><figure class='gallery-item'>\n\t\t\t<div class='gallery-icon portrait'>\n\t\t\t\t<a href='https:\/\/mbfatimska.ovh\/475996574_932844525651442_7077004152367367558_n-2\/'><img fetchpriority=\"high\" decoding=\"async\" width=\"216\" height=\"300\" src=\"https:\/\/mbfatimska.ovh\/wp-content\/uploads\/2025\/02\/475996574_932844525651442_7077004152367367558_n-1-1-216x300.jpg\" class=\"attachment-medium size-medium\" alt=\"\" srcset=\"https:\/\/mbfatimska.ovh\/wp-content\/uploads\/2025\/02\/475996574_932844525651442_7077004152367367558_n-1-1-216x300.jpg 216w, https:\/\/mbfatimska.ovh\/wp-content\/uploads\/2025\/02\/475996574_932844525651442_7077004152367367558_n-1-1.jpg 690w\" sizes=\"(max-width: 216px) 100vw, 216px\" \/><\/a>\n\t\t\t<\/div><\/figure>\n\t\t<\/div>\n\n","protected":false},"excerpt":{"rendered":"<p>Ju\u017c dzi\u015b zapraszamy na Uwielbienie z Maryj\u0105, kt\u00f3re odb\u0119dzie si\u0119 23.02.2025 r. w Parafia Matki Bo\u017cej Fatimskiej w Legionowie po wieczornej Mszy \u015bwi\u0119tej. B\u0119dziemy modlili si\u0119 Pismem \u015bwi\u0119tym, adoracj\u0105, \u015bpiewem, a nade wszystko, b\u0119dziemy trwali na modlitwie przy Matce Bo\u017cej. Serdecznie zapraszamy.<\/p>\n","protected":false},"author":1,"featured_media":26722,"comment_status":"closed","ping_status":"closed","sticky":false,"template":"","format":"standard","meta":{"footnotes":""},"categories":[2,13],"tags":[],"class_list":["post-26721","post","type-post","status-publish","format-standard","has-post-thumbnail","hentry","category-aktualnosci","category-odnowa-w-duchu-swietym"],"_links":{"self":[{"href":"https:\/\/mbfatimska.ovh\/index.php\/wp-json\/wp\/v2\/posts\/26721","targetHints":{"allow":["GET"]}}],"collection":[{"href":"https:\/\/mbfatimska.ovh\/index.php\/wp-json\/wp\/v2\/posts"}],"about":[{"href":"https:\/\/mbfatimska.ovh\/index.php\/wp-json\/wp\/v2\/types\/post"}],"author":[{"embeddable":true,"href":"https:\/\/mbfatimska.ovh\/index.php\/wp-json\/wp\/v2\/users\/1"}],"replies":[{"embeddable":true,"href":"https:\/\/mbfatimska.ovh\/index.php\/wp-json\/wp\/v2\/comments?post=26721"}],"version-history":[{"count":0,"href":"https:\/\/mbfatimska.ovh\/index.php\/wp-json\/wp\/v2\/posts\/26721\/revisions"}],"wp:featuredmedia":[{"embeddable":true,"href":"https:\/\/mbfatimska.ovh\/index.php\/wp-json\/wp\/v2\/media\/26722"}],"wp:attachment":[{"href":"https:\/\/mbfatimska.ovh\/index.php\/wp-json\/wp\/v2\/media?parent=26721"}],"wp:term":[{"taxonomy":"category","embeddable":true,"href":"https:\/\/mbfatimska.ovh\/index.php\/wp-json\/wp\/v2\/categories?post=26721"},{"taxonomy":"post_tag","embeddable":true,"href":"https:\/\/mbfatimska.ovh\/index.php\/wp-json\/wp\/v2\/tags?post=26721"}],"curies":[{"name":"wp","href":"https:\/\/api.w.org\/{rel}","templated":true}]}}