{"id":26725,"date":"2025-02-08T12:19:56","date_gmt":"2025-02-08T11:19:56","guid":{"rendered":"https:\/\/www.mbfatimska.pl\/?p=26725"},"modified":"2026-02-12T14:49:50","modified_gmt":"2026-02-12T14:49:50","slug":"v-niedziela-zwykla-3","status":"publish","type":"post","link":"https:\/\/mbfatimska.ovh\/index.php\/2025\/02\/08\/v-niedziela-zwykla-3\/","title":{"rendered":"V niedziela zwyk\u0142a"},"content":{"rendered":"<div class=\"post-excerpt\">\n<p>1.Jeszcze dzisiaj, o godzinie 16.30, w kawiarence, odb\u0119dzie si\u0119 spotkanie dla os\u00f3b, kt\u00f3re w ubieg\u0142ym roku, na prze\u0142omie wrze\u015bnia i pa\u017adziernika, pielgrzymowa\u0142y do Gruzji i Armenii.<\/p>\n<p>2.We wtorek, 11 lutego, w liturgiczne wspomnienie Matki Bo\u017cej z Lourdes, obchodzi\u0107 b\u0119dziemy kolejny \u015awiatowy Dzie\u0144 Chorego. Zapraszamy wszystkie osoby starsze i schorowane do naszego ko\u015bcio\u0142a ma specjalne Msze \u015bwi\u0119te z udzieleniem Sakramentu Namaszczenia Chorych o godzinie 9.00 i 18.00.<\/p>\n<p>3.R\u00f3wnie\u017c we wtorek, w budynku Centrum Wsparcia Fizycznego, w godzinach 19.00 \u2013 21.00, b\u0119dzie mo\u017cliwo\u015b\u0107 skorzystania z bezp\u0142atnych porad prawnika.<\/p>\n<p>4.W czwartek, tak jak ka\u017cdego trzynastego dnia miesi\u0105ca, zapraszamy na Msz\u0119 \u015bwi\u0119t\u0105 na godzin\u0119 7.30, podczas kt\u00f3rej b\u0119dziemy modlili si\u0119 w intencji firm funkcjonuj\u0105cych na naszym legionowskim rynku, b\u0119dziemy otaczali r\u00f3wnie\u017c nasz\u0105 modlitw\u0105 przedsi\u0119biorc\u00f3w i ich rodziny.<\/p>\n<p>5.Trwaj\u0105 ferie zimowe. Zapraszamy dzieci do naszej \u015bwietlicy, kt\u00f3ra jest czynna w godzinach 9.00 \u2013 14.00, od poniedzia\u0142ku do pi\u0105tku. Dzieci mog\u0105 mi\u0142o sp\u0119dzi\u0107 czas wolny uczestnicz\u0105c w zaj\u0119ciach plastycznych, sportowych a nawet kulinarnych. W czasie zaj\u0119\u0107 przewidziany jest ciep\u0142y posi\u0142ek. W tym tygodniu zaplanowane jest wy\u015bcie do kina, czy te\u017c wyjazd do parku rozrywki Hula Kula w Warszawie.<\/p>\n<p>6.W przysz\u0142\u0105 niedziel\u0119, o godzinie 10.25, dob\u0119dzie si\u0119 spotkanie-katecheza dla dzieci klas IV SP przed rocznic\u0105 I Komunii \u015bwi\u0119tej.<\/p>\n<p>7.R\u00f3wnie\u017c w nast\u0119pn\u0105 niedziel\u0119, ofiary sk\u0142adane na tac\u0119, b\u0119d\u0105 przeznaczone na Caritas naszej diecezji.<\/p>\n<p>8.Kalendarz liturgiczny na ten tydzie\u0144: w poniedzia\u0142ek \u2013 wspomnienie \u015bw. Scholastyki, dziewicy; we wtorek \u2013 wspomnienie Naj\u015bwi\u0119tszej Maryi Panny z Lourdes; w pi\u0105tek \u2013 \u015bwi\u0119to \u015bwi\u0119tych Cyryla, mnicha i Metodego, biskupa, patron\u00f3w Europy.<\/p>\n<\/div>\n","protected":false},"excerpt":{"rendered":"<p>1.Jeszcze dzisiaj, o godzinie 16.30, w kawiarence, odb\u0119dzie si\u0119 spotkanie dla os\u00f3b, kt\u00f3re w ubieg\u0142ym roku, na prze\u0142omie wrze\u015bnia i pa\u017adziernika, pielgrzymowa\u0142y do Gruzji i Armenii. 2.We wtorek, 11 lutego, w liturgiczne wspomnienie Matki Bo\u017cej z Lourdes, obchodzi\u0107 b\u0119dziemy kolejny \u015awiatowy Dzie\u0144 Chorego. Zapraszamy wszystkie osoby starsze i schorowane do naszego ko\u015bcio\u0142a ma specjalne Msze [&hellip;]<\/p>\n","protected":false},"author":1,"featured_media":30657,"comment_status":"closed","ping_status":"closed","sticky":false,"template":"","format":"standard","meta":{"footnotes":""},"categories":[2,3,14],"tags":[],"class_list":["post-26725","post","type-post","status-publish","format-standard","has-post-thumbnail","hentry","category-aktualnosci","category-bez-kategorii","category-ogloszenia-parafialne"],"_links":{"self":[{"href":"https:\/\/mbfatimska.ovh\/index.php\/wp-json\/wp\/v2\/posts\/26725","targetHints":{"allow":["GET"]}}],"collection":[{"href":"https:\/\/mbfatimska.ovh\/index.php\/wp-json\/wp\/v2\/posts"}],"about":[{"href":"https:\/\/mbfatimska.ovh\/index.php\/wp-json\/wp\/v2\/types\/post"}],"author":[{"embeddable":true,"href":"https:\/\/mbfatimska.ovh\/index.php\/wp-json\/wp\/v2\/users\/1"}],"replies":[{"embeddable":true,"href":"https:\/\/mbfatimska.ovh\/index.php\/wp-json\/wp\/v2\/comments?post=26725"}],"version-history":[{"count":1,"href":"https:\/\/mbfatimska.ovh\/index.php\/wp-json\/wp\/v2\/posts\/26725\/revisions"}],"predecessor-version":[{"id":40024,"href":"https:\/\/mbfatimska.ovh\/index.php\/wp-json\/wp\/v2\/posts\/26725\/revisions\/40024"}],"wp:featuredmedia":[{"embeddable":true,"href":"https:\/\/mbfatimska.ovh\/index.php\/wp-json\/wp\/v2\/media\/30657"}],"wp:attachment":[{"href":"https:\/\/mbfatimska.ovh\/index.php\/wp-json\/wp\/v2\/media?parent=26725"}],"wp:term":[{"taxonomy":"category","embeddable":true,"href":"https:\/\/mbfatimska.ovh\/index.php\/wp-json\/wp\/v2\/categories?post=26725"},{"taxonomy":"post_tag","embeddable":true,"href":"https:\/\/mbfatimska.ovh\/index.php\/wp-json\/wp\/v2\/tags?post=26725"}],"curies":[{"name":"wp","href":"https:\/\/api.w.org\/{rel}","templated":true}]}}