{"id":26832,"date":"2025-02-15T19:31:24","date_gmt":"2025-02-15T18:31:24","guid":{"rendered":"https:\/\/www.mbfatimska.pl\/?p=26832"},"modified":"2026-02-12T14:48:13","modified_gmt":"2026-02-12T14:48:13","slug":"vi-niedziela-zwykla-4","status":"publish","type":"post","link":"https:\/\/mbfatimska.ovh\/index.php\/2025\/02\/15\/vi-niedziela-zwykla-4\/","title":{"rendered":"VI Niedziela Zwyk\u0142a"},"content":{"rendered":"<div class=\"post-excerpt\">\n<p>1.Dzisiaj, o godzinie 10.25, katecheza dla dzieci klas IV SP przed rocznic\u0105 I Komunii \u015bwi\u0119tej.<\/p>\n<p>2.W przysz\u0142\u0105 niedziel\u0119 zapraszamy na kolejny Wiecz\u00f3r Uwielbienia z Maryj\u0105. Rozpoczynamy Msz\u0105 \u015bwi\u0119t\u0105 o godzinie 18.00, a nast\u0119pnie wystawienie Naj\u015bwi\u0119tszego Sakramentu, adoracja, rozwa\u017cania, modlitwa Pismem \u015bwi\u0119tym i \u015bpiewem. Organizatorem Wieczoru uwielbienia jest Odnowa w Duchu \u015awi\u0119tym \u2013 Dzieci Maryi, z naszej parafii. Serdecznie zapraszamy.<\/p>\n<p>3.R\u00f3wnie\u017c za tydzie\u0144, o godzinie 10.25, katecheza dla dzieci klas III SP przed uroczysto\u015bci\u0105 I Komunii \u015bwi\u0119tej.<\/p>\n<p>4.Od 11 lutego do 15 kwietnia trwa Wielka Nowenna za Ojczyzn\u0119. Ta nieustanna modlitwa trwaj\u0105ca 9 tygodni b\u0119dzie ukoronowana Zawierzeniem Polski Mi\u0142osierdziu Bo\u017cemu 27 kwietnia \u2013 w Niedziel\u0119 Mi\u0142osierdzia Bo\u017cego podczas Mszy \u015bwi\u0119tej. Jakie warunki nale\u017cy spe\u0142ni\u0107: codziennie, jedna cz\u0119\u015b\u0107 r\u00f3\u017ca\u0144ca \u015bwi\u0119tego, koronka do Bo\u017cego Mi\u0142osierdzia, modlitwa za Ojczyzn\u0119, w ka\u017cd\u0105 niedziel\u0119 Komunia \u015bwi\u0119ta wynagradzaj\u0105ca za grzechy Polak\u00f3w. W naszej parafii nowenna trwa podczas modlitwy r\u00f3\u017ca\u0144cowej, ka\u017cdego dnia o godzinie 17.30. Gor\u0105co zapraszamy a wi\u0119cej informacji na stronie internetowej: polskanaskale.pl.<\/p>\n<p>5.We wtorek, o godzinie 19.30, w parafii \u015bw. Jana Kantego rozpoczynaj\u0105 si\u0119 katechezy dla m\u0142odzie\u017cy i doros\u0142ych \u2013 katechezy neokatechumenalne. Wi\u0119cej informacji na plakatach na ogrodzeniu parafii.<\/p>\n<p>6.W \u015brod\u0119, 19 lutego, po Mszy \u015bwi\u0119tej o godzinie 18.00, zapraszamy na nabo\u017ce\u0144stwo do \u015bw. J\u00f3zefa \u2013 patrona rodzin i ma\u0142\u017ce\u0144stw. B\u0119dziemy prosili Oblubie\u0144ca NMP o jego wstawiennictwo w opiece nad naszymi rodzinami i zwi\u0105zkami ma\u0142\u017ce\u0144skimi.<\/p>\n<p>7.W sobot\u0119, 22 lutego, zapraszamy na kolejne nabo\u017ce\u0144stwo do \u015bw. Rity, patronki spraw trudnych i beznadziejnych. O godzinie 18.00 zostanie odprawiona Msza \u015bwi\u0119ta, w trakcie kt\u00f3rej zostan\u0105 po\u015bwi\u0119cone r\u00f3\u017ce. Po Mszy \u015bwi\u0119tej wsp\u00f3lne modlitwy do patronki trudnych spraw.<\/p>\n<p>8.Kalendarz liturgiczny na ten tydzie\u0144: w sobot\u0119 \u2013 \u015bwi\u0119to Katedry \u015bw. Piotra, Aposto\u0142a.<\/p>\n<\/div>\n","protected":false},"excerpt":{"rendered":"<p>1.Dzisiaj, o godzinie 10.25, katecheza dla dzieci klas IV SP przed rocznic\u0105 I Komunii \u015bwi\u0119tej. 2.W przysz\u0142\u0105 niedziel\u0119 zapraszamy na kolejny Wiecz\u00f3r Uwielbienia z Maryj\u0105. Rozpoczynamy Msz\u0105 \u015bwi\u0119t\u0105 o godzinie 18.00, a nast\u0119pnie wystawienie Naj\u015bwi\u0119tszego Sakramentu, adoracja, rozwa\u017cania, modlitwa Pismem \u015bwi\u0119tym i \u015bpiewem. Organizatorem Wieczoru uwielbienia jest Odnowa w Duchu \u015awi\u0119tym \u2013 Dzieci Maryi, z [&hellip;]<\/p>\n","protected":false},"author":1,"featured_media":30657,"comment_status":"closed","ping_status":"closed","sticky":false,"template":"","format":"standard","meta":{"footnotes":""},"categories":[2,14],"tags":[],"class_list":["post-26832","post","type-post","status-publish","format-standard","has-post-thumbnail","hentry","category-aktualnosci","category-ogloszenia-parafialne"],"_links":{"self":[{"href":"https:\/\/mbfatimska.ovh\/index.php\/wp-json\/wp\/v2\/posts\/26832","targetHints":{"allow":["GET"]}}],"collection":[{"href":"https:\/\/mbfatimska.ovh\/index.php\/wp-json\/wp\/v2\/posts"}],"about":[{"href":"https:\/\/mbfatimska.ovh\/index.php\/wp-json\/wp\/v2\/types\/post"}],"author":[{"embeddable":true,"href":"https:\/\/mbfatimska.ovh\/index.php\/wp-json\/wp\/v2\/users\/1"}],"replies":[{"embeddable":true,"href":"https:\/\/mbfatimska.ovh\/index.php\/wp-json\/wp\/v2\/comments?post=26832"}],"version-history":[{"count":1,"href":"https:\/\/mbfatimska.ovh\/index.php\/wp-json\/wp\/v2\/posts\/26832\/revisions"}],"predecessor-version":[{"id":40022,"href":"https:\/\/mbfatimska.ovh\/index.php\/wp-json\/wp\/v2\/posts\/26832\/revisions\/40022"}],"wp:featuredmedia":[{"embeddable":true,"href":"https:\/\/mbfatimska.ovh\/index.php\/wp-json\/wp\/v2\/media\/30657"}],"wp:attachment":[{"href":"https:\/\/mbfatimska.ovh\/index.php\/wp-json\/wp\/v2\/media?parent=26832"}],"wp:term":[{"taxonomy":"category","embeddable":true,"href":"https:\/\/mbfatimska.ovh\/index.php\/wp-json\/wp\/v2\/categories?post=26832"},{"taxonomy":"post_tag","embeddable":true,"href":"https:\/\/mbfatimska.ovh\/index.php\/wp-json\/wp\/v2\/tags?post=26832"}],"curies":[{"name":"wp","href":"https:\/\/api.w.org\/{rel}","templated":true}]}}