{"id":26835,"date":"2025-02-15T20:12:37","date_gmt":"2025-02-15T19:12:37","guid":{"rendered":"https:\/\/www.mbfatimska.pl\/?p=26835"},"modified":"2025-02-15T20:12:37","modified_gmt":"2025-02-15T19:12:37","slug":"wielka-nowenna-za-ojczyzne-11-lutego-15-kwietnia","status":"publish","type":"post","link":"https:\/\/mbfatimska.ovh\/index.php\/2025\/02\/15\/wielka-nowenna-za-ojczyzne-11-lutego-15-kwietnia\/","title":{"rendered":"Wielka Nowenna za Ojczyzn\u0119 w naszej parafii- 11 lutego-15 kwietnia"},"content":{"rendered":"<p>Od 11 lutego do 15 kwietnia trwa Wielka Nowenna za Ojczyzn\u0119. Ta nieustanna modlitwa trwaj\u0105ca 9 tygodni b\u0119dzie ukoronowana Zawierzeniem Polski Mi\u0142osierdziu Bo\u017cemu 27 kwietnia \u2013 w Niedziel\u0119 Mi\u0142osierdzia Bo\u017cego podczas Mszy \u015bwi\u0119tej. Jakie warunki nale\u017cy spe\u0142ni\u0107: codziennie, jedna cz\u0119\u015b\u0107 r\u00f3\u017ca\u0144ca \u015bwi\u0119tego, koronka do Bo\u017cego Mi\u0142osierdzia, modlitwa za Ojczyzn\u0119, w ka\u017cd\u0105 niedziel\u0119 Komunia \u015bwi\u0119ta wynagradzaj\u0105ca za grzechy Polak\u00f3w. W naszej parafii nowenna trwa podczas modlitwy r\u00f3\u017ca\u0144cowej, ka\u017cdego dnia o godzinie 17.30. Gor\u0105co zapraszamy a wi\u0119cej informacji na stronie internetowej: <a href=\"https:\/\/polskanaskale.pl\/\">polskanaskale.pl &#8211; link tutaj<\/a>!<\/p>\n<div id='gallery-1' class='gallery galleryid-26835 gallery-columns-3 gallery-size-large'><figure class='gallery-item'>\n\t\t\t<div class='gallery-icon landscape'>\n\t\t\t\t<a href='https:\/\/mbfatimska.ovh\/wm-baner-na-skale-32\/'><img fetchpriority=\"high\" decoding=\"async\" width=\"800\" height=\"400\" src=\"https:\/\/mbfatimska.ovh\/wp-content\/uploads\/2025\/02\/WM-BANER-NA-SKALE-32-scaled-1-1024x512.jpg\" class=\"attachment-large size-large\" alt=\"\" srcset=\"https:\/\/mbfatimska.ovh\/wp-content\/uploads\/2025\/02\/WM-BANER-NA-SKALE-32-scaled-1-1024x512.jpg 1024w, https:\/\/mbfatimska.ovh\/wp-content\/uploads\/2025\/02\/WM-BANER-NA-SKALE-32-scaled-1-300x150.jpg 300w, https:\/\/mbfatimska.ovh\/wp-content\/uploads\/2025\/02\/WM-BANER-NA-SKALE-32-scaled-1-768x384.jpg 768w, https:\/\/mbfatimska.ovh\/wp-content\/uploads\/2025\/02\/WM-BANER-NA-SKALE-32-scaled-1-1536x768.jpg 1536w, https:\/\/mbfatimska.ovh\/wp-content\/uploads\/2025\/02\/WM-BANER-NA-SKALE-32-scaled-1-2048x1024.jpg 2048w\" sizes=\"(max-width: 800px) 100vw, 800px\" \/><\/a>\n\t\t\t<\/div><\/figure>\n\t\t<\/div>\n\n","protected":false},"excerpt":{"rendered":"<p>Od 11 lutego do 15 kwietnia trwa Wielka Nowenna za Ojczyzn\u0119. Ta nieustanna modlitwa trwaj\u0105ca 9 tygodni b\u0119dzie ukoronowana Zawierzeniem Polski Mi\u0142osierdziu Bo\u017cemu 27 kwietnia \u2013 w Niedziel\u0119 Mi\u0142osierdzia Bo\u017cego podczas Mszy \u015bwi\u0119tej. Jakie warunki nale\u017cy spe\u0142ni\u0107: codziennie, jedna cz\u0119\u015b\u0107 r\u00f3\u017ca\u0144ca \u015bwi\u0119tego, koronka do Bo\u017cego Mi\u0142osierdzia, modlitwa za Ojczyzn\u0119, w ka\u017cd\u0105 niedziel\u0119 Komunia \u015bwi\u0119ta wynagradzaj\u0105ca [&hellip;]<\/p>\n","protected":false},"author":1,"featured_media":26842,"comment_status":"closed","ping_status":"closed","sticky":false,"template":"","format":"standard","meta":{"footnotes":""},"categories":[2],"tags":[],"class_list":["post-26835","post","type-post","status-publish","format-standard","has-post-thumbnail","hentry","category-aktualnosci"],"_links":{"self":[{"href":"https:\/\/mbfatimska.ovh\/index.php\/wp-json\/wp\/v2\/posts\/26835","targetHints":{"allow":["GET"]}}],"collection":[{"href":"https:\/\/mbfatimska.ovh\/index.php\/wp-json\/wp\/v2\/posts"}],"about":[{"href":"https:\/\/mbfatimska.ovh\/index.php\/wp-json\/wp\/v2\/types\/post"}],"author":[{"embeddable":true,"href":"https:\/\/mbfatimska.ovh\/index.php\/wp-json\/wp\/v2\/users\/1"}],"replies":[{"embeddable":true,"href":"https:\/\/mbfatimska.ovh\/index.php\/wp-json\/wp\/v2\/comments?post=26835"}],"version-history":[{"count":1,"href":"https:\/\/mbfatimska.ovh\/index.php\/wp-json\/wp\/v2\/posts\/26835\/revisions"}],"predecessor-version":[{"id":40021,"href":"https:\/\/mbfatimska.ovh\/index.php\/wp-json\/wp\/v2\/posts\/26835\/revisions\/40021"}],"wp:featuredmedia":[{"embeddable":true,"href":"https:\/\/mbfatimska.ovh\/index.php\/wp-json\/wp\/v2\/media\/26842"}],"wp:attachment":[{"href":"https:\/\/mbfatimska.ovh\/index.php\/wp-json\/wp\/v2\/media?parent=26835"}],"wp:term":[{"taxonomy":"category","embeddable":true,"href":"https:\/\/mbfatimska.ovh\/index.php\/wp-json\/wp\/v2\/categories?post=26835"},{"taxonomy":"post_tag","embeddable":true,"href":"https:\/\/mbfatimska.ovh\/index.php\/wp-json\/wp\/v2\/tags?post=26835"}],"curies":[{"name":"wp","href":"https:\/\/api.w.org\/{rel}","templated":true}]}}