{"id":26868,"date":"2025-02-21T11:14:05","date_gmt":"2025-02-21T10:14:05","guid":{"rendered":"https:\/\/www.mbfatimska.pl\/?p=26868"},"modified":"2025-02-21T11:14:05","modified_gmt":"2025-02-21T10:14:05","slug":"spotkania-w-grupach-informacje-dla-osob-przygotowujacych-sie-do-sakramentu-bierzmowania-2024-2025","status":"publish","type":"post","link":"https:\/\/mbfatimska.ovh\/index.php\/2025\/02\/21\/spotkania-w-grupach-informacje-dla-osob-przygotowujacych-sie-do-sakramentu-bierzmowania-2024-2025\/","title":{"rendered":"Spotkania w grupach (26 lutego->2 marca) &#8211; Informacje dla os\u00f3b przygotowuj\u0105cych si\u0119 do sakramentu bierzmowania 2024\/2025"},"content":{"rendered":"<p><strong>Terminy i miejsca spotka\u0144 w grupach w tygodniu 24 lutego -&gt; 2 marca<\/strong><\/p>\n<p>GRUPA 1 &#8211; 26 lutego (\u015broda), godzina 17.00 w salce pod zakrysti\u0105<\/p>\n<p>GRUPA 2 &#8211; 28 lutego (pi\u0105tek), godzina 18.00 w kawiarence<\/p>\n<p>GRUPA 3 &#8211; 27 lutego (czwartek), godzina 17.30 w kawiarence<\/p>\n<p>GRUPA 4 &#8211; 27 lutego (czwartek), godzina 17.00 w salce pod zakrysti\u0105<\/p>\n<p>GRUPA 5 &#8211; 25 lutego (wtorek), godzina 16.30 w kawiarence<\/p>\n<p>GRUPA 6 &#8211; 2 marca (niedziela), godzina 17.00 w salce pod zakrysti\u0105<\/p>\n<p>GRUPA 7 &#8211; 24 lutego (poniedzia\u0142ek), godzina 17.00 w salce pod zakrysti\u0105<\/p>\n","protected":false},"excerpt":{"rendered":"<p>Terminy i miejsca spotka\u0144 w grupach w tygodniu 24 lutego -&gt; 2 marca GRUPA 1 &#8211; 26 lutego (\u015broda), godzina 17.00 w salce pod zakrysti\u0105 GRUPA 2 &#8211; 28 lutego (pi\u0105tek), godzina 18.00 w kawiarence GRUPA 3 &#8211; 27 lutego (czwartek), godzina 17.30 w kawiarence GRUPA 4 &#8211; 27 lutego (czwartek), godzina 17.00 w salce [&hellip;]<\/p>\n","protected":false},"author":1,"featured_media":26869,"comment_status":"closed","ping_status":"closed","sticky":false,"template":"","format":"standard","meta":{"footnotes":""},"categories":[2,4],"tags":[],"class_list":["post-26868","post","type-post","status-publish","format-standard","has-post-thumbnail","hentry","category-aktualnosci","category-bierzmowanie"],"_links":{"self":[{"href":"https:\/\/mbfatimska.ovh\/index.php\/wp-json\/wp\/v2\/posts\/26868","targetHints":{"allow":["GET"]}}],"collection":[{"href":"https:\/\/mbfatimska.ovh\/index.php\/wp-json\/wp\/v2\/posts"}],"about":[{"href":"https:\/\/mbfatimska.ovh\/index.php\/wp-json\/wp\/v2\/types\/post"}],"author":[{"embeddable":true,"href":"https:\/\/mbfatimska.ovh\/index.php\/wp-json\/wp\/v2\/users\/1"}],"replies":[{"embeddable":true,"href":"https:\/\/mbfatimska.ovh\/index.php\/wp-json\/wp\/v2\/comments?post=26868"}],"version-history":[{"count":1,"href":"https:\/\/mbfatimska.ovh\/index.php\/wp-json\/wp\/v2\/posts\/26868\/revisions"}],"predecessor-version":[{"id":39994,"href":"https:\/\/mbfatimska.ovh\/index.php\/wp-json\/wp\/v2\/posts\/26868\/revisions\/39994"}],"wp:featuredmedia":[{"embeddable":true,"href":"https:\/\/mbfatimska.ovh\/index.php\/wp-json\/wp\/v2\/media\/26869"}],"wp:attachment":[{"href":"https:\/\/mbfatimska.ovh\/index.php\/wp-json\/wp\/v2\/media?parent=26868"}],"wp:term":[{"taxonomy":"category","embeddable":true,"href":"https:\/\/mbfatimska.ovh\/index.php\/wp-json\/wp\/v2\/categories?post=26868"},{"taxonomy":"post_tag","embeddable":true,"href":"https:\/\/mbfatimska.ovh\/index.php\/wp-json\/wp\/v2\/tags?post=26868"}],"curies":[{"name":"wp","href":"https:\/\/api.w.org\/{rel}","templated":true}]}}