{"id":26874,"date":"2025-02-22T11:49:46","date_gmt":"2025-02-22T10:49:46","guid":{"rendered":"https:\/\/www.mbfatimska.pl\/?p=26874"},"modified":"2026-02-12T14:39:59","modified_gmt":"2026-02-12T14:39:59","slug":"vii-niedziela-zwykla-3","status":"publish","type":"post","link":"https:\/\/mbfatimska.ovh\/index.php\/2025\/02\/22\/vii-niedziela-zwykla-3\/","title":{"rendered":"VII Niedziela Zwyk\u0142a"},"content":{"rendered":"<div class=\"post-excerpt\">\n<p>1.Dzisiaj, o godzinie 10.25, katecheza dla dzieci klas III SP przed uroczysto\u015bci\u0105 I Komunii \u015bwi\u0119tej.<\/p>\n<p>2.R\u00f3wnie\u017c dzisiaj, kolejny Wiecz\u00f3r Uwielbienia z Maryj\u0105, zorganizowany przez Odnow\u0119 w Duchu \u015awi\u0119tym. Rozpoczynamy Msz\u0105 \u015bwi\u0119t\u0105 o godzinie 18.00, a nast\u0119pnie wystawienie Naj\u015bwi\u0119tszego Sakramentu, adoracja, rozwa\u017cania, modlitwa Pismem \u015bwi\u0119tym i \u015bpiewem. Serdecznie zapraszamy.<\/p>\n<p>3.Wsp\u00f3lnota Odnowy w Duchu \u015awi\u0119tym &#8222;Dzieci Maryi&#8221; zaprasza r\u00f3wnie\u017c do podj\u0119cia rocznej modlitwy za kap\u0142an\u00f3w pos\u0142uguj\u0105cych w naszej parafii w ramach Apostolatu &#8222;MARGARETKA&#8221;. Karty zg\u0142oszeniowe wraz z informacj\u0105 czym jest i jak funkcjonuje &#8222;MARGARETKA&#8221; znajduj\u0105 si\u0119 na stoliku za \u0142awkami.\u00a0Wype\u0142nione karty nale\u017cy wrzuci\u0107 do przygotowanego pude\u0142ka, przekaza\u0107 osobi\u015bcie cz\u0142onkowi wsp\u00f3lnoty lub przes\u0142a\u0107 zdj\u0119cie karty na wskazany numer kontaktowy. MARGARETKI dzia\u0142aj\u0105 w naszej parafii ju\u017c\u00a0pi\u0105ty\u00a0rok i gromadz\u0105 coraz wi\u0119cej wiernych. Dzi\u0119kujemy za dotychczasow\u0105 modlitw\u0119 i zapraszamy do w\u0142\u0105czenia si\u0119 nowe osoby.<\/p>\n<p>4.W tym tygodniu zapraszamy kandydat\u00f3w do bierzmowania na spotkania w grupach. Grafik spotka\u0144 poszczeg\u00f3lnych grup dost\u0119pny jest na stronie internetowej naszej parafii. Przypominamy, \u017ce spotkania s\u0105 obowi\u0105zkowe.<\/p>\n<p>5.W czwartek, w godzinach 17-18, w budynku Centrum Wsparcia Fizycznego, b\u0119dzie mo\u017cna skorzysta\u0107 z darmowych konsultacji i terapii logopedy szkolnego.<\/p>\n<p>6.W pi\u0105tek o godzinie 18.00, zostanie odprawiona Msza \u015bwi\u0119ta wypominkowa za naszych bliskich zmar\u0142ych polecanych w wypominkach rocznych.<\/p>\n<p>7.R\u00f3wnie\u017c w pi\u0105tek, z racji 28 dnia miesi\u0105ca, po Mszy \u015bwi\u0119tej o godzinie 18.00, kolejne nabo\u017ce\u0144stwo do b\u0142. kard. Stefana Wyszy\u0144skiego patrona naszego miasta.<\/p>\n<p>8.W sobot\u0119 z racji I soboty miesi\u0105ca, zapraszamy na nabo\u017ce\u0144stwo wynagradzaj\u0105ce Niepokalanemu Sercu NMP po Mszy \u015bwi\u0119tej o godzinie 18.00 i adoracj\u0119 Naj\u015bwi\u0119tszego Sakramentu, kt\u00f3re trwa\u0107 b\u0119dzie do godziny 20.15.<\/p>\n<p>9.Za tydzie\u0144, w niedziel\u0119, z racji I niedzieli miesi\u0105ca, po Mszy \u015bwi\u0119tej o godzinie 12.30, wystawienie Naj\u015bwi\u0119tszego Sakramentu i adoracja do godziny 17.45.<\/p>\n<p>10.Zbli\u017ca si\u0119 okres rozliczeniowy z Urz\u0119dem Skarbowym. Zach\u0119camy do przekazania 1,5% z naszych podatk\u00f3w na rzecz Legionowskiego Stowarzyszenia AMICUS. Stowarzyszenie prowadzi Warsztat Terapii Zaj\u0119ciowej dla 44 os\u00f3b z niepe\u0142nosprawno\u015bciami, Klub Seniora dla 30 os\u00f3b starszych, samotnych, \u015bwietlic\u0119 dla dzieci i m\u0142odzie\u017cy, organizuje wyjazdy wakacyjne dla dzieci, pielgrzymki dla doros\u0142ych, pomaga Polakom na Wile\u0144szczy\u017anie. Od wielu lat pomaga osobom chorym i potrzebuj\u0105cym przez prowadzenie wypo\u017cyczalni sprz\u0119tu rehabilitacyjnego, zabieg\u00f3w fizykoterapii i rehabilitacji, oraz robi\u0105c paczki \u017cywno\u015bciowe dla os\u00f3b ubogich. Stosowne ulotki roz\u0142o\u017cone s\u0105 na stolikach za \u0142awkami, oraz wszelkie dane jak KRS, zamieszczone s\u0105 w biuletynie parafialnym.<\/p>\n<\/div>\n","protected":false},"excerpt":{"rendered":"<p>1.Dzisiaj, o godzinie 10.25, katecheza dla dzieci klas III SP przed uroczysto\u015bci\u0105 I Komunii \u015bwi\u0119tej. 2.R\u00f3wnie\u017c dzisiaj, kolejny Wiecz\u00f3r Uwielbienia z Maryj\u0105, zorganizowany przez Odnow\u0119 w Duchu \u015awi\u0119tym. Rozpoczynamy Msz\u0105 \u015bwi\u0119t\u0105 o godzinie 18.00, a nast\u0119pnie wystawienie Naj\u015bwi\u0119tszego Sakramentu, adoracja, rozwa\u017cania, modlitwa Pismem \u015bwi\u0119tym i \u015bpiewem. Serdecznie zapraszamy. 3.Wsp\u00f3lnota Odnowy w Duchu \u015awi\u0119tym &#8222;Dzieci Maryi&#8221; [&hellip;]<\/p>\n","protected":false},"author":1,"featured_media":30657,"comment_status":"closed","ping_status":"closed","sticky":false,"template":"","format":"standard","meta":{"footnotes":""},"categories":[2,14],"tags":[],"class_list":["post-26874","post","type-post","status-publish","format-standard","has-post-thumbnail","hentry","category-aktualnosci","category-ogloszenia-parafialne"],"_links":{"self":[{"href":"https:\/\/mbfatimska.ovh\/index.php\/wp-json\/wp\/v2\/posts\/26874","targetHints":{"allow":["GET"]}}],"collection":[{"href":"https:\/\/mbfatimska.ovh\/index.php\/wp-json\/wp\/v2\/posts"}],"about":[{"href":"https:\/\/mbfatimska.ovh\/index.php\/wp-json\/wp\/v2\/types\/post"}],"author":[{"embeddable":true,"href":"https:\/\/mbfatimska.ovh\/index.php\/wp-json\/wp\/v2\/users\/1"}],"replies":[{"embeddable":true,"href":"https:\/\/mbfatimska.ovh\/index.php\/wp-json\/wp\/v2\/comments?post=26874"}],"version-history":[{"count":1,"href":"https:\/\/mbfatimska.ovh\/index.php\/wp-json\/wp\/v2\/posts\/26874\/revisions"}],"predecessor-version":[{"id":39996,"href":"https:\/\/mbfatimska.ovh\/index.php\/wp-json\/wp\/v2\/posts\/26874\/revisions\/39996"}],"wp:featuredmedia":[{"embeddable":true,"href":"https:\/\/mbfatimska.ovh\/index.php\/wp-json\/wp\/v2\/media\/30657"}],"wp:attachment":[{"href":"https:\/\/mbfatimska.ovh\/index.php\/wp-json\/wp\/v2\/media?parent=26874"}],"wp:term":[{"taxonomy":"category","embeddable":true,"href":"https:\/\/mbfatimska.ovh\/index.php\/wp-json\/wp\/v2\/categories?post=26874"},{"taxonomy":"post_tag","embeddable":true,"href":"https:\/\/mbfatimska.ovh\/index.php\/wp-json\/wp\/v2\/tags?post=26874"}],"curies":[{"name":"wp","href":"https:\/\/api.w.org\/{rel}","templated":true}]}}