{"id":26893,"date":"2025-03-01T13:39:19","date_gmt":"2025-03-01T12:39:19","guid":{"rendered":"https:\/\/www.mbfatimska.pl\/?p=26893"},"modified":"2026-02-12T14:39:07","modified_gmt":"2026-02-12T14:39:07","slug":"viii-niedziela-zwykla-2","status":"publish","type":"post","link":"https:\/\/mbfatimska.ovh\/index.php\/2025\/03\/01\/viii-niedziela-zwykla-2\/","title":{"rendered":"VIII Niedziela Zwyk\u0142a"},"content":{"rendered":"<div id=\"content\" class=\"sidebar-right span9 single\">\n<div class=\"post clearfix format-\">\n<div class=\"post-content-container\">\n<div class=\"post-content\">\n<h3 class=\"title\"><\/h3>\n<div class=\"post-meta\">\n<div class=\"post-excerpt\">\n<p>1.Dzisiaj I niedziela miesi\u0105ca. Po Mszy \u015bwi\u0119tej o godzinie 12.30, wystawienie Naj\u015bwi\u0119tszego Sakramentu i mo\u017cliwo\u015b\u0107 adoracji do godziny 17.40.<\/p>\n<p>2.Z dniem dzisiejszym rozpocz\u0119li\u015bmy w Ko\u015bciele tydzie\u0144 modlitw o trze\u017awo\u015b\u0107 Narodu. Chcemy prosi\u0107, aby na\u0142ogi i zniewolenia nie by\u0142y powodem do zgorszenia, ale \u017ceby\u015bmy zawsze szukali wzajemnej zgody i pomocy sobie nawzajem.<\/p>\n<p>3. Przypominamy, \u017ce\u00a0 w poniedzia\u0142ki w budynku Centrum Wsparcia Fizycznego, w godzinach 18-20:00, mo\u017cemy skorzysta\u0107 z darmowych porad\u00a0 i konsultacji psychologa. Zapraszamy te osoby, kt\u00f3re s\u0105: w trudnej sytuacji \u017cyciowej i kryzysie (rozstanie, strata, \u017ca\u0142oba); w stanie nadmiernego l\u0119ku i stresu; w kryzysie relacji z bliskimi i miejscem pracy. Zapraszamy rodzic\u00f3w potrzebuj\u0105cych porad i wsparcia w budowaniu zdrowych relacji z dzieckiem, rodzic\u00f3w dzieci prze\u017cywaj\u0105cych problemy emocjonalne i konflikty r\u00f3wie\u015bnicze. W czwartki za\u015b w godzianch 18-20:00 mo\u017cna skorzysta\u0107 z poradni \u017cycia rodzinnego w tym z mediacji rodzinnych. Mo\u017cliwe s\u0105 r\u00f3wnie\u017c konsultacje telefoniczne. Wi\u0119cej informacji o zadaniu pod nr tel. 692-480-148.\u00a0 Zadanie dofinansowane przez Gimn\u0119 Miejsk\u0105 Legionowo.<\/p>\n<p>4.W \u015brod\u0119 prze\u017cywa\u0107 b\u0119dziemy \u015arod\u0119 Popielcow\u0105, kt\u00f3ra rozpoczyna 40-dniowy czas postu, modlitwy i umartwienia, czyli Wielki Post. Zapraszamy tego dnia na Msze \u015bwi\u0119te z obrz\u0119dem posypania g\u0142\u00f3w popio\u0142em na znak pokuty, o godzinie 7.30, 9.00, 16.30 dla dzieci, o 18.00 i 19.45. Z tej racji kancelaria parafialna b\u0119dzie w \u015brod\u0119 nieczynna. Tego dnia r\u00f3wnie\u017c obowi\u0105zuje nas post \u015bcis\u0142y, ilo\u015bciowy i jako\u015bciowy, tzn., \u017ce wolno nam zje\u015b\u0107 trzy posi\u0142ki bezmi\u0119sne, w tym jeden do syta.<\/p>\n<p>5.W Wielkim Po\u015bcie zapraszamy na nabo\u017ce\u0144stwa wielkopostne: Gorzkie \u017bale z kazaniem pasyjnym w niedziele o godzinie 17.15 i Drog\u0119 Krzy\u017cow\u0105 w pi\u0105tki o 16.30 dla dzieci i 18.45 dla doros\u0142ych.<\/p>\n<p>6.W tym tygodniu przed nami: I czwartek miesi\u0105ca \u2013 po Mszy \u015bwi\u0119tej o godzinie 18.00, wystawienie Naj\u015bwi\u0119tszego Sakramentu, modlitwa Koronk\u0105 do Bo\u017cego Mi\u0142osierdzia i mo\u017cliwo\u015b\u0107 adoracji do godziny 21.00; I pi\u0105tek miesi\u0105ca \u2013 mo\u017cliwo\u015b\u0107 skorzystania z sakramentu pokuty od 16.15 do godziny 18.45.<\/p>\n<p>7.W pi\u0105tek, o godzinie 19.00, odb\u0119dzie si\u0119 konferencja przedchrzcielna. Przypominamy, \u017ce bior\u0105 w niej udzia\u0142 rodzice dziecka, kt\u00f3re b\u0119dzie ochrzczone w naszej parafii, b\u0105d\u017a b\u0119dzie brana zgoda na chrzest do innej parafii, oraz kandydaci na rodzic\u00f3w chrzestnych mieszkaj\u0105cych w naszej parafii.<\/p>\n<p>8.W niedziel\u0119, za tydzie\u0144, na godzin\u0119 16.20, do salki pod zakrysti\u0105, zapraszamy na spotkanie kandydat\u00f3w przygotowuj\u0105cych si\u0119 do sakramentu bierzmowania.<\/p>\n<p>8.R\u00f3wnie\u017c w nast\u0119pn\u0105 niedziel\u0119, na godzin\u0119 10.25, zapraszamy dzieci klas III SP na kolejn\u0105 katechez\u0119 przed uroczysto\u015bci\u0105 I Komunii \u015bwi\u0119tej.<\/p>\n<p>9.W poniedzia\u0142ek, o godzinie 19.00, w ko\u015bciele, spotkanie informacyjno-formacyjne dla rodzic\u00f3w dzieci przed I Komuni\u0105 \u015bwi\u0119t\u0105.<\/p>\n<p>10.We wtorek, o godzinie 19.00, spotkanie dla rodzic\u00f3w dzieci, kt\u00f3re przygotowuj\u0105 si\u0119 do rocznicy I Komunii \u015bwi\u0119tej. Spotkanie odb\u0119dzie si\u0119 w ko\u015bciele.<\/p>\n<p>11.Kalendarz liturgiczny na ten tydzie\u0144: we wtorek \u2013 \u015bwi\u0119to \u015bw. Kazimierza, Kr\u00f3lewicza; w \u015brod\u0119 \u2013 \u015aroda Popielcowa.<\/p>\n<p>12.W najbli\u017cszy pi\u0105tek, na Mszy \u015bwi\u0119tej o godzinie 18.00, b\u0119dziemy modlili si\u0119 za Ksi\u0119dza Proboszcza z racji urodzin i imienin, a okazja do z\u0142o\u017cenia \u017cycze\u0144 b\u0119dzie w nast\u0119pn\u0105 niedziel\u0119, gdzie b\u0119dziemy chcieli podzi\u0119kowa\u0107 Panu Bogu za pos\u0142ug\u0119 Jubilata i Solenizanta.<\/p>\n<\/div>\n<\/div>\n<\/div>\n<\/div>\n<\/div>\n<\/div>\n","protected":false},"excerpt":{"rendered":"<p>1.Dzisiaj I niedziela miesi\u0105ca. Po Mszy \u015bwi\u0119tej o godzinie 12.30, wystawienie Naj\u015bwi\u0119tszego Sakramentu i mo\u017cliwo\u015b\u0107 adoracji do godziny 17.40. 2.Z dniem dzisiejszym rozpocz\u0119li\u015bmy w Ko\u015bciele tydzie\u0144 modlitw o trze\u017awo\u015b\u0107 Narodu. Chcemy prosi\u0107, aby na\u0142ogi i zniewolenia nie by\u0142y powodem do zgorszenia, ale \u017ceby\u015bmy zawsze szukali wzajemnej zgody i pomocy sobie nawzajem. 3. Przypominamy, \u017ce\u00a0 w [&hellip;]<\/p>\n","protected":false},"author":1,"featured_media":30657,"comment_status":"closed","ping_status":"closed","sticky":false,"template":"","format":"standard","meta":{"footnotes":""},"categories":[2,14],"tags":[],"class_list":["post-26893","post","type-post","status-publish","format-standard","has-post-thumbnail","hentry","category-aktualnosci","category-ogloszenia-parafialne"],"_links":{"self":[{"href":"https:\/\/mbfatimska.ovh\/index.php\/wp-json\/wp\/v2\/posts\/26893","targetHints":{"allow":["GET"]}}],"collection":[{"href":"https:\/\/mbfatimska.ovh\/index.php\/wp-json\/wp\/v2\/posts"}],"about":[{"href":"https:\/\/mbfatimska.ovh\/index.php\/wp-json\/wp\/v2\/types\/post"}],"author":[{"embeddable":true,"href":"https:\/\/mbfatimska.ovh\/index.php\/wp-json\/wp\/v2\/users\/1"}],"replies":[{"embeddable":true,"href":"https:\/\/mbfatimska.ovh\/index.php\/wp-json\/wp\/v2\/comments?post=26893"}],"version-history":[{"count":3,"href":"https:\/\/mbfatimska.ovh\/index.php\/wp-json\/wp\/v2\/posts\/26893\/revisions"}],"predecessor-version":[{"id":39995,"href":"https:\/\/mbfatimska.ovh\/index.php\/wp-json\/wp\/v2\/posts\/26893\/revisions\/39995"}],"wp:featuredmedia":[{"embeddable":true,"href":"https:\/\/mbfatimska.ovh\/index.php\/wp-json\/wp\/v2\/media\/30657"}],"wp:attachment":[{"href":"https:\/\/mbfatimska.ovh\/index.php\/wp-json\/wp\/v2\/media?parent=26893"}],"wp:term":[{"taxonomy":"category","embeddable":true,"href":"https:\/\/mbfatimska.ovh\/index.php\/wp-json\/wp\/v2\/categories?post=26893"},{"taxonomy":"post_tag","embeddable":true,"href":"https:\/\/mbfatimska.ovh\/index.php\/wp-json\/wp\/v2\/tags?post=26893"}],"curies":[{"name":"wp","href":"https:\/\/api.w.org\/{rel}","templated":true}]}}