{"id":26913,"date":"2025-03-08T14:17:25","date_gmt":"2025-03-08T13:17:25","guid":{"rendered":"https:\/\/www.mbfatimska.pl\/?p=26913"},"modified":"2026-02-11T14:46:00","modified_gmt":"2026-02-11T14:46:00","slug":"i-niedziela-wielkiego-postu-6","status":"publish","type":"post","link":"https:\/\/mbfatimska.ovh\/index.php\/2025\/03\/08\/i-niedziela-wielkiego-postu-6\/","title":{"rendered":"I Niedziela Wielkiego Postu"},"content":{"rendered":"<div class=\"post-excerpt\">\n<p>1.W \u015brod\u0119 rozpocz\u0119li\u015bmy Wielki Post. W tym czasie zapraszamy na nabo\u017ce\u0144stwa wielkopostne: Drogi Krzy\u017cowe, w pi\u0105tki o godzinie 16.30 dla dzieci, o godzinie 18.45 dla doros\u0142ych i Gorzkie \u017bale w niedziele o godzinie 17.15.<\/p>\n<p>2.Bardzo serdecznie dzi\u0119kujemy osobom z niepe\u0142nosprawno\u015bciami z Warsztatu Terapii Zaj\u0119ciowej \u015bw. Rity wraz z instruktorami za zrobienie dekoracji wielkopostnej pod o\u0142tarz. Dzi\u0119kujemy za ich otwarto\u015b\u0107 i ch\u0119\u0107 w\u0142\u0105czenia si\u0119 w nasz\u0105 wsp\u00f3lnot\u0119 parafialn\u0105.<\/p>\n<p>3.Jeszcze dzisiaj, o godzinie 10.25, katecheza dla dzieci klas III SP przed uroczysto\u015bci\u0105 I Komunii \u015bwi\u0119tej, a o 16.20, dla m\u0142odzie\u017cy przed sakramentem bierzmowania.<\/p>\n<p>4.Przypominamy, \u017ce we wtorki w godzinach 19-21 mo\u017cemy skorzysta\u0107 z darmowych porad prawnika porady udzielane s\u0105 w budynku Centrum Wsparcia Fizycznego. S\u0105 mo\u017cliwe r\u00f3wnie\u017c konsultacje telefoniczne. Wi\u0119cej informacji o zadaniu pod nr tel. 692-480-148. Zadanie dofinansowane przez Gimn\u0119 Miejsk\u0105 Legionowo.<\/p>\n<p>5.Dyrektor Salezja\u0144skiej Szko\u0142y Podstawowej w Legionowie, w ramach rozpoczynaj\u0105cej si\u0119 rekrutacji do klasy pierwszej i klas starszych na rok 2025\/2026, zaprasza na Drzwi Otwarte szko\u0142y, kt\u00f3re odb\u0119d\u0105 si\u0119: 15 marca i 12 kwietnia, w godzinach od 9.00 do 15.00, w budynku szko\u0142y przy ulicy Adama Mickiewicza 35A. Szczeg\u00f3\u0142y znajduj\u0105 si\u0119 na stronie szko\u0142y, oraz plakacie i ulotkach.<\/p>\n<p>6.W poniedzia\u0142ek, na Mszy \u015bwi\u0119tej o godzinie 18.00, zapraszamy osoby, kt\u00f3re podj\u0119\u0142y si\u0119 trudu modlitwy Margaretka, w intencji kap\u0142an\u00f3w naszej parafii. W czasie Mszy \u015bwi\u0119tej nast\u0105pi uroczyste z\u0142o\u017cenie przyrzeczenia trwania w modlitwie.<\/p>\n<p>7.W okresie Wielkiego Postu wsp\u00f3lnota Odnowa w Duchu \u015awi\u0119tym, w poniedzia\u0142ki, w godzinach 18.30 \u2013 20.00, zaprasza do ko\u015bcio\u0142a na wsp\u00f3ln\u0105 modlitw\u0119 adoracyjn\u0105.<\/p>\n<p>8.R\u00f3wnie\u017c w okresie Wielkiego Postu, w pi\u0105tki po Drodze Krzy\u017cowej o godzinie 18.45, zapraszamy do adoracji Naj\u015bwi\u0119tszego Sakramentu z mo\u017cliwo\u015bci\u0105 skorzystania z sakramentu pokuty. Adoracja b\u0119dzie trwa\u0142a do godziny 20.30.<\/p>\n<p>9.W nast\u0119pn\u0105 niedziel\u0119, b\u0119dziemy go\u015bcili w naszej parafii ch\u00f3r Deo Omnis Gloria z parafii Matki Boskiej Zwyci\u0119skiej z Warszawy-Rembertowa. Ch\u00f3r zapewni opraw\u0119 muzyczn\u0105 podczas Mszy \u015bwi\u0119tej o godzinie 18.00, a po Mszy pragnie zaprosi\u0107 na koncert pie\u015bni pasyjnych. Serdecznie zapraszamy.<\/p>\n<p>10.R\u00f3wnie\u017c w przysz\u0142\u0105 niedziel\u0119, na godzin\u0119 10.25 zapraszamy dzieci klas IV SP na katechez\u0119 przed rocznic\u0105 I Komunii \u015bwi\u0119tej.<\/p>\n<\/div>\n","protected":false},"excerpt":{"rendered":"<p>1.W \u015brod\u0119 rozpocz\u0119li\u015bmy Wielki Post. W tym czasie zapraszamy na nabo\u017ce\u0144stwa wielkopostne: Drogi Krzy\u017cowe, w pi\u0105tki o godzinie 16.30 dla dzieci, o godzinie 18.45 dla doros\u0142ych i Gorzkie \u017bale w niedziele o godzinie 17.15. 2.Bardzo serdecznie dzi\u0119kujemy osobom z niepe\u0142nosprawno\u015bciami z Warsztatu Terapii Zaj\u0119ciowej \u015bw. Rity wraz z instruktorami za zrobienie dekoracji wielkopostnej pod o\u0142tarz. [&hellip;]<\/p>\n","protected":false},"author":1,"featured_media":30657,"comment_status":"closed","ping_status":"closed","sticky":false,"template":"","format":"standard","meta":{"footnotes":""},"categories":[2,14],"tags":[],"class_list":["post-26913","post","type-post","status-publish","format-standard","has-post-thumbnail","hentry","category-aktualnosci","category-ogloszenia-parafialne"],"_links":{"self":[{"href":"https:\/\/mbfatimska.ovh\/index.php\/wp-json\/wp\/v2\/posts\/26913","targetHints":{"allow":["GET"]}}],"collection":[{"href":"https:\/\/mbfatimska.ovh\/index.php\/wp-json\/wp\/v2\/posts"}],"about":[{"href":"https:\/\/mbfatimska.ovh\/index.php\/wp-json\/wp\/v2\/types\/post"}],"author":[{"embeddable":true,"href":"https:\/\/mbfatimska.ovh\/index.php\/wp-json\/wp\/v2\/users\/1"}],"replies":[{"embeddable":true,"href":"https:\/\/mbfatimska.ovh\/index.php\/wp-json\/wp\/v2\/comments?post=26913"}],"version-history":[{"count":1,"href":"https:\/\/mbfatimska.ovh\/index.php\/wp-json\/wp\/v2\/posts\/26913\/revisions"}],"predecessor-version":[{"id":39690,"href":"https:\/\/mbfatimska.ovh\/index.php\/wp-json\/wp\/v2\/posts\/26913\/revisions\/39690"}],"wp:featuredmedia":[{"embeddable":true,"href":"https:\/\/mbfatimska.ovh\/index.php\/wp-json\/wp\/v2\/media\/30657"}],"wp:attachment":[{"href":"https:\/\/mbfatimska.ovh\/index.php\/wp-json\/wp\/v2\/media?parent=26913"}],"wp:term":[{"taxonomy":"category","embeddable":true,"href":"https:\/\/mbfatimska.ovh\/index.php\/wp-json\/wp\/v2\/categories?post=26913"},{"taxonomy":"post_tag","embeddable":true,"href":"https:\/\/mbfatimska.ovh\/index.php\/wp-json\/wp\/v2\/tags?post=26913"}],"curies":[{"name":"wp","href":"https:\/\/api.w.org\/{rel}","templated":true}]}}