{"id":26933,"date":"2025-03-14T11:54:38","date_gmt":"2025-03-14T10:54:38","guid":{"rendered":"https:\/\/www.mbfatimska.pl\/?p=26933"},"modified":"2026-02-11T14:39:49","modified_gmt":"2026-02-11T14:39:49","slug":"obloczyny-nowego-ministranta","status":"publish","type":"post","link":"https:\/\/mbfatimska.ovh\/index.php\/2025\/03\/14\/obloczyny-nowego-ministranta\/","title":{"rendered":"Ob\u0142\u00f3czyny nowego ministranta"},"content":{"rendered":"\t\t<div data-elementor-type=\"wp-post\" data-elementor-id=\"26933\" class=\"elementor elementor-26933\" data-elementor-post-type=\"post\">\n\t\t\t\t<div class=\"elementor-element elementor-element-615f971 e-flex e-con-boxed e-con e-parent\" data-id=\"615f971\" data-element_type=\"container\" data-e-type=\"container\">\n\t\t\t\t\t<div class=\"e-con-inner\">\n\t\t\t\t<div class=\"elementor-element elementor-element-fc96fce elementor-widget elementor-widget-text-editor\" data-id=\"fc96fce\" data-element_type=\"widget\" data-e-type=\"widget\" data-widget_type=\"text-editor.default\">\n\t\t\t\t<div class=\"elementor-widget-container\">\n\t\t\t\t\t\t\t\t\t<p>W niedziel\u0119, 23 lutego, podczas Mszy \u015bwi\u0119tej o godzinie 11.00, do grona ministrant\u00f3w zosta\u0142 w\u0142\u0105czony kandydat, kt\u00f3ry uko\u0144czy\u0142 okres formacji, maj\u0105cy na celu przygotowanie go do pe\u0142niejszego uczestniczenia w pos\u0142udze przy o\u0142tarzu. Podczas specjalnego obrz\u0119du, wyrazi\u0142 ch\u0119\u0107, by s\u0142u\u017cy\u0107 Chrystusowi i gorliwie wype\u0142nia\u0107 powierzone mu obowi\u0105zki. Na znak jego przyj\u0119cia do grona ministrant\u00f3w, otrzyma\u0142 w\u0142a\u015bciwy swojej pos\u0142udze str\u00f3j.<\/p><p>Nowemu ministrantowi gratulujemy i \u017cyczymy nies\u0142abn\u0105cej rado\u015bci w kroczeniu za Chrystusem.<\/p>\t\t\t\t\t\t\t\t<\/div>\n\t\t\t\t<\/div>\n\t\t\t\t\t<\/div>\n\t\t\t\t<\/div>\n\t\t<div class=\"elementor-element elementor-element-07049db e-flex e-con-boxed e-con e-parent\" data-id=\"07049db\" data-element_type=\"container\" data-e-type=\"container\">\n\t\t\t\t\t<div class=\"e-con-inner\">\n\t\t\t\t<div class=\"elementor-element elementor-element-888a119 elementor-widget elementor-widget-image-gallery\" data-id=\"888a119\" data-element_type=\"widget\" data-e-type=\"widget\" data-widget_type=\"image-gallery.default\">\n\t\t\t\t<div class=\"elementor-widget-container\">\n\t\t\t\t\t\t\t<div class=\"elementor-image-gallery\">\n\t\t\t<div id='gallery-1' class='gallery galleryid-26933 gallery-columns-3 gallery-size-medium'><figure class='gallery-item'>\n\t\t\t<div class='gallery-icon portrait'>\n\t\t\t\t<a data-elementor-open-lightbox=\"yes\" data-elementor-lightbox-slideshow=\"888a119\" data-elementor-lightbox-title=\"IMG_0780-scaled\" data-e-action-hash=\"#elementor-action%3Aaction%3Dlightbox%26settings%3DeyJpZCI6Mzk2NjQsInVybCI6Imh0dHBzOlwvXC9tYmZhdGltc2thLm92aFwvd3AtY29udGVudFwvdXBsb2Fkc1wvMjAyNlwvMDJcL0lNR18wNzgwLXNjYWxlZC0xLmpwZyIsInNsaWRlc2hvdyI6Ijg4OGExMTkifQ%3D%3D\" href='https:\/\/mbfatimska.ovh\/wp-content\/uploads\/2026\/02\/IMG_0780-scaled-1.jpg'><img fetchpriority=\"high\" width=\"225\" height=\"300\" src=\"https:\/\/mbfatimska.ovh\/wp-content\/uploads\/2026\/02\/IMG_0780-scaled-1-225x300.jpg\" class=\"attachment-medium size-medium\" alt=\"\" decoding=\"async\" srcset=\"https:\/\/mbfatimska.ovh\/wp-content\/uploads\/2026\/02\/IMG_0780-scaled-1-225x300.jpg 225w, https:\/\/mbfatimska.ovh\/wp-content\/uploads\/2026\/02\/IMG_0780-scaled-1-768x1024.jpg 768w, https:\/\/mbfatimska.ovh\/wp-content\/uploads\/2026\/02\/IMG_0780-scaled-1-1152x1536.jpg 1152w, https:\/\/mbfatimska.ovh\/wp-content\/uploads\/2026\/02\/IMG_0780-scaled-1-1536x2048.jpg 1536w, https:\/\/mbfatimska.ovh\/wp-content\/uploads\/2026\/02\/IMG_0780-scaled-1.jpg 1920w\" sizes=\"(max-width: 225px) 100vw, 225px\" \/><\/a>\n\t\t\t<\/div><\/figure><figure class='gallery-item'>\n\t\t\t<div class='gallery-icon portrait'>\n\t\t\t\t<a data-elementor-open-lightbox=\"yes\" data-elementor-lightbox-slideshow=\"888a119\" data-elementor-lightbox-title=\"IMG_1320\" data-e-action-hash=\"#elementor-action%3Aaction%3Dlightbox%26settings%3DeyJpZCI6Mzk2NjUsInVybCI6Imh0dHBzOlwvXC9tYmZhdGltc2thLm92aFwvd3AtY29udGVudFwvdXBsb2Fkc1wvMjAyNlwvMDJcL0lNR18xMzIwLmpwZyIsInNsaWRlc2hvdyI6Ijg4OGExMTkifQ%3D%3D\" href='https:\/\/mbfatimska.ovh\/wp-content\/uploads\/2026\/02\/IMG_1320.jpg'><img width=\"169\" height=\"300\" src=\"https:\/\/mbfatimska.ovh\/wp-content\/uploads\/2026\/02\/IMG_1320-169x300.jpg\" class=\"attachment-medium size-medium\" alt=\"\" decoding=\"async\" srcset=\"https:\/\/mbfatimska.ovh\/wp-content\/uploads\/2026\/02\/IMG_1320-169x300.jpg 169w, https:\/\/mbfatimska.ovh\/wp-content\/uploads\/2026\/02\/IMG_1320-576x1024.jpg 576w, https:\/\/mbfatimska.ovh\/wp-content\/uploads\/2026\/02\/IMG_1320-768x1367.jpg 768w, https:\/\/mbfatimska.ovh\/wp-content\/uploads\/2026\/02\/IMG_1320-863x1536.jpg 863w, https:\/\/mbfatimska.ovh\/wp-content\/uploads\/2026\/02\/IMG_1320.jpg 1151w\" sizes=\"(max-width: 169px) 100vw, 169px\" \/><\/a>\n\t\t\t<\/div><\/figure><figure class='gallery-item'>\n\t\t\t<div class='gallery-icon portrait'>\n\t\t\t\t<a data-elementor-open-lightbox=\"yes\" data-elementor-lightbox-slideshow=\"888a119\" data-elementor-lightbox-title=\"IMG_1319\" data-e-action-hash=\"#elementor-action%3Aaction%3Dlightbox%26settings%3DeyJpZCI6Mzk2NjYsInVybCI6Imh0dHBzOlwvXC9tYmZhdGltc2thLm92aFwvd3AtY29udGVudFwvdXBsb2Fkc1wvMjAyNlwvMDJcL0lNR18xMzE5LmpwZyIsInNsaWRlc2hvdyI6Ijg4OGExMTkifQ%3D%3D\" href='https:\/\/mbfatimska.ovh\/wp-content\/uploads\/2026\/02\/IMG_1319.jpg'><img width=\"189\" height=\"300\" src=\"https:\/\/mbfatimska.ovh\/wp-content\/uploads\/2026\/02\/IMG_1319-189x300.jpg\" class=\"attachment-medium size-medium\" alt=\"\" decoding=\"async\" srcset=\"https:\/\/mbfatimska.ovh\/wp-content\/uploads\/2026\/02\/IMG_1319-189x300.jpg 189w, https:\/\/mbfatimska.ovh\/wp-content\/uploads\/2026\/02\/IMG_1319-646x1024.jpg 646w, https:\/\/mbfatimska.ovh\/wp-content\/uploads\/2026\/02\/IMG_1319-768x1217.jpg 768w, https:\/\/mbfatimska.ovh\/wp-content\/uploads\/2026\/02\/IMG_1319.jpg 898w\" sizes=\"(max-width: 189px) 100vw, 189px\" \/><\/a>\n\t\t\t<\/div><\/figure>\n\t\t<\/div>\n\t\t<\/div>\n\t\t\t\t\t\t<\/div>\n\t\t\t\t<\/div>\n\t\t\t\t\t<\/div>\n\t\t\t\t<\/div>\n\t\t\t\t<\/div>\n\t\t","protected":false},"excerpt":{"rendered":"<p>W niedziel\u0119, 23 lutego, podczas Mszy \u015bwi\u0119tej o godzinie 11.00, do grona ministrant\u00f3w zosta\u0142 w\u0142\u0105czony kandydat, kt\u00f3ry uko\u0144czy\u0142 okres formacji, maj\u0105cy na celu przygotowanie go do pe\u0142niejszego uczestniczenia w pos\u0142udze przy o\u0142tarzu. Podczas specjalnego obrz\u0119du, wyrazi\u0142 ch\u0119\u0107, by s\u0142u\u017cy\u0107 Chrystusowi i gorliwie wype\u0142nia\u0107 powierzone mu obowi\u0105zki. Na znak jego przyj\u0119cia do grona ministrant\u00f3w, otrzyma\u0142 w\u0142a\u015bciwy [&hellip;]<\/p>\n","protected":false},"author":1,"featured_media":26934,"comment_status":"closed","ping_status":"closed","sticky":false,"template":"","format":"standard","meta":{"footnotes":""},"categories":[2,6,27,18],"tags":[],"class_list":["post-26933","post","type-post","status-publish","format-standard","has-post-thumbnail","hentry","category-aktualnosci","category-galerie","category-ministranci-i-lektorzy","category-sluzba-liturgiczna"],"_links":{"self":[{"href":"https:\/\/mbfatimska.ovh\/index.php\/wp-json\/wp\/v2\/posts\/26933","targetHints":{"allow":["GET"]}}],"collection":[{"href":"https:\/\/mbfatimska.ovh\/index.php\/wp-json\/wp\/v2\/posts"}],"about":[{"href":"https:\/\/mbfatimska.ovh\/index.php\/wp-json\/wp\/v2\/types\/post"}],"author":[{"embeddable":true,"href":"https:\/\/mbfatimska.ovh\/index.php\/wp-json\/wp\/v2\/users\/1"}],"replies":[{"embeddable":true,"href":"https:\/\/mbfatimska.ovh\/index.php\/wp-json\/wp\/v2\/comments?post=26933"}],"version-history":[{"count":4,"href":"https:\/\/mbfatimska.ovh\/index.php\/wp-json\/wp\/v2\/posts\/26933\/revisions"}],"predecessor-version":[{"id":39669,"href":"https:\/\/mbfatimska.ovh\/index.php\/wp-json\/wp\/v2\/posts\/26933\/revisions\/39669"}],"wp:featuredmedia":[{"embeddable":true,"href":"https:\/\/mbfatimska.ovh\/index.php\/wp-json\/wp\/v2\/media\/26934"}],"wp:attachment":[{"href":"https:\/\/mbfatimska.ovh\/index.php\/wp-json\/wp\/v2\/media?parent=26933"}],"wp:term":[{"taxonomy":"category","embeddable":true,"href":"https:\/\/mbfatimska.ovh\/index.php\/wp-json\/wp\/v2\/categories?post=26933"},{"taxonomy":"post_tag","embeddable":true,"href":"https:\/\/mbfatimska.ovh\/index.php\/wp-json\/wp\/v2\/tags?post=26933"}],"curies":[{"name":"wp","href":"https:\/\/api.w.org\/{rel}","templated":true}]}}