{"id":26938,"date":"2025-03-14T12:08:47","date_gmt":"2025-03-14T11:08:47","guid":{"rendered":"https:\/\/www.mbfatimska.pl\/?p=26938"},"modified":"2025-03-14T12:08:47","modified_gmt":"2025-03-14T11:08:47","slug":"informacje-dla-rodzicow-dzieci-komunijnych-2024-2025-3","status":"publish","type":"post","link":"https:\/\/mbfatimska.ovh\/index.php\/2025\/03\/14\/informacje-dla-rodzicow-dzieci-komunijnych-2024-2025-3\/","title":{"rendered":"Informacje dla rodzic\u00f3w dzieci komunijnych 2024\/2025"},"content":{"rendered":"<p>Publikujemy informacje dotycz\u0105ce przygotowania do uroczysto\u015bci I Komunii \u015bwi\u0119tej:<\/p>\n<p><strong>1. Wielki Post<\/strong><\/p>\n<p>\u015aroda Popielcowa &#8211; 5.03.2025 &#8211; godzina 16.30 &#8211; Msza \u015bwi\u0119ta<\/p>\n<p>Droga Krzy\u017cowa &#8211; pi\u0105tki &#8211; godzina 16.30 (4 obecno\u015bci) &#8211; 28 marca Drog\u0119 Krzy\u017cow\u0105 prowadz\u0105 Klasy III SP<\/p>\n<p>Gorzkie \u017bale &#8211; niedziele &#8211; godzina 17.15 (2 obecno\u015bci)<\/p>\n<p><strong>2. Rekolekcje Wielkopostne<\/strong><\/p>\n<p>10.04.2025 &#8211; czwartek &#8211; Msza \u015bwi\u0119ta o godzinie 16.30 &#8211; dzieci otrzymuj\u0105 ksi\u0105\u017ceczki do nabo\u017ce\u0144stw<\/p>\n<p>11.04.2025 &#8211; pi\u0105tek &#8211; Msza \u015bwi\u0119ta o godzinie 16.30 &#8211; dzieci otrzymuj\u0105 ksi\u0105\u017ceczki na I pi\u0105tki miesi\u0105ca<\/p>\n<p>12.04.2025 &#8211; sobota &#8211; Msza \u015bwi\u0119ta o godzinie 16.30 &#8211; dzieci otrzymuj\u0105 pami\u0105tkowe ksi\u0105\u017ceczki<\/p>\n<p><strong>3. Niedziela Palmowa<\/strong><\/p>\n<p>Msza \u015bwi\u0119ta o godzinie 11.00 &#8211; po\u015bwi\u0119cenie palm &#8211; rozpocz\u0119cie Eucharystii na schodach Warsztatu Terapii Zaj\u0119ciowej<\/p>\n<p><strong>4. Harmonogram pr\u00f3b przed I Komuni\u0105 \u015bwi\u0119t\u0105<\/strong><\/p>\n<p><strong>Grupa I<\/strong><\/p>\n<p>24 kwietnia &#8211; godzina 19.00<\/p>\n<p>7 maja &#8211; godzina 17.00<\/p>\n<p>14 maja &#8211; godzina 17.00<\/p>\n<p>19 maja &#8211; godzina 17.00<\/p>\n<p><strong>Grupa II<\/strong><\/p>\n<p>25 kwietnia &#8211; godzina 19.00<\/p>\n<p>8 maja &#8211; godzina 17.00<\/p>\n<p>15 maja &#8211; godzina 17.00<\/p>\n<p>20 maja &#8211; godzina 17.00<\/p>\n<p>&nbsp;<\/p>\n","protected":false},"excerpt":{"rendered":"<p>Publikujemy informacje dotycz\u0105ce przygotowania do uroczysto\u015bci I Komunii \u015bwi\u0119tej: 1. Wielki Post \u015aroda Popielcowa &#8211; 5.03.2025 &#8211; godzina 16.30 &#8211; Msza \u015bwi\u0119ta Droga Krzy\u017cowa &#8211; pi\u0105tki &#8211; godzina 16.30 (4 obecno\u015bci) &#8211; 28 marca Drog\u0119 Krzy\u017cow\u0105 prowadz\u0105 Klasy III SP Gorzkie \u017bale &#8211; niedziele &#8211; godzina 17.15 (2 obecno\u015bci) 2. Rekolekcje Wielkopostne 10.04.2025 &#8211; czwartek [&hellip;]<\/p>\n","protected":false},"author":1,"featured_media":26939,"comment_status":"closed","ping_status":"closed","sticky":false,"template":"","format":"standard","meta":{"footnotes":""},"categories":[2,9],"tags":[],"class_list":["post-26938","post","type-post","status-publish","format-standard","has-post-thumbnail","hentry","category-aktualnosci","category-komunia"],"_links":{"self":[{"href":"https:\/\/mbfatimska.ovh\/index.php\/wp-json\/wp\/v2\/posts\/26938","targetHints":{"allow":["GET"]}}],"collection":[{"href":"https:\/\/mbfatimska.ovh\/index.php\/wp-json\/wp\/v2\/posts"}],"about":[{"href":"https:\/\/mbfatimska.ovh\/index.php\/wp-json\/wp\/v2\/types\/post"}],"author":[{"embeddable":true,"href":"https:\/\/mbfatimska.ovh\/index.php\/wp-json\/wp\/v2\/users\/1"}],"replies":[{"embeddable":true,"href":"https:\/\/mbfatimska.ovh\/index.php\/wp-json\/wp\/v2\/comments?post=26938"}],"version-history":[{"count":0,"href":"https:\/\/mbfatimska.ovh\/index.php\/wp-json\/wp\/v2\/posts\/26938\/revisions"}],"wp:featuredmedia":[{"embeddable":true,"href":"https:\/\/mbfatimska.ovh\/index.php\/wp-json\/wp\/v2\/media\/26939"}],"wp:attachment":[{"href":"https:\/\/mbfatimska.ovh\/index.php\/wp-json\/wp\/v2\/media?parent=26938"}],"wp:term":[{"taxonomy":"category","embeddable":true,"href":"https:\/\/mbfatimska.ovh\/index.php\/wp-json\/wp\/v2\/categories?post=26938"},{"taxonomy":"post_tag","embeddable":true,"href":"https:\/\/mbfatimska.ovh\/index.php\/wp-json\/wp\/v2\/tags?post=26938"}],"curies":[{"name":"wp","href":"https:\/\/api.w.org\/{rel}","templated":true}]}}