{"id":26941,"date":"2025-03-14T12:16:50","date_gmt":"2025-03-14T11:16:50","guid":{"rendered":"https:\/\/www.mbfatimska.pl\/?p=26941"},"modified":"2025-03-14T12:16:50","modified_gmt":"2025-03-14T11:16:50","slug":"informacje-dla-rodzicow-dzieci-rocznicowych-2024-2025","status":"publish","type":"post","link":"https:\/\/mbfatimska.ovh\/index.php\/2025\/03\/14\/informacje-dla-rodzicow-dzieci-rocznicowych-2024-2025\/","title":{"rendered":"Informacje dla rodzic\u00f3w dzieci rocznicowych 2024\/2025"},"content":{"rendered":"<p>Publikujemy informacje dotycz\u0105ce przygotowania do uroczysto\u015bci rocznicy I Komunii \u015bwi\u0119tej:<\/p>\n<p><strong>1. Wielki Post<\/strong><\/p>\n<p>\u015aroda Popielcowa &#8211; 5.03.2025 &#8211; godzina 16.30 &#8211; Msza \u015bwi\u0119ta<\/p>\n<p>Droga Krzy\u017cowa &#8211; pi\u0105tki &#8211; godzina 16.30 &#8211; 21 marca Drog\u0119 Krzy\u017cow\u0105 prowadz\u0105 IV Klasy SP<\/p>\n<p>Gorzkie \u017bale &#8211; niedziele &#8211; godzina 17.15<\/p>\n<p><strong>2. Rekolekcje Wielkopostne<\/strong><\/p>\n<p>10.04.2025 &#8211; czwartek &#8211; Msza \u015bwi\u0119ta o godzinie 16.30<\/p>\n<p>11.04.2025 &#8211; pi\u0105tek &#8211; Msza \u015bwi\u0119ta o godzinie 16.30<\/p>\n<p>12.04.2025 &#8211; sobota &#8211; Msza \u015bwi\u0119ta o godzinie 16.30 &#8211; dzieci otrzymuj\u0105 pami\u0105tkowe ksi\u0105\u017ceczki<\/p>\n<p><strong>3. Niedziela Palmowa<\/strong><\/p>\n<p>Msza \u015bwi\u0119ta o godzinie 11.00 &#8211; po\u015bwi\u0119cenie palm &#8211; rozpocz\u0119cie Eucharystii na schodach Warsztatu Terapii Zaj\u0119ciowej<\/p>\n<p><strong>4. Harmonogram pr\u00f3b przed rocznic\u0105 I Komunii \u015bwi\u0119tej<\/strong><\/p>\n<p>23 kwietnia &#8211; godzina 19.00<\/p>\n<p>5 maja &#8211; godzina 17.00<\/p>\n<p>12 maja &#8211; godzina 17.00<\/p>\n","protected":false},"excerpt":{"rendered":"<p>Publikujemy informacje dotycz\u0105ce przygotowania do uroczysto\u015bci rocznicy I Komunii \u015bwi\u0119tej: 1. Wielki Post \u015aroda Popielcowa &#8211; 5.03.2025 &#8211; godzina 16.30 &#8211; Msza \u015bwi\u0119ta Droga Krzy\u017cowa &#8211; pi\u0105tki &#8211; godzina 16.30 &#8211; 21 marca Drog\u0119 Krzy\u017cow\u0105 prowadz\u0105 IV Klasy SP Gorzkie \u017bale &#8211; niedziele &#8211; godzina 17.15 2. Rekolekcje Wielkopostne 10.04.2025 &#8211; czwartek &#8211; Msza \u015bwi\u0119ta [&hellip;]<\/p>\n","protected":false},"author":1,"featured_media":26942,"comment_status":"closed","ping_status":"closed","sticky":false,"template":"","format":"standard","meta":{"footnotes":""},"categories":[2],"tags":[],"class_list":["post-26941","post","type-post","status-publish","format-standard","has-post-thumbnail","hentry","category-aktualnosci"],"_links":{"self":[{"href":"https:\/\/mbfatimska.ovh\/index.php\/wp-json\/wp\/v2\/posts\/26941","targetHints":{"allow":["GET"]}}],"collection":[{"href":"https:\/\/mbfatimska.ovh\/index.php\/wp-json\/wp\/v2\/posts"}],"about":[{"href":"https:\/\/mbfatimska.ovh\/index.php\/wp-json\/wp\/v2\/types\/post"}],"author":[{"embeddable":true,"href":"https:\/\/mbfatimska.ovh\/index.php\/wp-json\/wp\/v2\/users\/1"}],"replies":[{"embeddable":true,"href":"https:\/\/mbfatimska.ovh\/index.php\/wp-json\/wp\/v2\/comments?post=26941"}],"version-history":[{"count":0,"href":"https:\/\/mbfatimska.ovh\/index.php\/wp-json\/wp\/v2\/posts\/26941\/revisions"}],"wp:featuredmedia":[{"embeddable":true,"href":"https:\/\/mbfatimska.ovh\/index.php\/wp-json\/wp\/v2\/media\/26942"}],"wp:attachment":[{"href":"https:\/\/mbfatimska.ovh\/index.php\/wp-json\/wp\/v2\/media?parent=26941"}],"wp:term":[{"taxonomy":"category","embeddable":true,"href":"https:\/\/mbfatimska.ovh\/index.php\/wp-json\/wp\/v2\/categories?post=26941"},{"taxonomy":"post_tag","embeddable":true,"href":"https:\/\/mbfatimska.ovh\/index.php\/wp-json\/wp\/v2\/tags?post=26941"}],"curies":[{"name":"wp","href":"https:\/\/api.w.org\/{rel}","templated":true}]}}