{"id":26946,"date":"2025-03-15T14:53:17","date_gmt":"2025-03-15T13:53:17","guid":{"rendered":"https:\/\/www.mbfatimska.pl\/?p=26946"},"modified":"2026-02-11T14:33:15","modified_gmt":"2026-02-11T14:33:15","slug":"ii-niedziela-wielkiego-postu-5","status":"publish","type":"post","link":"https:\/\/mbfatimska.ovh\/index.php\/2025\/03\/15\/ii-niedziela-wielkiego-postu-5\/","title":{"rendered":"II Niedziela Wielkiego Postu"},"content":{"rendered":"<div class=\"post-excerpt\">\n<p>1.W Wielkim Po\u015bcie zapraszamy na nabo\u017ce\u0144stwa wielkopostne: Drogi Krzy\u017cowe, w pi\u0105tki o godzinie 16.30 dla dzieci, w najbli\u017cszy pi\u0105tek zapraszamy do poprowadzenia nabo\u017ce\u0144stwa dzieci z klas IV SP, o godzinie 18.45 dla doros\u0142ych i Gorzkie \u017bale w niedziele o godzinie 17.15.<\/p>\n<p>2.Jeszcze dzisiaj, o godzinie 10.25, odb\u0119dzie si\u0119 katecheza dla dzieci klas IV SP przed rocznic\u0105 I Komunii \u015bwi\u0119tej.<\/p>\n<p>3.R\u00f3wnie\u017c dzisiaj, podczas Mszy \u015bwi\u0119tej o godzinie 18.00, go\u015bci\u0107 b\u0119dziemy Ch\u00f3r Deo Omnis Gloria z parafii Matki Boskiej Zwyci\u0119skiej z Warszawy-Rembertowa. Ch\u00f3r zapewni opraw\u0119 muzyczn\u0105 podczas wieczornej Mszy \u015bwi\u0119tej, a nast\u0119pnie, po Eucharystii, zaprasza na koncert pie\u015bni pasyjnych. Serdecznie zapraszamy.<\/p>\n<p>4.W \u015brod\u0119, 19 marca, obchodzi\u0107 b\u0119dziemy \u015bwi\u0119to \u015bw. J\u00f3zefa, Oblubie\u0144ca Naj\u015bwi\u0119tszej Maryi Panny. Zapraszamy na Msze \u015bwi\u0119te o godzinie 17.00 i 18.00. Po Mszy \u015bwi\u0119tej o godzinie 18.00 zapraszamy na specjalne nabo\u017ce\u0144stwo do Patrona ma\u0142\u017ce\u0144stw i rodzin. Intencje do nabo\u017ce\u0144stwa mo\u017cna b\u0119dzie sk\u0142ada\u0107 pod o\u0142tarzem przed Msz\u0105 \u015bwi\u0119t\u0105.<\/p>\n<p>5.W sobot\u0119 zapraszamy na kolejne nabo\u017ce\u0144stwo do \u015bw. Rity, Patronki spraw trudnych i beznadziejnych. Podczas Mszy \u015bwi\u0119tej o godzinie 18.00, zostan\u0105 po\u015bwi\u0119cone r\u00f3\u017ce, kt\u00f3re b\u0119dzie mo\u017cna zakupi\u0107 przed Eucharysti\u0105, a specjalne modlitwy do \u015bw. Rity b\u0119dziemy zanosi\u0107 po Mszy \u015bwi\u0119tej. R\u00f3wnie\u017c wtedy b\u0119dziemy omadla\u0107 intencje, kt\u00f3re z\u0142o\u017cymy pod o\u0142tarzem przed Msz\u0105 \u015bwi\u0119t\u0105.<\/p>\n<p>6.R\u00f3wnie\u017c w sobot\u0119, na godzin\u0119 10.00, zapraszamy na kolejne warsztaty kulinarno-ciastkarskie o tematyce \u015bwi\u0105tecznej. B\u0119dzie wiele nowych przepis\u00f3w \u015bwi\u0105tecznych, konkursy dla starszych i m\u0142odszych. Spotkanie odb\u0119dzie si\u0119 w Klubie Seniora Amicus.<\/p>\n<p>7.W nast\u0119pn\u0105 niedziel\u0119, na godzin\u0119 10.25, zapraszamy dzieci klas III SP na kolejn\u0105 katechez\u0119 przed uroczysto\u015bci\u0105 I Komunii \u015bwi\u0119tej.<\/p>\n<p>8.Przypominamy, \u017ce w pi\u0105tki, w Wielkim Po\u015bcie, po Drodze Krzy\u017cowej o godzinie 18.45, zapraszamy na adoracj\u0119 Naj\u015bwi\u0119tszego Sakramentu z mo\u017cliwo\u015bci\u0105 skorzystania z sakramentu pokuty. Adoracja trwa do godziny 20.30.<\/p>\n<p>9.W ostatni pi\u0105tek miesi\u0105ca, 28 marca, zapraszamy na Ekstremaln\u0105 Drog\u0119 Krzy\u017cow\u0105. Trasa b\u0119dzie d\u0142ugo\u015bci 20 km. Rozpoczniemy to szczeg\u00f3lne nabo\u017ce\u0144stwo o godzinie 20.00 pod krzy\u017cem misyjnym.<\/p>\n<p>10.Pragniemy przypomnie\u0107, \u017ce dzieci i m\u0142odzie\u017c, kt\u00f3re uczestnicz\u0105 we Mszy \u015bwi\u0119tej na ch\u00f3rze musz\u0105 znajdowa\u0107 si\u0119 pod opiek\u0105 rodzic\u00f3w i opiekun\u00f3w. Cz\u0119sto dzieci wychylaj\u0105 si\u0119 przez barierk\u0119 co stanowi wielkie niebezpiecze\u0144stwo. Za osoby niepe\u0142noletnie ca\u0142kowit\u0105 odpowiedzialno\u015b\u0107 bierze rodzic, b\u0105d\u017a prawny opiekun.<\/p>\n<p>11.Rekolekcje Wielkopostne w naszej parafii odb\u0119d\u0105 si\u0119 przed Niedziel\u0105 Palmow\u0105 \u2013 10, 11, 12 kwietnia (czwartek, pi\u0105tek, sobota). Tak zarezerwujmy sobie czas, aby wzi\u0105\u0107 udzia\u0142 w tym duchowym wydarzeniu.<\/p>\n<p>12.Ka\u017cdego dnia, o godzinie 17.30, jest w naszym ko\u015bciele odmawiany r\u00f3\u017caniec. Modlitw\u0119 r\u00f3\u017ca\u0144cow\u0105 prowadz\u0105 Ko\u0142a \u017bywego R\u00f3\u017ca\u0144ca. W Wielkim Po\u015bcie, w spos\u00f3b szczeg\u00f3lny, modlimy si\u0119 w intencji naszej Ojczyzny. Zapraszamy do w\u0142\u0105czenia si\u0119 w t\u0105 wypr\u00f3bowan\u0105 form\u0119 modlitwy. Zach\u0119camy i zapraszamy do wsp\u00f3lnej modlitwy.<\/p>\n<p>13.Kalendarz liturgiczny na ten tydzie\u0144: w \u015brod\u0119 \u2013 \u015bwi\u0119to \u015bwi\u0119tego J\u00f3zefa, Oblubie\u0144ca NMP.<\/p>\n<p>14. Legionowskie Stowarzyszenie AMICUS przy wsparciu Gminy Miejskiej Legionowo zaprasza senior\u00f3w 60+ do skorzystania w dniach od 17.03 do 13.06.2025 z darmowych zabieg\u00f3w rehabilitacyjnych (zabiegi fizykoterapii i masa\u017cu). Zabiegi s\u0105 udzielane w budynku Centrum Wsparcia Fizycznego od poniedzia\u0142ku do pi\u0105tku w godz. 15:30 &#8211; 18:00. Zapisy i wi\u0119cej informacji pod nr tel. 692-480-148. Ilo\u015b\u0107 miejsc ograniczona.<\/p>\n<\/div>\n","protected":false},"excerpt":{"rendered":"<p>1.W Wielkim Po\u015bcie zapraszamy na nabo\u017ce\u0144stwa wielkopostne: Drogi Krzy\u017cowe, w pi\u0105tki o godzinie 16.30 dla dzieci, w najbli\u017cszy pi\u0105tek zapraszamy do poprowadzenia nabo\u017ce\u0144stwa dzieci z klas IV SP, o godzinie 18.45 dla doros\u0142ych i Gorzkie \u017bale w niedziele o godzinie 17.15. 2.Jeszcze dzisiaj, o godzinie 10.25, odb\u0119dzie si\u0119 katecheza dla dzieci klas IV SP przed [&hellip;]<\/p>\n","protected":false},"author":1,"featured_media":30657,"comment_status":"closed","ping_status":"closed","sticky":false,"template":"","format":"standard","meta":{"footnotes":""},"categories":[2,14],"tags":[],"class_list":["post-26946","post","type-post","status-publish","format-standard","has-post-thumbnail","hentry","category-aktualnosci","category-ogloszenia-parafialne"],"_links":{"self":[{"href":"https:\/\/mbfatimska.ovh\/index.php\/wp-json\/wp\/v2\/posts\/26946","targetHints":{"allow":["GET"]}}],"collection":[{"href":"https:\/\/mbfatimska.ovh\/index.php\/wp-json\/wp\/v2\/posts"}],"about":[{"href":"https:\/\/mbfatimska.ovh\/index.php\/wp-json\/wp\/v2\/types\/post"}],"author":[{"embeddable":true,"href":"https:\/\/mbfatimska.ovh\/index.php\/wp-json\/wp\/v2\/users\/1"}],"replies":[{"embeddable":true,"href":"https:\/\/mbfatimska.ovh\/index.php\/wp-json\/wp\/v2\/comments?post=26946"}],"version-history":[{"count":4,"href":"https:\/\/mbfatimska.ovh\/index.php\/wp-json\/wp\/v2\/posts\/26946\/revisions"}],"predecessor-version":[{"id":39629,"href":"https:\/\/mbfatimska.ovh\/index.php\/wp-json\/wp\/v2\/posts\/26946\/revisions\/39629"}],"wp:featuredmedia":[{"embeddable":true,"href":"https:\/\/mbfatimska.ovh\/index.php\/wp-json\/wp\/v2\/media\/30657"}],"wp:attachment":[{"href":"https:\/\/mbfatimska.ovh\/index.php\/wp-json\/wp\/v2\/media?parent=26946"}],"wp:term":[{"taxonomy":"category","embeddable":true,"href":"https:\/\/mbfatimska.ovh\/index.php\/wp-json\/wp\/v2\/categories?post=26946"},{"taxonomy":"post_tag","embeddable":true,"href":"https:\/\/mbfatimska.ovh\/index.php\/wp-json\/wp\/v2\/tags?post=26946"}],"curies":[{"name":"wp","href":"https:\/\/api.w.org\/{rel}","templated":true}]}}