{"id":26960,"date":"2025-03-22T15:18:14","date_gmt":"2025-03-22T14:18:14","guid":{"rendered":"https:\/\/www.mbfatimska.pl\/?p=26960"},"modified":"2026-02-12T14:36:20","modified_gmt":"2026-02-12T14:36:20","slug":"iii-niedziela-wielkiego-postu-5","status":"publish","type":"post","link":"https:\/\/mbfatimska.ovh\/index.php\/2025\/03\/22\/iii-niedziela-wielkiego-postu-5\/","title":{"rendered":"III Niedziela Wielkiego Postu"},"content":{"rendered":"<div class=\"post-excerpt\">\n<div class=\"post-excerpt\">\n<p>1.W Wielkim Po\u015bcie zapraszamy na nabo\u017ce\u0144stwa wielkopostne: Drogi Krzy\u017cowe, w pi\u0105tki o godzinie 16.30 dla dzieci, w najbli\u017cszy pi\u0105tek zapraszamy do poprowadzenia nabo\u017ce\u0144stwa dzieci z klas III SP, o godzinie 18.45 dla doros\u0142ych i Gorzkie \u017bale w niedziele o godzinie 17.15.<\/p>\n<p>2.Jeszcze dzisiaj, o godzinie 10.25, odb\u0119dzie si\u0119 katecheza dla dzieci klas IIII SP przed uroczysto\u015bci\u0105 I Komunii \u015bwi\u0119tej.<\/p>\n<p>3.We wtorek b\u0119dziemy obchodzi\u0107 \u015bwi\u0119to Zwiastowania Pa\u0144skiego. Zapraszamy na Msze \u015bwi\u0119te o godzinie 17.00 i 18.00. Tego dnia modlimy si\u0119 w intencji dzieci pocz\u0119tych a niechcianych i niekochanych. Podczas Mszy \u015bwi\u0119tej o godzinie 18.00, b\u0119dziemy mogli z\u0142o\u017cy\u0107 deklaracje duchowej adopcji dziecka pocz\u0119tego a odrzuconego. Duchowa adopcja polega na modlitwie przez 9 miesi\u0119cy w intencji matki i dziecka pocz\u0119tego, aby dane mu by\u0142o przyj\u015b\u0107 na \u015bwiat. Ju\u017c dzisiaj deklaracje s\u0105 wy\u0142o\u017cone na stolikach za \u0142awkami. Mo\u017cna je zabra\u0107 do domu, wype\u0142ni\u0107 i przynie\u015b\u0107 we wtorek na Msz\u0119 \u015bwi\u0119t\u0105 o godzinie 18.00.<\/p>\n<p>4.W czwartek, w godzinach 18-19, w budynku Centrum Wsparcia Fizycznego, nieodp\u0142atnie, b\u0119dzie przyjmowa\u0142 logopeda szkolny.<\/p>\n<p>5.W pi\u0105tek, o godzinie 18.00, zostanie odprawiona Msza \u015bwi\u0119ta wypominkowa za naszych bliskich zmar\u0142ych. Droga Krzy\u017cowa dla doros\u0142ych tego dnia odb\u0119dzie si\u0119 o godzinie 19.00.<\/p>\n<p>6.R\u00f3wnie\u017c w pi\u0105tek, o godzinie 20.00, odb\u0119dzie si\u0119 ekstremalna Droga Krzy\u017cowa. Zbieramy si\u0119 na placu przed ko\u015bcio\u0142em przy krzy\u017cu misyjnym. Trasa b\u0119dzie liczy\u0142a oko\u0142o 20 km. Zach\u0119camy do wzi\u0119cia udzia\u0142u w tym niecodziennym wydarzeniu. Pami\u0119tajmy o w\u0142a\u015bciwym ubiorze, dobrych butach, latarkach. Dzieci i m\u0142odzie\u017c do lat 18 musz\u0105 by\u0107 pod opiek\u0105 rodzic\u00f3w b\u0105d\u017a opiekun\u00f3w.<\/p>\n<p>7.W przysz\u0142\u0105 sobot\u0119 na godzin\u0119 18.45 do salki pod zakrysti\u0105 zapraszamy na spotkanie m\u0142odzie\u017c przygotowuj\u0105c\u0105 si\u0119 do sakramentu bierzmowania.<\/p>\n<p>8.W przysz\u0142\u0105 niedziel\u0119, o godzinie 16.15 w kawiarence odb\u0119dzie si\u0119 spotkanie Rad Parafialnych zar\u00f3wno duszpasterskich jak i ekonomicznych.<\/p>\n<p>9.W przysz\u0142\u0105 niedziel\u0119, ofiary sk\u0142adane na tac\u0119 b\u0119d\u0105 przeznaczone na paczki dla ubo\u017cszej cz\u0119\u015bci naszych mieszka\u0144c\u00f3w. Przed \u015bwi\u0119tami wielkanocnymi nie ma zbi\u00f3rki w marketach. Za z\u0142o\u017cone ofiary b\u0119d\u0105 zakupione niezb\u0119dne produkty i jeszcze przed \u015bwi\u0119tami zostan\u0105 wydane potrzebuj\u0105cym.<\/p>\n<p>10.Kalendarz liturgiczny na ten tydzie\u0144: we wtorek \u2013 uroczysto\u015b\u0107 Zwiastowania Pa\u0144skiego.<\/p>\n<\/div>\n<\/div>\n","protected":false},"excerpt":{"rendered":"<p>1.W Wielkim Po\u015bcie zapraszamy na nabo\u017ce\u0144stwa wielkopostne: Drogi Krzy\u017cowe, w pi\u0105tki o godzinie 16.30 dla dzieci, w najbli\u017cszy pi\u0105tek zapraszamy do poprowadzenia nabo\u017ce\u0144stwa dzieci z klas III SP, o godzinie 18.45 dla doros\u0142ych i Gorzkie \u017bale w niedziele o godzinie 17.15. 2.Jeszcze dzisiaj, o godzinie 10.25, odb\u0119dzie si\u0119 katecheza dla dzieci klas IIII SP przed [&hellip;]<\/p>\n","protected":false},"author":1,"featured_media":30657,"comment_status":"closed","ping_status":"closed","sticky":false,"template":"","format":"standard","meta":{"footnotes":""},"categories":[2,14],"tags":[],"class_list":["post-26960","post","type-post","status-publish","format-standard","has-post-thumbnail","hentry","category-aktualnosci","category-ogloszenia-parafialne"],"_links":{"self":[{"href":"https:\/\/mbfatimska.ovh\/index.php\/wp-json\/wp\/v2\/posts\/26960","targetHints":{"allow":["GET"]}}],"collection":[{"href":"https:\/\/mbfatimska.ovh\/index.php\/wp-json\/wp\/v2\/posts"}],"about":[{"href":"https:\/\/mbfatimska.ovh\/index.php\/wp-json\/wp\/v2\/types\/post"}],"author":[{"embeddable":true,"href":"https:\/\/mbfatimska.ovh\/index.php\/wp-json\/wp\/v2\/users\/1"}],"replies":[{"embeddable":true,"href":"https:\/\/mbfatimska.ovh\/index.php\/wp-json\/wp\/v2\/comments?post=26960"}],"version-history":[{"count":3,"href":"https:\/\/mbfatimska.ovh\/index.php\/wp-json\/wp\/v2\/posts\/26960\/revisions"}],"predecessor-version":[{"id":39992,"href":"https:\/\/mbfatimska.ovh\/index.php\/wp-json\/wp\/v2\/posts\/26960\/revisions\/39992"}],"wp:featuredmedia":[{"embeddable":true,"href":"https:\/\/mbfatimska.ovh\/index.php\/wp-json\/wp\/v2\/media\/30657"}],"wp:attachment":[{"href":"https:\/\/mbfatimska.ovh\/index.php\/wp-json\/wp\/v2\/media?parent=26960"}],"wp:term":[{"taxonomy":"category","embeddable":true,"href":"https:\/\/mbfatimska.ovh\/index.php\/wp-json\/wp\/v2\/categories?post=26960"},{"taxonomy":"post_tag","embeddable":true,"href":"https:\/\/mbfatimska.ovh\/index.php\/wp-json\/wp\/v2\/tags?post=26960"}],"curies":[{"name":"wp","href":"https:\/\/api.w.org\/{rel}","templated":true}]}}