{"id":26977,"date":"2025-03-26T14:18:32","date_gmt":"2025-03-26T13:18:32","guid":{"rendered":"https:\/\/www.mbfatimska.pl\/?p=26977"},"modified":"2026-02-11T13:52:06","modified_gmt":"2026-02-11T13:52:06","slug":"duchowa-adopcja-dziecka-poczetego","status":"publish","type":"post","link":"https:\/\/mbfatimska.ovh\/index.php\/2025\/03\/26\/duchowa-adopcja-dziecka-poczetego\/","title":{"rendered":"Duchowa adopcja dziecka pocz\u0119tego"},"content":{"rendered":"\t\t<div data-elementor-type=\"wp-post\" data-elementor-id=\"26977\" class=\"elementor elementor-26977\" data-elementor-post-type=\"post\">\n\t\t\t\t<div class=\"elementor-element elementor-element-94de986 e-flex e-con-boxed e-con e-parent\" data-id=\"94de986\" data-element_type=\"container\" data-e-type=\"container\">\n\t\t\t\t\t<div class=\"e-con-inner\">\n\t\t\t\t<div class=\"elementor-element elementor-element-12484fc elementor-widget elementor-widget-text-editor\" data-id=\"12484fc\" data-element_type=\"widget\" data-e-type=\"widget\" data-widget_type=\"text-editor.default\">\n\t\t\t\t<div class=\"elementor-widget-container\">\n\t\t\t\t\t\t\t\t\t<p>25 marca obchodzimy w Ko\u015bciele uroczysto\u015b\u0107 Zwiastowania Pa\u0144skiego. Opr\u00f3cz uroczystej Mszy \u015bwi\u0119tej jest to te\u017c czas, kiedy wybrane osoby podejmuj\u0105 si\u0119 Duchowej Adopcji Dziecka Pocz\u0119tego. Duchowa adopcja polega na modlitwie, przez 9 miesi\u0119cy, za matk\u0119 i jej dziecko, kt\u00f3rego \u017cycie jest zagro\u017cone. W naszej wsp\u00f3lnocie parafialnej deklaracje takiej modlitwy z\u0142o\u017cy\u0142o kilkana\u015bcie os\u00f3b. Dzi\u0119kujemy im za podj\u0119ty trud modlitwy w intencji \u017cycia.<\/p>\t\t\t\t\t\t\t\t<\/div>\n\t\t\t\t<\/div>\n\t\t\t\t\t<\/div>\n\t\t\t\t<\/div>\n\t\t<div class=\"elementor-element elementor-element-4538cdb e-flex e-con-boxed e-con e-parent\" data-id=\"4538cdb\" data-element_type=\"container\" data-e-type=\"container\">\n\t\t\t\t\t<div class=\"e-con-inner\">\n\t\t\t\t<div class=\"elementor-element elementor-element-d863d2f elementor-widget elementor-widget-image-gallery\" data-id=\"d863d2f\" data-element_type=\"widget\" data-e-type=\"widget\" data-widget_type=\"image-gallery.default\">\n\t\t\t\t<div class=\"elementor-widget-container\">\n\t\t\t\t\t\t\t<div class=\"elementor-image-gallery\">\n\t\t\t<div id='gallery-1' class='gallery galleryid-26977 gallery-columns-4 gallery-size-thumbnail'><figure class='gallery-item'>\n\t\t\t<div class='gallery-icon landscape'>\n\t\t\t\t<a data-elementor-open-lightbox=\"yes\" data-elementor-lightbox-slideshow=\"d863d2f\" data-elementor-lightbox-title=\"Zdjecie-WhatsApp-2025-03-25-o-21.29.43_5d2850d1\" data-e-action-hash=\"#elementor-action%3Aaction%3Dlightbox%26settings%3DeyJpZCI6Mzk0NjUsInVybCI6Imh0dHBzOlwvXC9tYmZhdGltc2thLm92aFwvd3AtY29udGVudFwvdXBsb2Fkc1wvMjAyNlwvMDJcL1pkamVjaWUtV2hhdHNBcHAtMjAyNS0wMy0yNS1vLTIxLjI5LjQzXzVkMjg1MGQxLmpwZyIsInNsaWRlc2hvdyI6ImQ4NjNkMmYifQ%3D%3D\" href='https:\/\/mbfatimska.ovh\/wp-content\/uploads\/2026\/02\/Zdjecie-WhatsApp-2025-03-25-o-21.29.43_5d2850d1.jpg'><img width=\"150\" height=\"150\" src=\"https:\/\/mbfatimska.ovh\/wp-content\/uploads\/2026\/02\/Zdjecie-WhatsApp-2025-03-25-o-21.29.43_5d2850d1-150x150.jpg\" class=\"attachment-thumbnail size-thumbnail\" alt=\"\" decoding=\"async\" \/><\/a>\n\t\t\t<\/div><\/figure><figure class='gallery-item'>\n\t\t\t<div class='gallery-icon landscape'>\n\t\t\t\t<a data-elementor-open-lightbox=\"yes\" data-elementor-lightbox-slideshow=\"d863d2f\" data-elementor-lightbox-title=\"Zdjecie-WhatsApp-2025-03-25-o-21.29.43_cdaad058\" data-e-action-hash=\"#elementor-action%3Aaction%3Dlightbox%26settings%3DeyJpZCI6Mzk0NjIsInVybCI6Imh0dHBzOlwvXC9tYmZhdGltc2thLm92aFwvd3AtY29udGVudFwvdXBsb2Fkc1wvMjAyNlwvMDJcL1pkamVjaWUtV2hhdHNBcHAtMjAyNS0wMy0yNS1vLTIxLjI5LjQzX2NkYWFkMDU4LmpwZyIsInNsaWRlc2hvdyI6ImQ4NjNkMmYifQ%3D%3D\" href='https:\/\/mbfatimska.ovh\/wp-content\/uploads\/2026\/02\/Zdjecie-WhatsApp-2025-03-25-o-21.29.43_cdaad058.jpg'><img width=\"150\" height=\"150\" src=\"https:\/\/mbfatimska.ovh\/wp-content\/uploads\/2026\/02\/Zdjecie-WhatsApp-2025-03-25-o-21.29.43_cdaad058-150x150.jpg\" class=\"attachment-thumbnail size-thumbnail\" alt=\"\" decoding=\"async\" \/><\/a>\n\t\t\t<\/div><\/figure><figure class='gallery-item'>\n\t\t\t<div class='gallery-icon landscape'>\n\t\t\t\t<a data-elementor-open-lightbox=\"yes\" data-elementor-lightbox-slideshow=\"d863d2f\" data-elementor-lightbox-title=\"Zdjecie-WhatsApp-2025-03-25-o-21.29.43_0f5c62b9\" data-e-action-hash=\"#elementor-action%3Aaction%3Dlightbox%26settings%3DeyJpZCI6Mzk0NjMsInVybCI6Imh0dHBzOlwvXC9tYmZhdGltc2thLm92aFwvd3AtY29udGVudFwvdXBsb2Fkc1wvMjAyNlwvMDJcL1pkamVjaWUtV2hhdHNBcHAtMjAyNS0wMy0yNS1vLTIxLjI5LjQzXzBmNWM2MmI5LmpwZyIsInNsaWRlc2hvdyI6ImQ4NjNkMmYifQ%3D%3D\" href='https:\/\/mbfatimska.ovh\/wp-content\/uploads\/2026\/02\/Zdjecie-WhatsApp-2025-03-25-o-21.29.43_0f5c62b9.jpg'><img width=\"150\" height=\"150\" src=\"https:\/\/mbfatimska.ovh\/wp-content\/uploads\/2026\/02\/Zdjecie-WhatsApp-2025-03-25-o-21.29.43_0f5c62b9-150x150.jpg\" class=\"attachment-thumbnail size-thumbnail\" alt=\"\" decoding=\"async\" \/><\/a>\n\t\t\t<\/div><\/figure><figure class='gallery-item'>\n\t\t\t<div class='gallery-icon landscape'>\n\t\t\t\t<a data-elementor-open-lightbox=\"yes\" data-elementor-lightbox-slideshow=\"d863d2f\" data-elementor-lightbox-title=\"Zdjecie-WhatsApp-2025-03-25-o-21.29.42_560cb0dd\" data-e-action-hash=\"#elementor-action%3Aaction%3Dlightbox%26settings%3DeyJpZCI6Mzk0NjQsInVybCI6Imh0dHBzOlwvXC9tYmZhdGltc2thLm92aFwvd3AtY29udGVudFwvdXBsb2Fkc1wvMjAyNlwvMDJcL1pkamVjaWUtV2hhdHNBcHAtMjAyNS0wMy0yNS1vLTIxLjI5LjQyXzU2MGNiMGRkLmpwZyIsInNsaWRlc2hvdyI6ImQ4NjNkMmYifQ%3D%3D\" href='https:\/\/mbfatimska.ovh\/wp-content\/uploads\/2026\/02\/Zdjecie-WhatsApp-2025-03-25-o-21.29.42_560cb0dd.jpg'><img loading=\"lazy\" width=\"150\" height=\"150\" src=\"https:\/\/mbfatimska.ovh\/wp-content\/uploads\/2026\/02\/Zdjecie-WhatsApp-2025-03-25-o-21.29.42_560cb0dd-150x150.jpg\" class=\"attachment-thumbnail size-thumbnail\" alt=\"\" decoding=\"async\" \/><\/a>\n\t\t\t<\/div><\/figure><figure class='gallery-item'>\n\t\t\t<div class='gallery-icon portrait'>\n\t\t\t\t<a data-elementor-open-lightbox=\"yes\" data-elementor-lightbox-slideshow=\"d863d2f\" data-elementor-lightbox-title=\"Zdjecie-WhatsApp-2025-03-25-o-21.29.42_979f7e29\" data-e-action-hash=\"#elementor-action%3Aaction%3Dlightbox%26settings%3DeyJpZCI6Mzk0NjYsInVybCI6Imh0dHBzOlwvXC9tYmZhdGltc2thLm92aFwvd3AtY29udGVudFwvdXBsb2Fkc1wvMjAyNlwvMDJcL1pkamVjaWUtV2hhdHNBcHAtMjAyNS0wMy0yNS1vLTIxLjI5LjQyXzk3OWY3ZTI5LmpwZyIsInNsaWRlc2hvdyI6ImQ4NjNkMmYifQ%3D%3D\" href='https:\/\/mbfatimska.ovh\/wp-content\/uploads\/2026\/02\/Zdjecie-WhatsApp-2025-03-25-o-21.29.42_979f7e29.jpg'><img loading=\"lazy\" width=\"150\" height=\"150\" src=\"https:\/\/mbfatimska.ovh\/wp-content\/uploads\/2026\/02\/Zdjecie-WhatsApp-2025-03-25-o-21.29.42_979f7e29-150x150.jpg\" class=\"attachment-thumbnail size-thumbnail\" alt=\"\" decoding=\"async\" \/><\/a>\n\t\t\t<\/div><\/figure><figure class='gallery-item'>\n\t\t\t<div class='gallery-icon portrait'>\n\t\t\t\t<a data-elementor-open-lightbox=\"yes\" data-elementor-lightbox-slideshow=\"d863d2f\" data-elementor-lightbox-title=\"Zdjecie-WhatsApp-2025-03-25-o-21.29.42_76c63b8f\" data-e-action-hash=\"#elementor-action%3Aaction%3Dlightbox%26settings%3DeyJpZCI6Mzk0NjcsInVybCI6Imh0dHBzOlwvXC9tYmZhdGltc2thLm92aFwvd3AtY29udGVudFwvdXBsb2Fkc1wvMjAyNlwvMDJcL1pkamVjaWUtV2hhdHNBcHAtMjAyNS0wMy0yNS1vLTIxLjI5LjQyXzc2YzYzYjhmLmpwZyIsInNsaWRlc2hvdyI6ImQ4NjNkMmYifQ%3D%3D\" href='https:\/\/mbfatimska.ovh\/wp-content\/uploads\/2026\/02\/Zdjecie-WhatsApp-2025-03-25-o-21.29.42_76c63b8f.jpg'><img loading=\"lazy\" width=\"150\" height=\"150\" src=\"https:\/\/mbfatimska.ovh\/wp-content\/uploads\/2026\/02\/Zdjecie-WhatsApp-2025-03-25-o-21.29.42_76c63b8f-150x150.jpg\" class=\"attachment-thumbnail size-thumbnail\" alt=\"\" decoding=\"async\" \/><\/a>\n\t\t\t<\/div><\/figure><figure class='gallery-item'>\n\t\t\t<div class='gallery-icon landscape'>\n\t\t\t\t<a data-elementor-open-lightbox=\"yes\" data-elementor-lightbox-slideshow=\"d863d2f\" data-elementor-lightbox-title=\"Zdjecie-WhatsApp-2025-03-25-o-21.29.42_72921188\" data-e-action-hash=\"#elementor-action%3Aaction%3Dlightbox%26settings%3DeyJpZCI6Mzk0NjgsInVybCI6Imh0dHBzOlwvXC9tYmZhdGltc2thLm92aFwvd3AtY29udGVudFwvdXBsb2Fkc1wvMjAyNlwvMDJcL1pkamVjaWUtV2hhdHNBcHAtMjAyNS0wMy0yNS1vLTIxLjI5LjQyXzcyOTIxMTg4LmpwZyIsInNsaWRlc2hvdyI6ImQ4NjNkMmYifQ%3D%3D\" href='https:\/\/mbfatimska.ovh\/wp-content\/uploads\/2026\/02\/Zdjecie-WhatsApp-2025-03-25-o-21.29.42_72921188.jpg'><img loading=\"lazy\" width=\"150\" height=\"150\" src=\"https:\/\/mbfatimska.ovh\/wp-content\/uploads\/2026\/02\/Zdjecie-WhatsApp-2025-03-25-o-21.29.42_72921188-150x150.jpg\" class=\"attachment-thumbnail size-thumbnail\" alt=\"\" decoding=\"async\" \/><\/a>\n\t\t\t<\/div><\/figure>\n\t\t<\/div>\n\t\t<\/div>\n\t\t\t\t\t\t<\/div>\n\t\t\t\t<\/div>\n\t\t\t\t\t<\/div>\n\t\t\t\t<\/div>\n\t\t\t\t<\/div>\n\t\t","protected":false},"excerpt":{"rendered":"<p>25 marca obchodzimy w Ko\u015bciele uroczysto\u015b\u0107 Zwiastowania Pa\u0144skiego. Opr\u00f3cz uroczystej Mszy \u015bwi\u0119tej jest to te\u017c czas, kiedy wybrane osoby podejmuj\u0105 si\u0119 Duchowej Adopcji Dziecka Pocz\u0119tego. Duchowa adopcja polega na modlitwie, przez 9 miesi\u0119cy, za matk\u0119 i jej dziecko, kt\u00f3rego \u017cycie jest zagro\u017cone. W naszej wsp\u00f3lnocie parafialnej deklaracje takiej modlitwy z\u0142o\u017cy\u0142o kilkana\u015bcie os\u00f3b. Dzi\u0119kujemy im za [&hellip;]<\/p>\n","protected":false},"author":1,"featured_media":39446,"comment_status":"closed","ping_status":"closed","sticky":false,"template":"","format":"standard","meta":{"footnotes":""},"categories":[2,6],"tags":[],"class_list":["post-26977","post","type-post","status-publish","format-standard","has-post-thumbnail","hentry","category-aktualnosci","category-galerie"],"_links":{"self":[{"href":"https:\/\/mbfatimska.ovh\/index.php\/wp-json\/wp\/v2\/posts\/26977","targetHints":{"allow":["GET"]}}],"collection":[{"href":"https:\/\/mbfatimska.ovh\/index.php\/wp-json\/wp\/v2\/posts"}],"about":[{"href":"https:\/\/mbfatimska.ovh\/index.php\/wp-json\/wp\/v2\/types\/post"}],"author":[{"embeddable":true,"href":"https:\/\/mbfatimska.ovh\/index.php\/wp-json\/wp\/v2\/users\/1"}],"replies":[{"embeddable":true,"href":"https:\/\/mbfatimska.ovh\/index.php\/wp-json\/wp\/v2\/comments?post=26977"}],"version-history":[{"count":4,"href":"https:\/\/mbfatimska.ovh\/index.php\/wp-json\/wp\/v2\/posts\/26977\/revisions"}],"predecessor-version":[{"id":39471,"href":"https:\/\/mbfatimska.ovh\/index.php\/wp-json\/wp\/v2\/posts\/26977\/revisions\/39471"}],"wp:featuredmedia":[{"embeddable":true,"href":"https:\/\/mbfatimska.ovh\/index.php\/wp-json\/wp\/v2\/media\/39446"}],"wp:attachment":[{"href":"https:\/\/mbfatimska.ovh\/index.php\/wp-json\/wp\/v2\/media?parent=26977"}],"wp:term":[{"taxonomy":"category","embeddable":true,"href":"https:\/\/mbfatimska.ovh\/index.php\/wp-json\/wp\/v2\/categories?post=26977"},{"taxonomy":"post_tag","embeddable":true,"href":"https:\/\/mbfatimska.ovh\/index.php\/wp-json\/wp\/v2\/tags?post=26977"}],"curies":[{"name":"wp","href":"https:\/\/api.w.org\/{rel}","templated":true}]}}