{"id":26988,"date":"2025-03-29T14:19:07","date_gmt":"2025-03-29T13:19:07","guid":{"rendered":"https:\/\/www.mbfatimska.pl\/?p=26988"},"modified":"2026-02-13T13:01:14","modified_gmt":"2026-02-13T13:01:14","slug":"iv-niedziela-wielkiego-postu-6","status":"publish","type":"post","link":"https:\/\/mbfatimska.ovh\/index.php\/2025\/03\/29\/iv-niedziela-wielkiego-postu-6\/","title":{"rendered":"IV Niedziela Wielkiego Postu"},"content":{"rendered":"<div class=\"post-excerpt\">\n<p>1.W Wielkim Po\u015bcie zapraszamy na nabo\u017ce\u0144stwa wielkopostne: Drogi Krzy\u017cowe, w pi\u0105tki o godzinie 16.30 dla dzieci, w najbli\u017cszy pi\u0105tek zapraszamy do poprowadzenia nabo\u017ce\u0144stwa m\u0142odzie\u017c przygotowuj\u0105c\u0105 si\u0119 do sakramentu bierzmowania, o godzinie 18.45 dla doros\u0142ych i Gorzkie \u017bale w niedziele o godzinie 17.15.<\/p>\n<p>2.W pi\u0105tek odby\u0142a si\u0119 doroczna ekstremalna Droga Krzy\u017cowa. Trasa liczy\u0142a oko\u0142o 20 kilometr\u00f3w. W nabo\u017ce\u0144stwie wzi\u0119\u0142o udzia\u0142 ponad 60 os\u00f3b. Dzi\u0119kujemy tym, kt\u00f3rzy podj\u0119li trud w\u0119dr\u00f3wki. Dzi\u0119kujemy Panu Krzysztofowi Badeji, kt\u00f3ry co roku przygotowuje pod wzgl\u0119dem logistycznym tras\u0119 Drogi Krzy\u017cowej. Dzi\u0119kujemy ksi\u0119dzu Miko\u0142ajowi za opiek\u0119 duchow\u0105 i rozwa\u017cania poszczeg\u00f3lnych stacji krzy\u017cowej drogi.<\/p>\n<p>3.Jeszcze dzisiaj, o godzinie 19.00, w parafii Naj\u015bwi\u0119tszego Cia\u0142a i Krwi Chrystusa, dob\u0119dzie si\u0119 koncert Tryptyk Rzymski \u2013 Jan Pawe\u0142 II, w wykonaniu Artura \u017bmijewskiego i W\u0142odka Pawlika. Organizatorzy serdecznie zapraszaj\u0105.<\/p>\n<p>4.W \u015brod\u0119 prze\u017cywa\u0107 b\u0119dziemy 20 rocznic\u0119 odej\u015bcia do Pana naszego rodaka, dzisiaj ju\u017c \u015bwi\u0119tego, Jana Paw\u0142a II. Zapraszamy tego dnia na Msz\u0119 \u015bwi\u0119t\u0105 o godzinie 18.00. Po Mszy wsp\u00f3lnie odm\u00f3wimy r\u00f3\u017caniec, a nast\u0119pnie udamy si\u0119 pod pomnik \u015bw. Jana Paw\u0142a II, aby z\u0142o\u017cy\u0107 wi\u0105zanki wdzi\u0119czno\u015bci i zapali\u0107 \u015bwiece. Na koniec od\u015bpiewamy Apel Jasnog\u00f3rski. Serdecznie zapraszamy.<\/p>\n<p>5.R\u00f3wnie\u017c tego dnia, w Legionowie, organizowany jest III Papieski Marsz Wdzi\u0119czno\u015bci. Rozpocznie si\u0119 o godzinie 20.00, Msz\u0105 \u015bwi\u0119t\u0105 w parafii \u015bw. Jana Kantego i przejdzie do parku \u015bw. Jana Paw\u0142a II obok parafii Naj\u015bwi\u0119tszego Cia\u0142a i Krwi Chrystusa. Zako\u0144czenie Marszu o godzinie 21.37 wsp\u00f3ln\u0105 modlitw\u0105 i z\u0142o\u017ceniem kwiat\u00f3w oraz zniczy.<\/p>\n<p>6.W \u015brod\u0119, 2 kwietnia, do polskich kin, wchodzi na ekrany film pod tytu\u0142em <em>21.37<\/em>. To film, kt\u00f3ry opowiada o wydarzeniach po \u015bmierci Jana Paw\u0142a II, jaka panowa\u0142a wtedy atmosfera, jak si\u0119 \u0142\u0105czyli\u015bmy, p\u0142akali\u015bmy i rozpaczali\u015bmy. Min\u0119\u0142o 20 lat, co z tego zosta\u0142o? Jakim dzisiaj jeste\u015bmy spo\u0142ecze\u0144stwem? Zach\u0119camy do obejrzenia tego filmu.<\/p>\n<p>7.W tym tygodniu przypada: I czwartek miesi\u0105ca \u2013 po Mszy \u015bwi\u0119tej o godzinie 18.00, wystawienie Naj\u015bwi\u0119tszego Sakramentu, modlitwa Koronk\u0105 do Bo\u017cego Mi\u0142osierdzia i mo\u017cliwo\u015b\u0107 adoracji do godziny 21.00; I pi\u0105tek miesi\u0105ca \u2013 spowied\u017a od godziny 16.15 do 18.30; I sobota miesi\u0105ca \u2013 nabo\u017ce\u0144stwo wynagradzaj\u0105ce Niepokalanemu Sercu NMP po Mszy \u015bwi\u0119tej o godzinie 18.00 i trwa\u0107 b\u0119dzie do 20.15; I niedziela miesi\u0105ca \u2013 po Mszy \u015bwi\u0119tej o godzinie 12.30 wystawienia Naj\u015bwi\u0119tszego Sakramentu i adoracja do godziny 17.00.<\/p>\n<p>8.W pi\u0105tek, o godzinie 19.00, konferencja dla rodzic\u00f3w i kandydat\u00f3w na rodzic\u00f3w chrzestnych, kt\u00f3rzy mieszkaj\u0105 na terenie naszej parafii i pragn\u0105 ochrzci\u0107 dzieci w naszym ko\u015bciele b\u0105d\u017a b\u0119dzie brana zgoda do innej parafii. R\u00f3wnie\u017c w konferencji bior\u0105 udzia\u0142 kandydaci na rodzic\u00f3w chrzestnych, kt\u00f3rzy s\u0105 z naszej parafii.<\/p>\n<p>9.W przysz\u0142\u0105 niedziel\u0119 odb\u0119dzie si\u0119 w naszej parafii Uroczysto\u015b\u0107 upami\u0119tniaj\u0105ca 85 rocznic\u0119 Zbrodni Katy\u0144skiej. O godzinie 18.00 zostanie odprawiona uroczysta Msza \u015bwi\u0119ta a nast\u0119pnie odb\u0119dzie si\u0119 z\u0142o\u017cenie kwiat\u00f3w pod pomnikiem upami\u0119tniaj\u0105cym ofiary zbrodni w Katyniu, Charkowie, Miednoje powi\u0105zanych z naszym miastem.<\/p>\n<p>10.R\u00f3wnie\u017c w przysz\u0142\u0105 niedziel\u0119, pod ko\u015bcio\u0142em, po Mszach \u015bwi\u0119tych przedpo\u0142udniowych, zapraszamy na kiermasz w\u0142asnor\u0119cznie wykonanych prac przez senior\u00f3w z Klubu Seniora AMICUS. B\u0119d\u0105 ikony, ozdoby \u015bwi\u0105teczne, bransoletki, pierniki i wiele innych przedmiot\u00f3w stanowi\u0105cych tw\u00f3rcz\u0105 prac\u0119 naszych senior\u00f3w. Serdecznie zapraszamy.<\/p>\n<p>11.W dniach 4-6 kwietnia, w Na\u0142\u0119czowie, organizowane s\u0105 wielkopostne rekolekcje wed\u0142ug wskaz\u00f3wek \u015bw. Hildegardy. B\u0119dzie to czas ws\u0142uchiwania si\u0119 w siebie i odnalezienia drogi do Boga z m\u0105dro\u015bci\u0105 benedykty\u0144skiej Mniszki. Wi\u0119cej informacji na plakacie w gablocie.<\/p>\n<p>12.W najbli\u017csz\u0105 sobot\u0119, w godzinach 10-14, zapraszamy na kolejne warsztaty kulinarno-ciastkarskie. B\u0119dziemy uczy\u0107 si\u0119 robienia piernik\u00f3w \u015bwi\u0105tecznych, s\u0142odkich ozd\u00f3b wielkanocnych. B\u0119d\u0105 konkursy z nagrodami. Serdecznie zapraszamy ca\u0142e rodziny. Warsztaty b\u0119d\u0105 odbywa\u0107 si\u0119 w Klubie Seniora AMICUS.<\/p>\n<p>13.Jeszcze dzisiaj, o godzinie 16.15, w kawiarence odb\u0119dzie si\u0119 spotkanie Rad parafialnych, zar\u00f3wno duszpasterskich jak i ekonomicznych.<\/p>\n<p>14.Ju\u017c dzisiaj, jak i w nast\u0119pne niedziele, pod ko\u015bcio\u0142em, b\u0119dziemy mogli zakupi\u0107 \u015bwiece na st\u00f3\u0142 wielkanocny, jak i s\u0142odkie baranki do \u015bwi\u0119conki.<\/p>\n<p>15.Og\u0142aszamy konkurs na najwi\u0119ksz\u0105 i naj\u0142adniejsz\u0105 Palm\u0119 Wielkanocn\u0105. Prace przynosimy w Niedziel\u0119 Palmow\u0105, na Msz\u0119 o godzinie 11.00. Przyjmujemy do konkursu palmy powy\u017cej 1 metra wysoko\u015bci. B\u0119d\u0105 cenne nagrody: telefony kom\u00f3rkowe, smartwatch i inne warto\u015bciowe rzeczy. Zach\u0119camy do wzi\u0119cia udzia\u0142u w konkursie.<\/p>\n<p>16.W naszej parafii, w \u015brod\u0119, w godzinach 18-20, w kawiarence, dzia\u0142a Akademia rozwoju kobiet i rodziny. Zapraszamy Panie r\u00f3wnie\u017c z dzie\u0107mi do skorzystania z tych spotka\u0144. Je\u015bli czujesz si\u0119 zm\u0119czona i przepracowana? Niewys\u0142uchana? Osamotniona? Czujesz, \u017ce brakuje Ci czasu na sen, dla siebie, na odpoczynek i rozw\u00f3j? To w\u0142a\u015bnie te spotkania s\u0105 dla Ciebie. Serdecznie zapraszamy Panie na te spotkania. Za \u0142awkami, na stolikach, wy\u0142o\u017cony jest specjalny, najnowszy numer pisma <em>List do Pani<\/em>, w ca\u0142o\u015bci po\u015bwi\u0119cony problematyce \u017cycia kobiet, kt\u00f3re pragn\u0105 ogarn\u0105\u0107 refleksj\u0105 swoje \u017cycie i zadania wynikaj\u0105ce z kobiecego powo\u0142ania. Pismo ukazuje niezwyk\u0142\u0105 rol\u0119 kobiety w rodzinie, spo\u0142ecze\u0144stwie, w nowej ewangelizacji, upomina si\u0119 o powszechny szacunek dla macierzy\u0144stwa, ojcostwa, rodziny i dziecka. Koszt miesi\u0119cznika to 7 z\u0142.<\/p>\n<\/div>\n","protected":false},"excerpt":{"rendered":"<p>1.W Wielkim Po\u015bcie zapraszamy na nabo\u017ce\u0144stwa wielkopostne: Drogi Krzy\u017cowe, w pi\u0105tki o godzinie 16.30 dla dzieci, w najbli\u017cszy pi\u0105tek zapraszamy do poprowadzenia nabo\u017ce\u0144stwa m\u0142odzie\u017c przygotowuj\u0105c\u0105 si\u0119 do sakramentu bierzmowania, o godzinie 18.45 dla doros\u0142ych i Gorzkie \u017bale w niedziele o godzinie 17.15. 2.W pi\u0105tek odby\u0142a si\u0119 doroczna ekstremalna Droga Krzy\u017cowa. Trasa liczy\u0142a oko\u0142o 20 kilometr\u00f3w. [&hellip;]<\/p>\n","protected":false},"author":1,"featured_media":30657,"comment_status":"closed","ping_status":"closed","sticky":false,"template":"","format":"standard","meta":{"footnotes":""},"categories":[2,14],"tags":[],"class_list":["post-26988","post","type-post","status-publish","format-standard","has-post-thumbnail","hentry","category-aktualnosci","category-ogloszenia-parafialne"],"_links":{"self":[{"href":"https:\/\/mbfatimska.ovh\/index.php\/wp-json\/wp\/v2\/posts\/26988","targetHints":{"allow":["GET"]}}],"collection":[{"href":"https:\/\/mbfatimska.ovh\/index.php\/wp-json\/wp\/v2\/posts"}],"about":[{"href":"https:\/\/mbfatimska.ovh\/index.php\/wp-json\/wp\/v2\/types\/post"}],"author":[{"embeddable":true,"href":"https:\/\/mbfatimska.ovh\/index.php\/wp-json\/wp\/v2\/users\/1"}],"replies":[{"embeddable":true,"href":"https:\/\/mbfatimska.ovh\/index.php\/wp-json\/wp\/v2\/comments?post=26988"}],"version-history":[{"count":3,"href":"https:\/\/mbfatimska.ovh\/index.php\/wp-json\/wp\/v2\/posts\/26988\/revisions"}],"predecessor-version":[{"id":39442,"href":"https:\/\/mbfatimska.ovh\/index.php\/wp-json\/wp\/v2\/posts\/26988\/revisions\/39442"}],"wp:featuredmedia":[{"embeddable":true,"href":"https:\/\/mbfatimska.ovh\/index.php\/wp-json\/wp\/v2\/media\/30657"}],"wp:attachment":[{"href":"https:\/\/mbfatimska.ovh\/index.php\/wp-json\/wp\/v2\/media?parent=26988"}],"wp:term":[{"taxonomy":"category","embeddable":true,"href":"https:\/\/mbfatimska.ovh\/index.php\/wp-json\/wp\/v2\/categories?post=26988"},{"taxonomy":"post_tag","embeddable":true,"href":"https:\/\/mbfatimska.ovh\/index.php\/wp-json\/wp\/v2\/tags?post=26988"}],"curies":[{"name":"wp","href":"https:\/\/api.w.org\/{rel}","templated":true}]}}