{"id":27025,"date":"2025-04-05T15:07:23","date_gmt":"2025-04-05T13:07:23","guid":{"rendered":"https:\/\/www.mbfatimska.pl\/?p=27025"},"modified":"2026-02-13T13:01:39","modified_gmt":"2026-02-13T13:01:39","slug":"v-niedziela-wielkiego-postu-6","status":"publish","type":"post","link":"https:\/\/mbfatimska.ovh\/index.php\/2025\/04\/05\/v-niedziela-wielkiego-postu-6\/","title":{"rendered":"V Niedziela Wielkiego Postu"},"content":{"rendered":"<div class=\"post-excerpt\">\n<p>1.W Wielkim Po\u015bcie zapraszamy na nabo\u017ce\u0144stwa wielkopostne: Drogi Krzy\u017cowe, w pi\u0105tki o godzinie 16.15 dla dzieci, w najbli\u017cszy pi\u0105tek zapraszamy do poprowadzenia nabo\u017ce\u0144stwa nasz\u0105 parafialn\u0105 schol\u0119, o godzinie 19.00 dla doros\u0142ych i Gorzkie \u017bale w niedziele o godzinie 17.15.<\/p>\n<p>2.Dzisiaj, o godzinie 18.00, zostanie odprawiona uroczysta Msza \u015bwi\u0119ta w rocznic\u0119 zbrodni Katy\u0144skiej. W ten spos\u00f3b oddamy ho\u0142d osobom zwi\u0105zanym z Legionowem, kt\u00f3re w 1940 roku zosta\u0142y zamordowane w Katyniu, Charkowie, Miednoje, a kt\u00f3re upami\u0119tnia pomnik stoj\u0105cy obok ko\u015bcio\u0142a. Serdecznie zapraszamy na t\u0105 uroczysto\u015b\u0107.<\/p>\n<p>3.Jutro, o godzinie 19.00, w ko\u015bciele, odb\u0119dzie si\u0119 spotkanie formacyjno-informacyjne dla rodzic\u00f3w dzieci klas III SP, kt\u00f3re przygotowuj\u0105 si\u0119 do I Komunii \u015bwi\u0119tej.<\/p>\n<p>4. Przypominamy, \u017ce\u00a0 w poniedzia\u0142ki w budynku Centrum Wsparcia Fizycznego, w godzinach 18-20:00, mo\u017cemy skorzysta\u0107 z darmowych porad\u00a0 i konsultacji psychologa. Zapraszamy te osoby, kt\u00f3re s\u0105: w trudnej sytuacji \u017cyciowej i kryzysie (rozstanie, strata, \u017ca\u0142oba); w stanie nadmiernego l\u0119ku i stresu; w kryzysie relacji z bliskimi i miejscem pracy. Zapraszamy rodzic\u00f3w potrzebuj\u0105cych porad i wsparcia w budowaniu zdrowych relacji z dzieckiem, rodzic\u00f3w dzieci prze\u017cywaj\u0105cych problemy emocjonalne i konflikty r\u00f3wie\u015bnicze. W czwartki za\u015b w godzianch 18-20:00 mo\u017cna skorzysta\u0107 z poradni \u017cycia rodzinnego w tym z mediacji rodzinnych. Mo\u017cliwe s\u0105 r\u00f3wnie\u017c konsultacje telefoniczne. Wi\u0119cej informacji o zadaniu pod nr tel. 692-480-148.\u00a0 Zadanie dofinansowane przez Gimn\u0119 Miejsk\u0105 Legionowo.<\/p>\n<p>5.We wtorek, w godzinach 19-21, b\u0119dzie przyjmowa\u0142 nieodp\u0142atnie prawnik. R\u00f3wnie\u017c w budynku Centrum Wsparcia Fizycznego.<\/p>\n<p>6.10 kwietnia, w Ratuszu, w godzinach 9-15, odb\u0119dzie si\u0119 Dzie\u0144 Promocji Zdrowia. B\u0119dzie mo\u017cna skorzysta\u0107 z porad psychologa, dietetyka, po\u0142o\u017cnej. B\u0119d\u0105 wykonywane podstawowe badania medyczne. B\u0119dzie obecny spirobus, s\u0142uchobus. Wi\u0119cej informacji na plakacie w gablocie.<\/p>\n<p>7.11 kwietnia, w siedzibie Pasja \u017bycia, obok szpitala, o godzinie 17.30, odb\u0119dzie si\u0119 wyk\u0142ad profesora Jana \u017baryna pod tytu\u0142em <em>Dwie Polski, ale czy dwie prawdy?<\/em>, oraz spotkanie z Marcinem Bogdanem, autorem ksi\u0105\u017cki <em>Ostatnie lata Polski w felietonach<\/em>.<\/p>\n<p>8.W czwartek rozpoczynamy doroczne rekolekcje wielkopostne, kt\u00f3re b\u0119d\u0105 trwa\u0142y trzy dni (czwartek, pi\u0105tek, sobota). Zapraszamy na Msze \u015bwi\u0119te z naukami rekolekcyjnymi o godzinie 9.00, 16.30 dla dzieci, o 18.00 i 19.45. Spowied\u017a ka\u017cdego dnia ju\u017c 15 minut przed rozpocz\u0119ciem ka\u017cdego spotkania rekolekcyjnego. W pi\u0105tek, w czasie rekolekcji, Droga Krzy\u017cowa dla dzieci o godzinie 16.15, a dla doros\u0142ych o 19.00. Nie odk\u0142adajmy spowiedzi na Wielki Tydzie\u0144, gdy\u017c b\u0119dzie w tym czasie przygotowania do \u015bwiat utrudniony dost\u0119p do sakramentu pokuty.<\/p>\n<p>9.W sobot\u0119, w godzinach 11.00-13.00, pragniemy odwiedzi\u0107 chorych z pos\u0142ug\u0105 sakramentaln\u0105. Adresy chorych prosimy zg\u0142asza\u0107 do czwartku w\u0142\u0105cznie w zakrystii.<\/p>\n<p>10.W czasie rekolekcji, w czwartek i pi\u0105tek, po Mszy \u015bwi\u0119tej o godzinie 9.00, osoby z niepe\u0142nosprawno\u015bciami z Warsztatu Terapii Zaj\u0119ciowej \u015bw. Rity zapraszaj\u0105 nas na kiermasz w\u0142asnor\u0119cznie wykonanych ozd\u00f3b wielkanocnych, ikon i innych ciekawych przedmiot\u00f3w.<\/p>\n<p>11.Za tydzie\u0144 Niedziela Palmowa, kt\u00f3r\u0105 rozpoczynamy Wielki Tydzie\u0144. Na ka\u017cdej Mszy \u015bwi\u0119tej obrz\u0119d po\u015bwi\u0119cenia palm, kt\u00f3re b\u0119dziemy mogli zakupi\u0107 ju\u017c w rekolekcje i w sam\u0105 Niedziel\u0119 Palmow\u0105 przed ko\u015bcio\u0142em. Ga\u0142\u0105zki palmowe s\u0105 w\u0142asnor\u0119cznie wykonane przez senior\u00f3w z Klubu Seniora AMICUS. Tego dnia Msz\u0119 \u015bwi\u0119t\u0105 o godzinie 11.00 rozpoczniemy na schodach Warsztatu Terapii Zaj\u0119ciowej \u015bw. Rity i procesyjnie wejdziemy do ko\u015bcio\u0142a.<\/p>\n<p>12.W Niedziel\u0119 Palmow\u0105, Odnowa w Duchu \u015awi\u0119tym wraz z innymi wsp\u00f3lnotami naszej parafii, zapraszaj\u0105 nas, po Mszy \u015bwi\u0119tej o godzinie 18.00, na nabo\u017ce\u0144stwo Adoracji Krzy\u017ca. B\u0119dziemy \u015bpiewa\u0107, modli\u0107 si\u0119 Pismem \u015bwi\u0119tym, adorowa\u0107, a zw\u0142aszcza rozwa\u017ca\u0107 ostatnie pi\u0119\u0107 godzin m\u0119ki Jezusa Chrystusa na podstawie <em>24 godzin M\u0119ki Pa\u0144skiej<\/em> Luizy Piccarrety.<\/p>\n<p>13.Jak s\u0142yszeli\u015bmy tydzie\u0144 temu, og\u0142aszamy konkurs skierowany do dzieci i m\u0142odzie\u017cy na najwi\u0119ksz\u0105 i naj\u0142adniejsz\u0105 palm\u0119 wielkanocn\u0105. Przyjmujemy prace powy\u017cej 1 metra wysoko\u015bci i przynosimy je w Niedziel\u0119 Palmow\u0105 na Msz\u0119 o godzinie 11.00. B\u0119d\u0105 cenne nagrody min. Smartfony, smartwatche i inne cenne nagrody.<\/p>\n<p>14.Paczki \u017cywno\u015bciowe dla najubo\u017cszych mieszka\u0144c\u00f3w naszego miasta b\u0119d\u0105 rozdawane w czwartek w godzinach 13.00-14.00.<\/p>\n<p>15.W najbli\u017cszym tygodniu, przy wsp\u00f3\u0142pracy z Legionowskim Stowarzyszeniem AMICUS i Caritas Polska, b\u0119dziemy rozdawa\u0107 karty na codzienne zakupy do sieci sklep\u00f3w Biedronka. Kryterium przyznania karty by\u0142 doch\u00f3d 1850 z\u0142 netto na osob\u0119. Na przyznan\u0105 kart\u0119, przez 10 miesi\u0119cy, mo\u017cemy zrobi\u0107 zakupy na sum\u0119 200 z\u0142 na miesi\u0105c. Czyli ka\u017cda wytypowana osoba otrzyma 2000 z\u0142 na zakupy. Takich kart przyznawali\u015bmy 15. A zatem na ten cel zostaje przeznaczone 30 tysi\u0119cy z\u0142otych. Posiadacz karty mo\u017ce zrobi\u0107 zakupy spo\u017cywcze i chemiczne do ko\u0144ca stycznia przysz\u0142ego roku.<\/p>\n<p>16.W przysz\u0142\u0105 sobot\u0119, w godzinach 10-14, zapraszamy na kolejne warsztaty kulinarno-ciastkarskie. B\u0119dziemy si\u0119 uczy\u0107 robienia piernik\u00f3w wielkanocnych. Zapraszamy ca\u0142e rodziny do tw\u00f3rczej pracy i mile sp\u0119dzonego wsp\u00f3lnie czasu. Warsztaty b\u0119d\u0105 odbywa\u0107 si\u0119 w Klubie Seniora AMICUS.<\/p>\n<p>17.W przysz\u0142\u0105 niedziel\u0119 nie b\u0119dzie katechezy dla dzieci komunijnych.<\/p>\n<p>18.Zbli\u017ca si\u0119 okres rozliczeniowy z Urz\u0119dem Skarbowym. Zach\u0119camy do przekazania 1,5% z naszych podatk\u00f3w na rzecz Legionowskiego Stowarzyszenia AMICUS. Stowarzyszenie prowadzi Warsztat Terapii Zaj\u0119ciowej dla 44 os\u00f3b z niepe\u0142nosprawno\u015bciami, Klub Seniora dla 30 os\u00f3b starszych, samotnych, \u015bwietlic\u0119 dla dzieci i m\u0142odzie\u017cy, organizuje wyjazdy wakacyjne dla dzieci, pielgrzymki dla doros\u0142ych, pomaga Polakom na Wile\u0144szczy\u017anie. Od wielu lat pomaga osobom chorym i potrzebuj\u0105cym przez prowadzenie wypo\u017cyczalni sprz\u0119tu rehabilitacyjnego, zabieg\u00f3w fizykoterapii i rehabilitacji, oraz robi\u0105c paczki \u017cywno\u015bciowe dla os\u00f3b ubogich. Stosowne ulotki roz\u0142o\u017cone s\u0105 na stolikach za \u0142awkami, oraz wszelkie dane jak KRS, zamieszczone s\u0105 w biuletynie parafialnym.<\/p>\n<p>19.Jeszcze dzisiaj, pod ko\u015bcio\u0142em, Seniorzy z klubu Seniora AMICUS zapraszaj\u0105 nas na kiermasz w\u0142asnor\u0119cznie wykonanych ozd\u00f3b wielkanocnych, ikon, piernik\u00f3w i wielu jeszcze innych mi\u0142ych przedmiot\u00f3w.<\/p>\n<p>20.Pod ko\u015bcio\u0142em mo\u017cemy zakupi\u0107 paschaliki \u2013 \u015bwiece wielkanocne na \u015bwi\u0105teczny st\u00f3\u0142, jak r\u00f3wnie\u017c m\u0142odzie\u017c oazowa rozprowadza s\u0142odkie baranki do \u015bwi\u0119conki.<\/p>\n<p>21. Legionowskie Stowarzyszenie AMICUS przy wsparciu Gminy Miejskiej Legionowo zaprasza senior\u00f3w 60+ do skorzystania w dniach od 17.03 do 13.06.2025 z darmowych zabieg\u00f3w rehabilitacyjnych (zabiegi fizykoterapii i masa\u017cu). Zabiegi s\u0105 udzielane w budynku Centrum Wsparcia Fizycznego od poniedzia\u0142ku do pi\u0105tku w godz. 15:30 &#8211; 18:00. Zapisy i wi\u0119cej informacji pod nr tel. 692-480-148. Ilo\u015b\u0107 miejsc ograniczona.<\/p>\n<p>22. W ubieg\u0142ym tygodniu rozpocz\u0119li\u015bmy czyszczenie kostki na terenie ko\u015bcielnym. Ju\u017c przed ko\u015bcio\u0142em mo\u017cemy zobaczy\u0107 efekt pracy. R\u00f3wnie\u017c rozpocz\u0119li\u015bmy rozbudow\u0119 fotowoltaniki dok\u0142adaj\u0105c nowe panele, oraz zmieniaj\u0105c falownik na wi\u0119kszy, aby zmniejszy\u0107 rachunki za pr\u0105d, kt\u00f3re s\u0105 coraz wi\u0119ksze.<\/p>\n<\/div>\n","protected":false},"excerpt":{"rendered":"<p>1.W Wielkim Po\u015bcie zapraszamy na nabo\u017ce\u0144stwa wielkopostne: Drogi Krzy\u017cowe, w pi\u0105tki o godzinie 16.15 dla dzieci, w najbli\u017cszy pi\u0105tek zapraszamy do poprowadzenia nabo\u017ce\u0144stwa nasz\u0105 parafialn\u0105 schol\u0119, o godzinie 19.00 dla doros\u0142ych i Gorzkie \u017bale w niedziele o godzinie 17.15. 2.Dzisiaj, o godzinie 18.00, zostanie odprawiona uroczysta Msza \u015bwi\u0119ta w rocznic\u0119 zbrodni Katy\u0144skiej. W ten spos\u00f3b [&hellip;]<\/p>\n","protected":false},"author":1,"featured_media":30657,"comment_status":"closed","ping_status":"closed","sticky":false,"template":"","format":"standard","meta":{"footnotes":""},"categories":[2,14],"tags":[],"class_list":["post-27025","post","type-post","status-publish","format-standard","has-post-thumbnail","hentry","category-aktualnosci","category-ogloszenia-parafialne"],"_links":{"self":[{"href":"https:\/\/mbfatimska.ovh\/index.php\/wp-json\/wp\/v2\/posts\/27025","targetHints":{"allow":["GET"]}}],"collection":[{"href":"https:\/\/mbfatimska.ovh\/index.php\/wp-json\/wp\/v2\/posts"}],"about":[{"href":"https:\/\/mbfatimska.ovh\/index.php\/wp-json\/wp\/v2\/types\/post"}],"author":[{"embeddable":true,"href":"https:\/\/mbfatimska.ovh\/index.php\/wp-json\/wp\/v2\/users\/1"}],"replies":[{"embeddable":true,"href":"https:\/\/mbfatimska.ovh\/index.php\/wp-json\/wp\/v2\/comments?post=27025"}],"version-history":[{"count":4,"href":"https:\/\/mbfatimska.ovh\/index.php\/wp-json\/wp\/v2\/posts\/27025\/revisions"}],"predecessor-version":[{"id":40126,"href":"https:\/\/mbfatimska.ovh\/index.php\/wp-json\/wp\/v2\/posts\/27025\/revisions\/40126"}],"wp:featuredmedia":[{"embeddable":true,"href":"https:\/\/mbfatimska.ovh\/index.php\/wp-json\/wp\/v2\/media\/30657"}],"wp:attachment":[{"href":"https:\/\/mbfatimska.ovh\/index.php\/wp-json\/wp\/v2\/media?parent=27025"}],"wp:term":[{"taxonomy":"category","embeddable":true,"href":"https:\/\/mbfatimska.ovh\/index.php\/wp-json\/wp\/v2\/categories?post=27025"},{"taxonomy":"post_tag","embeddable":true,"href":"https:\/\/mbfatimska.ovh\/index.php\/wp-json\/wp\/v2\/tags?post=27025"}],"curies":[{"name":"wp","href":"https:\/\/api.w.org\/{rel}","templated":true}]}}