{"id":27029,"date":"2025-04-06T10:52:35","date_gmt":"2025-04-06T08:52:35","guid":{"rendered":"https:\/\/www.mbfatimska.pl\/?p=27029"},"modified":"2025-04-06T10:52:35","modified_gmt":"2025-04-06T08:52:35","slug":"rekolekcje-wielkopostne-10-12-kwietnia-2025","status":"publish","type":"post","link":"https:\/\/mbfatimska.ovh\/index.php\/2025\/04\/06\/rekolekcje-wielkopostne-10-12-kwietnia-2025\/","title":{"rendered":"Rekolekcje Wielkopostne 10 &#8211; 12 kwietnia 2025"},"content":{"rendered":"<p><strong>Program rekolekcji wielkopostnych 2025<\/strong><\/p>\n<p><strong><u>Czwartek \u2013\u00a0 10 kwietnia\u00a0 <\/u><\/strong><\/p>\n<p>09.00 &#8211;\u00a0 Msza \u015bw. z nauk\u0105 og\u00f3ln\u0105<\/p>\n<p>16.30 &#8211;\u00a0 Msza \u015bw. z nauk\u0105 og\u00f3ln\u0105 dla dzieci (dzieci<\/p>\n<p>otrzymuj\u0105 ksi\u0105\u017ceczki do nabo\u017ce\u0144stwa)<\/p>\n<p>18.00 &#8211;\u00a0 Msza \u015bw. z nauk\u0105 og\u00f3ln\u0105<\/p>\n<p>19.45 &#8211;\u00a0 Msza \u015bw. z nauk\u0105 dla m\u0142odzie\u017cy i doros\u0142ych<\/p>\n<p><strong><u>Pi\u0105tek \u2013\u00a0 11 kwietnia<\/u><\/strong><\/p>\n<p>09.00 &#8211;\u00a0 Msza \u015bw. z nauk\u0105 og\u00f3ln\u0105<\/p>\n<p>16.15 &#8211;\u00a0 Droga Krzy\u017cowa dla dzieci<\/p>\n<p>16.45 &#8211;\u00a0 Msza \u015bw. z nauk\u0105 og\u00f3ln\u0105 dla dzieci (dzieci otrzymuj\u0105<\/p>\n<p>ksi\u0105\u017ceczki na I Pi\u0105tki Miesi\u0105ca)<\/p>\n<p>18.00 &#8211;\u00a0 Msza \u015bw. z nauk\u0105 og\u00f3ln\u0105<\/p>\n<p>19.00 &#8211;\u00a0 Droga Krzy\u017cowa dla doros\u0142ych<\/p>\n<p>19.45 &#8211;\u00a0 Msza \u015bw. z nauk\u0105 dla m\u0142odzie\u017cy i doros\u0142ych<\/p>\n<p><strong><u>Sobota \u2013\u00a0 12 kwietnia<\/u><\/strong><\/p>\n<p>09.00 &#8211;\u00a0 Msza \u015bw. z nauk\u0105 og\u00f3ln\u0105<\/p>\n<p>11.00 &#8211; \u00a0odwiedziny chorych z pos\u0142ug\u0105 sakramentaln\u0105 (adresy chorych \u00a0prosz\u0119 zg\u0142asza\u0107 w zakrystii)<\/p>\n<p>16.30 &#8211;\u00a0 Msza \u015bw. z nauk\u0105 og\u00f3ln\u0105 dla dzieci (dzieci otrzymuj\u0105\u00a0 kalendarze misyjne)<\/p>\n<p>18.00 &#8211;\u00a0 Msza \u015bw. z nauk\u0105 og\u00f3ln\u0105<\/p>\n<p>19.45 &#8211;\u00a0 Msza \u015bw. z nauk\u0105 dla m\u0142odzie\u017cy i doros\u0142ych<\/p>\n<p><strong><u>Spowied\u017a ka\u017cdego dnia rekolekcyjnego<\/u><\/strong><\/p>\n<p>w godz. 08.45 \u2013 10.00 i\u00a0 16.00-20.30<\/p>\n<p><strong>\u00a0<\/strong><strong>W<\/strong><strong> sobot\u0119, w godzinach 11.00-13.00, pragniemy odwiedzi\u0107 chorych z\u00a0 <\/strong><strong>pos\u0142ug\u0105 sakramentaln\u0105. <\/strong><\/p>\n<p><strong>Adresy chorych prosimy zg\u0142asza\u0107 do czwartku w\u0142\u0105cznie.<\/strong><\/p>\n","protected":false},"excerpt":{"rendered":"<p>Program rekolekcji wielkopostnych 2025 Czwartek \u2013\u00a0 10 kwietnia\u00a0 09.00 &#8211;\u00a0 Msza \u015bw. z nauk\u0105 og\u00f3ln\u0105 16.30 &#8211;\u00a0 Msza \u015bw. z nauk\u0105 og\u00f3ln\u0105 dla dzieci (dzieci otrzymuj\u0105 ksi\u0105\u017ceczki do nabo\u017ce\u0144stwa) 18.00 &#8211;\u00a0 Msza \u015bw. z nauk\u0105 og\u00f3ln\u0105 19.45 &#8211;\u00a0 Msza \u015bw. z nauk\u0105 dla m\u0142odzie\u017cy i doros\u0142ych Pi\u0105tek \u2013\u00a0 11 kwietnia 09.00 &#8211;\u00a0 Msza \u015bw. z [&hellip;]<\/p>\n","protected":false},"author":1,"featured_media":27033,"comment_status":"closed","ping_status":"closed","sticky":false,"template":"","format":"standard","meta":{"footnotes":""},"categories":[2],"tags":[],"class_list":["post-27029","post","type-post","status-publish","format-standard","has-post-thumbnail","hentry","category-aktualnosci"],"_links":{"self":[{"href":"https:\/\/mbfatimska.ovh\/index.php\/wp-json\/wp\/v2\/posts\/27029","targetHints":{"allow":["GET"]}}],"collection":[{"href":"https:\/\/mbfatimska.ovh\/index.php\/wp-json\/wp\/v2\/posts"}],"about":[{"href":"https:\/\/mbfatimska.ovh\/index.php\/wp-json\/wp\/v2\/types\/post"}],"author":[{"embeddable":true,"href":"https:\/\/mbfatimska.ovh\/index.php\/wp-json\/wp\/v2\/users\/1"}],"replies":[{"embeddable":true,"href":"https:\/\/mbfatimska.ovh\/index.php\/wp-json\/wp\/v2\/comments?post=27029"}],"version-history":[{"count":1,"href":"https:\/\/mbfatimska.ovh\/index.php\/wp-json\/wp\/v2\/posts\/27029\/revisions"}],"predecessor-version":[{"id":39114,"href":"https:\/\/mbfatimska.ovh\/index.php\/wp-json\/wp\/v2\/posts\/27029\/revisions\/39114"}],"wp:featuredmedia":[{"embeddable":true,"href":"https:\/\/mbfatimska.ovh\/index.php\/wp-json\/wp\/v2\/media\/27033"}],"wp:attachment":[{"href":"https:\/\/mbfatimska.ovh\/index.php\/wp-json\/wp\/v2\/media?parent=27029"}],"wp:term":[{"taxonomy":"category","embeddable":true,"href":"https:\/\/mbfatimska.ovh\/index.php\/wp-json\/wp\/v2\/categories?post=27029"},{"taxonomy":"post_tag","embeddable":true,"href":"https:\/\/mbfatimska.ovh\/index.php\/wp-json\/wp\/v2\/tags?post=27029"}],"curies":[{"name":"wp","href":"https:\/\/api.w.org\/{rel}","templated":true}]}}