{"id":27046,"date":"2025-04-12T14:15:04","date_gmt":"2025-04-12T12:15:04","guid":{"rendered":"https:\/\/www.mbfatimska.pl\/?p=27046"},"modified":"2026-02-13T13:02:28","modified_gmt":"2026-02-13T13:02:28","slug":"niedziela-palmowa-ogloszenia","status":"publish","type":"post","link":"https:\/\/mbfatimska.ovh\/index.php\/2025\/04\/12\/niedziela-palmowa-ogloszenia\/","title":{"rendered":"Niedziela Palmowa &#8211; og\u0142oszenia"},"content":{"rendered":"<div class=\"post-excerpt\">\n<p>1.W dniu wczorajszym zako\u0144czyli\u015bmy doroczne rekolekcje wielkopostne. Dzi\u0119kujemy tym, kt\u00f3rzy wzi\u0119li udzia\u0142 w rekolekcjach, dzi\u0119kujemy spowiednikom i tym wszystkim, kt\u00f3rzy przyczynili si\u0119 do duchowego prze\u017cycia tego szczeg\u00f3lnego czasu.<\/p>\n<p>2.Dzisiaj Niedziela Palmowa, kt\u00f3ra ukazuje Chrystusa wje\u017cd\u017caj\u0105cego do Jerozolimy i M\u0119k\u0119 Pa\u0144sk\u0105. Rozpoczynamy Wielki Tydzie\u0144, kt\u00f3ry jest \u015bwi\u0119tym czasem spojrzenia na m\u0119k\u0119 i krzy\u017c Jezusa Chrystusa, a zw\u0142aszcza na wydarzenia poprzedzaj\u0105ce. W poniedzia\u0142ek wspominamy \u2013 namaszczenie przez Mari\u0119 st\u00f3p Chrystusa, zapowied\u017a Jego m\u0119ki. We wtorek wspominamy \u2013 zapowied\u017a zaparcia si\u0119 \u015bw. Piotra. W \u015brod\u0119 \u2013 zapowied\u017a zdrady Judasza. W czwartek \u2013 ustanowienie sakramentu kap\u0142a\u0144stwa i Eucharystii. W pi\u0105tek \u2013 m\u0119k\u0119 i \u015bmier\u0107 Chrystusa na krzy\u017cu. W sobot\u0119 \u2013 gorycz Maryi i przebywanie Chrystusa w grobie. W niedziel\u0119 \u2013 zmartwychwstanie. W Niedziel\u0119 Palmow\u0105, na ka\u017cdej Mszy \u015bwi\u0119tej, \u015bwi\u0119cimy ga\u0142\u0105zki palmowe. Msz\u0119 \u015bwi\u0119t\u0105 o godzinie 11.00 rozpoczniemy na schodach Warsztatu Terapii Zaj\u0119ciowej \u015bw. Rity. Tam zostanie odczytana Ewangelia o wje\u017adzie Pana Jezusa do Jerozolimy i zostan\u0105 po\u015bwi\u0119cone ga\u0142\u0105zki palmowe. Nast\u0119pnie, procesyjnie, wejdziemy do ko\u015bcio\u0142a.<\/p>\n<p>3.R\u00f3wnie\u017c dzisiaj, po Mszy \u015bwi\u0119tej o godzinie 18.00, wsp\u00f3lnota Odnowa w Duchu \u015awi\u0119tym, wraz z innymi wsp\u00f3lnotami z naszej parafii, zapraszaj\u0105 nas na adoracj\u0119 krzy\u017ca. B\u0119dziemy modli\u0107 si\u0119 tekstami Pisma \u015bwi\u0119tego i rozwa\u017ca\u0107 ostatnie godziny \u017cycia Jezusa Chrystusa wg. objawie\u0144 Luizy Piccarrety. Serdecznie zapraszamy.<\/p>\n<p>4.Czwartek, pi\u0105tek i sobota to czas \u015awi\u0119tego Triduum Paschalnego. Zapraszamy na liturgi\u0119 w Wielki Czwartek, Pi\u0105tek i Sobot\u0119 ka\u017cdego dnia o godzinie 18.00. W Wielki Czwartek pami\u0119tajmy o kap\u0142anach, bo to dzie\u0144 ustanowienia sakramentu kap\u0142a\u0144stwa i Eucharystii. W Wielki Pi\u0105tek adorujemy krzy\u017c, a w Wielk\u0105 Sobot\u0119 \u015bwi\u0119cimy ogie\u0144 i odnawiamy przyrzeczenia chrzcielne. Zapraszamy do licznego udzia\u0142u w tych zbawczych wydarzeniach.<\/p>\n<p>5.W Wielki Pi\u0105tek obowi\u0105zuje nas post \u015bcis\u0142y, ilo\u015bciowy i jako\u015bciowy. Wolno nam zje\u015b\u0107 trzy posi\u0142ki, w tym jeden do syta. Te posi\u0142ki maj\u0105 by\u0107 postne. Zach\u0119camy r\u00f3wnie\u017c do poszczenia w Wielk\u0105 Sobot\u0119 do czasu rozpocz\u0119cia Wigilii Paschalnej.<\/p>\n<p>6.W pi\u0105tek zapraszamy na Drog\u0119 Krzy\u017cow\u0105 ulicami naszej parafii. Rozpoczniemy o godzinie 21.00 na placu ko\u015bcielnym.<\/p>\n<p>7.W Wielki Pi\u0105tek i Wielk\u0105 Sobot\u0119 zapraszamy, o godzinie 7.30, na liturgi\u0119 Ciemnych Jutrzni.<\/p>\n<p>8.W Wielk\u0105 Sobot\u0119 po\u015bwi\u0119cenie pokarm\u00f3w na st\u00f3\u0142 wielkanocny w ko\u015bciele, od godziny 8.00 do godziny 17.00 non stop. Na Stanis\u0142awowie II \u015bwi\u0119cenie pokarm\u00f3w o godzinie 10.00 w siedzibie GOK-u.<\/p>\n<p>9.Adoracja Naj\u015bwi\u0119tszego Sakramentu w czasie Triduum Paschalnego: w Wielki Czwartek od godziny 19.30 do godziny 22.00; w Wielki Pi\u0105tek od godziny 8.00 do godziny 17.30 i od 19.30 do 21.00; w Wielk\u0105 Sobot\u0119 od godziny 8.00 do godziny 17.30 i od 19.30 do 22.00.<\/p>\n<p>10.Procesja rezurekcyjna w Niedziel\u0119 Zmartwychwstania Pa\u0144skiego o godzinie 6.30 i bezpo\u015brednio po niej Msza \u015bwi\u0119ta. Tego dnia nie b\u0119dzie Mszy \u015bwi\u0119tej o godzinie 9.00. Kolejne Msze \u015bwi\u0119te o godzinie 11.00, 12.30 i 18.00. Drugiego dnia \u015bwi\u0105t, porz\u0105dek Mszy \u015bwi\u0119tych wed\u0142ug porz\u0105dku niedzielnego.<\/p>\n<p>11.Na jutro, na poniedzia\u0142ek, na godzin\u0119 8.00, zapraszamy Panie i Pan\u00f3w do pomocy w budowaniu Ciemnicy i Grobu Pa\u0144skiego, oraz do pomocy w sprz\u0105taniu terenu przy \u015bwi\u0105tyni.<\/p>\n<p>12.Przypominamy, \u017ce we wtorki w godzinach 19-21 mo\u017cemy skorzysta\u0107 z darmowych porad prawnika porady udzielane s\u0105 w budynku Centrum Wsparcia Fizycznego. S\u0105 mo\u017cliwe r\u00f3wnie\u017c konsultacje telefoniczne. Wi\u0119cej informacji o zadaniu pod nr tel. 692-480-148. Zadanie dofinansowane przez Gimn\u0119 Miejsk\u0105 Legionowo.<\/p>\n<\/div>\n","protected":false},"excerpt":{"rendered":"<p>1.W dniu wczorajszym zako\u0144czyli\u015bmy doroczne rekolekcje wielkopostne. Dzi\u0119kujemy tym, kt\u00f3rzy wzi\u0119li udzia\u0142 w rekolekcjach, dzi\u0119kujemy spowiednikom i tym wszystkim, kt\u00f3rzy przyczynili si\u0119 do duchowego prze\u017cycia tego szczeg\u00f3lnego czasu. 2.Dzisiaj Niedziela Palmowa, kt\u00f3ra ukazuje Chrystusa wje\u017cd\u017caj\u0105cego do Jerozolimy i M\u0119k\u0119 Pa\u0144sk\u0105. Rozpoczynamy Wielki Tydzie\u0144, kt\u00f3ry jest \u015bwi\u0119tym czasem spojrzenia na m\u0119k\u0119 i krzy\u017c Jezusa Chrystusa, a [&hellip;]<\/p>\n","protected":false},"author":1,"featured_media":30657,"comment_status":"closed","ping_status":"closed","sticky":false,"template":"","format":"standard","meta":{"footnotes":""},"categories":[2,14],"tags":[],"class_list":["post-27046","post","type-post","status-publish","format-standard","has-post-thumbnail","hentry","category-aktualnosci","category-ogloszenia-parafialne"],"_links":{"self":[{"href":"https:\/\/mbfatimska.ovh\/index.php\/wp-json\/wp\/v2\/posts\/27046","targetHints":{"allow":["GET"]}}],"collection":[{"href":"https:\/\/mbfatimska.ovh\/index.php\/wp-json\/wp\/v2\/posts"}],"about":[{"href":"https:\/\/mbfatimska.ovh\/index.php\/wp-json\/wp\/v2\/types\/post"}],"author":[{"embeddable":true,"href":"https:\/\/mbfatimska.ovh\/index.php\/wp-json\/wp\/v2\/users\/1"}],"replies":[{"embeddable":true,"href":"https:\/\/mbfatimska.ovh\/index.php\/wp-json\/wp\/v2\/comments?post=27046"}],"version-history":[{"count":3,"href":"https:\/\/mbfatimska.ovh\/index.php\/wp-json\/wp\/v2\/posts\/27046\/revisions"}],"predecessor-version":[{"id":40127,"href":"https:\/\/mbfatimska.ovh\/index.php\/wp-json\/wp\/v2\/posts\/27046\/revisions\/40127"}],"wp:featuredmedia":[{"embeddable":true,"href":"https:\/\/mbfatimska.ovh\/index.php\/wp-json\/wp\/v2\/media\/30657"}],"wp:attachment":[{"href":"https:\/\/mbfatimska.ovh\/index.php\/wp-json\/wp\/v2\/media?parent=27046"}],"wp:term":[{"taxonomy":"category","embeddable":true,"href":"https:\/\/mbfatimska.ovh\/index.php\/wp-json\/wp\/v2\/categories?post=27046"},{"taxonomy":"post_tag","embeddable":true,"href":"https:\/\/mbfatimska.ovh\/index.php\/wp-json\/wp\/v2\/tags?post=27046"}],"curies":[{"name":"wp","href":"https:\/\/api.w.org\/{rel}","templated":true}]}}