{"id":27516,"date":"2025-04-19T13:56:28","date_gmt":"2025-04-19T11:56:28","guid":{"rendered":"https:\/\/www.mbfatimska.pl\/?p=27516"},"modified":"2026-02-13T13:02:49","modified_gmt":"2026-02-13T13:02:49","slug":"niedziela-zmartwychwstania-panskiego-ogloszenia","status":"publish","type":"post","link":"https:\/\/mbfatimska.ovh\/index.php\/2025\/04\/19\/niedziela-zmartwychwstania-panskiego-ogloszenia\/","title":{"rendered":"Niedziela Zmartwychwstania Pa\u0144skiego &#8211; og\u0142oszenia"},"content":{"rendered":"<div class=\"post-excerpt\">\n<p>1.Dzisiaj Uroczysto\u015b\u0107 Zmartwychwstania Pa\u0144skiego. Zapraszamy na Msze \u015bwi\u0119te o godzinie 7.00, poprzedzon\u0105 procesj\u0105 rezurekcyjn\u0105, 11.00, 12.30 i 18.00. Nie b\u0119dzie Mszy \u015bwi\u0119tej o godzinie 9.00.<\/p>\n<p>2.W Poniedzia\u0142ek Wielkanocny zapraszamy na Msze \u015bwi\u0119te, kt\u00f3re b\u0119d\u0105 sprawowane wed\u0142ug porz\u0105dku niedzielnego.<\/p>\n<p>3.Dzi\u0119kujemy tym wszystkim, kt\u00f3rzy przyczynili si\u0119 do uroczystego i godnego prze\u017cycia Triduum Paschalnego, oraz procesji rezurekcyjnej. Dzi\u0119kujemy osobom z niepe\u0142nosprawno\u015bciami z Warsztatu Terapii Zaj\u0119ciowej \u015bw. Rity, wraz z instruktorami za przygotowanie Ciemnicy i Grobu Pa\u0144skiego, a kwiaciarni Rossa z Wieliszewa za dekoracje kwiatowe. Dzi\u0119kujemy niezawodnej Scholi Fatima Canta wraz z prowadz\u0105c\u0105, p. Anit\u0105 Rodak, za opraw\u0119 muzyczn\u0105, ministrantom, lektorom, bielankom za pe\u0142n\u0105 po\u015bwi\u0119cenia s\u0142u\u017cb\u0119 przy o\u0142tarzu. Dzi\u0119kujemy poszczeg\u00f3lnym grupom parafialnym za tw\u00f3rcze w\u0142\u0105czenie si\u0119 w trud przygotowa\u0144. Pragniemy podzi\u0119kowa\u0107 osobom nios\u0105cym chor\u0105gwie, figur\u0119, r\u00f3\u017caniec, poduszki w czasie procesji rezurekcyjnej. Dzi\u0119kujemy ty, kt\u00f3rzy w jakikolwiek spos\u00f3b przyczynili si\u0119 do godnego prze\u017cycia \u015bwi\u0119tych dni naszego zbawienia.<\/p>\n<p>4.Od pi\u0105tku uczestniczymy w nowennie przed Uroczysto\u015bci\u0105 Bo\u017cego Mi\u0142osierdzia, kt\u00f3ra w czasie \u015bwi\u0105t b\u0119dzie sprawowana o godzinie 17.40, a w dni powszednie po Mszy \u015bwi\u0119tej o godzinie 18.00.<\/p>\n<p>5.W tym tygodniu odb\u0119d\u0105 si\u0119 przygotowania do Uroczysto\u015bci I Komunii \u015bwi\u0119tej i Komunii \u015bwi\u0119tej rocznicowej: w \u015brod\u0119 o godzinie 19.00 \u2013 do rocznicy Komunii \u015bwi\u0119tej, w czwartek \u2013 grupa 1 do I Komunii \u015bwi\u0119tej o godzinie 19.00, w pi\u0105tek \u2013 grupa 2 do I Komunii \u015bwi\u0119tej r\u00f3wnie\u017c o godzinie 19.00.<\/p>\n<p>6.We wtorek zapraszamy na kolejne nabo\u017ce\u0144stwo do \u015bw. Rity, Patronki spraw trudnych i beznadziejnych. Podczas Mszy \u015bwi\u0119tej o godzinie 18.00, zostan\u0105 po\u015bwi\u0119cone r\u00f3\u017ce, kt\u00f3re b\u0119dzie mo\u017cna zakupi\u0107 przed Eucharysti\u0105, a specjalne modlitwy do \u015bw. Rity b\u0119dziemy zanosi\u0107 po Mszy \u015bwi\u0119tej. R\u00f3wnie\u017c wtedy b\u0119dziemy omadla\u0107 intencje, kt\u00f3re z\u0142o\u017cymy pod o\u0142tarzem przed Msz\u0105 \u015bwi\u0119t\u0105.<\/p>\n<p>7.W pi\u0105tek o godzinie 18.00 zostanie odprawiona Msza \u015bwi\u0119ta wypominkowa za naszych bliskich zmar\u0142ych.<\/p>\n<p>8.W pi\u0105tek z racji trwaj\u0105cej Oktawy Wielkiej Nocy mo\u017cna spo\u017cywa\u0107 pokarmy mi\u0119sne.<\/p>\n<p>9.Za tydzie\u0144 prze\u017cywa\u0107 b\u0119dziemy Niedziel\u0119 Mi\u0142osierdzia Bo\u017cego. Na godzin\u0119 15.00, w Godzin\u0119 Szczeg\u00f3lnych \u0141ask, zapraszamy do ko\u015bcio\u0142a na specjalne nabo\u017ce\u0144stwo, kt\u00f3re b\u0119dzie po\u0142\u0105czone z aktem oddania Chrystusowi Mi\u0142osiernemu naszej Ojczyzny, kt\u00f3r\u0105 polecali\u015bmy Panu Bogu uczestnicz\u0105c w Wielkiej Nowennie za Ojczyzn\u0119 w lutym i marcu, a kt\u00f3r\u0105 zako\u0144czyli\u015bmy 15 kwietnia.<\/p>\n<p>10.R\u00f3wnie\u017c w Niedziel\u0119 Mi\u0142osierdzia, w Warszawie, odb\u0119dzie si\u0119 Narodowy Marsz \u017bycia. O godzinie 11.00 odb\u0119dzie si\u0119 Msza \u015bwi\u0119ta w Katedrze Warszawskiej i Warszawsko-Praskiej, a nast\u0119pnie, o 12.30, nast\u0105pi wymarsz z Placu Zamkowego, a zako\u0144czenie marszu nast\u0105pi w parku im. Marsza\u0142ka Edwarda Rydza-\u015amig\u0142ego. Serdecznie zapraszamy ca\u0142e rodziny na to niecodzienne wydarzenie.<\/p>\n<p>11.Za tydzie\u0144, w niedziel\u0119, o godzinie 10.25, katecheza dla dzieci klas III SP przed uroczysto\u015bci\u0105 I Komunii \u015bwi\u0119tej, a o godzinie 12.00, rozstrzygni\u0119cie konkursu na naj\u0142adniejsz\u0105 i najwi\u0119ksz\u0105 palm\u0119 wielkanocn\u0105. B\u0119d\u0105 cenne nagrody i dyplomy. Dzi\u0119kujemy dzieciom i rodzicom za zainteresowanie si\u0119 konkursem.<\/p>\n<p>12.7 maja, tj. w \u015brod\u0119, organizujemy jednodniow\u0105 pielgrzymk\u0119 do Sandomierza ze zwiedzaniem najwa\u017cniejszych zabytk\u00f3w tego miasta, min. Katedry, czy trasy podziemnej pod sandomierskim rynkiem. Koszt wyjazdu z biletami wst\u0119pu, przewodnikiem i obiadem to 140 z\u0142. Wyjazd o godzinie 7.00, a powr\u00f3t oko\u0142o 20.30. Zapisy w zakrystii.<\/p>\n<p>13.W lipcu, w dniach 14, 15, 16 organizujemy trzydniow\u0105 pielgrzymk\u0119 do Krakowa ze zwiedzaniem Wawelu, kopalni soli w Wieliczce, \u0141agiewnik, Ty\u0144ca, Kalwarii Zebrzydowskiej i Wadowic. Spotkanie informacyjne w przysz\u0142\u0105 niedziel\u0119 o godzinie 16.15 w salce pod zakrysti\u0105.<\/p>\n<\/div>\n","protected":false},"excerpt":{"rendered":"<p>1.Dzisiaj Uroczysto\u015b\u0107 Zmartwychwstania Pa\u0144skiego. Zapraszamy na Msze \u015bwi\u0119te o godzinie 7.00, poprzedzon\u0105 procesj\u0105 rezurekcyjn\u0105, 11.00, 12.30 i 18.00. Nie b\u0119dzie Mszy \u015bwi\u0119tej o godzinie 9.00. 2.W Poniedzia\u0142ek Wielkanocny zapraszamy na Msze \u015bwi\u0119te, kt\u00f3re b\u0119d\u0105 sprawowane wed\u0142ug porz\u0105dku niedzielnego. 3.Dzi\u0119kujemy tym wszystkim, kt\u00f3rzy przyczynili si\u0119 do uroczystego i godnego prze\u017cycia Triduum Paschalnego, oraz procesji rezurekcyjnej. Dzi\u0119kujemy [&hellip;]<\/p>\n","protected":false},"author":1,"featured_media":28105,"comment_status":"closed","ping_status":"closed","sticky":false,"template":"","format":"standard","meta":{"footnotes":""},"categories":[2,14],"tags":[],"class_list":["post-27516","post","type-post","status-publish","format-standard","has-post-thumbnail","hentry","category-aktualnosci","category-ogloszenia-parafialne"],"_links":{"self":[{"href":"https:\/\/mbfatimska.ovh\/index.php\/wp-json\/wp\/v2\/posts\/27516","targetHints":{"allow":["GET"]}}],"collection":[{"href":"https:\/\/mbfatimska.ovh\/index.php\/wp-json\/wp\/v2\/posts"}],"about":[{"href":"https:\/\/mbfatimska.ovh\/index.php\/wp-json\/wp\/v2\/types\/post"}],"author":[{"embeddable":true,"href":"https:\/\/mbfatimska.ovh\/index.php\/wp-json\/wp\/v2\/users\/1"}],"replies":[{"embeddable":true,"href":"https:\/\/mbfatimska.ovh\/index.php\/wp-json\/wp\/v2\/comments?post=27516"}],"version-history":[{"count":2,"href":"https:\/\/mbfatimska.ovh\/index.php\/wp-json\/wp\/v2\/posts\/27516\/revisions"}],"predecessor-version":[{"id":40128,"href":"https:\/\/mbfatimska.ovh\/index.php\/wp-json\/wp\/v2\/posts\/27516\/revisions\/40128"}],"wp:featuredmedia":[{"embeddable":true,"href":"https:\/\/mbfatimska.ovh\/index.php\/wp-json\/wp\/v2\/media\/28105"}],"wp:attachment":[{"href":"https:\/\/mbfatimska.ovh\/index.php\/wp-json\/wp\/v2\/media?parent=27516"}],"wp:term":[{"taxonomy":"category","embeddable":true,"href":"https:\/\/mbfatimska.ovh\/index.php\/wp-json\/wp\/v2\/categories?post=27516"},{"taxonomy":"post_tag","embeddable":true,"href":"https:\/\/mbfatimska.ovh\/index.php\/wp-json\/wp\/v2\/tags?post=27516"}],"curies":[{"name":"wp","href":"https:\/\/api.w.org\/{rel}","templated":true}]}}