{"id":27595,"date":"2025-04-19T20:57:22","date_gmt":"2025-04-19T18:57:22","guid":{"rendered":"https:\/\/www.mbfatimska.pl\/?p=27595"},"modified":"2025-04-19T20:57:22","modified_gmt":"2025-04-19T18:57:22","slug":"zyczenia-wielkanocne","status":"publish","type":"post","link":"https:\/\/mbfatimska.ovh\/index.php\/2025\/04\/19\/zyczenia-wielkanocne\/","title":{"rendered":"\u017byczenia Wielkanocne"},"content":{"rendered":"<p style=\"text-align: center;\"><b><i>Zmartwychwsta\u0142, tak jak zapowiedzia\u0142. Alleluja!<\/i><\/b><\/p>\n<p style=\"text-align: center;\"><b><i>Najdro\u017csze Siostry i Bracia w Chrystusie,<\/i><\/b><\/p>\n<p style=\"text-align: center;\"><b><i>Drodzy Parafianie i Go\u015bcie<\/i><\/b><\/p>\n<p><i>Jeszcze nie zd\u0105\u017cy\u0142y wyschn\u0105\u0107 \u0142zy op\u0142akuj\u0105cych \u015bmier\u0107 Jezusa, gdy budzi si\u0119 nie\u015bmia\u0142y promyk nadziei w sercach uczni\u00f3w, s\u0142uchaj\u0105cych s\u0142\u00f3w niewiast powracaj\u0105cych od pustego grobu Pana. Zwiastunki Dobrej Nowiny zapewniaj\u0105, \u017ce widzia\u0142y<br \/>\nanio\u0142\u00f3w, kt\u00f3rzy m\u00f3wili- \u201enie ma Go tu, zmartwychwsta\u0142\u2026 jak zapowiedzia\u0142\u201d.<\/i><\/p>\n<p><i>My dali\u015bmy wiar\u0119 tym s\u0142owom, a sk\u0142adaj\u0105c \u015bwiadectwo o Zmartwychwsta\u0142ym, tak prze\u017cywajmy nasze \u017cycie, aby zap\u0142on\u0119\u0142a ta nadzieja w niejednym ludzkim sercu, by osuszy\u0142y si\u0119 \u0142zy w oczach ludzi smutnych, cierpi\u0105cych, samotnych, wzgardzonych,<br \/>\nchorych, zapomnianych i umieraj\u0105cych.<\/i><\/p>\n<p><i>Nie b\u00f3jmy si\u0119 pokocha\u0107 Mi\u0142o\u015bci Zmartwychwsta\u0142ego, nie b\u00f3jmy si\u0119 Ni\u0105 \u017cy\u0107 na co dzie\u0144, nie l\u0119kajmy si\u0119 o Ni\u0105 walczy\u0107 i o Ni\u0105 prosi\u0107.<\/i><\/p>\n<p><i>Zapatrzeni z Maryj\u0105 w pusty gr\u00f3b Jezusa, spogl\u0105daj\u0105c na \u015bwi\u0119ty ca\u0142un, tul\u0105c si\u0119 do Jej Serca, b\u0105d\u017amy lud\u017ami mocnej mi\u0142o\u015bci i niezachwianej nadziei, opartej na mocnym fundamencie, na Chrystusie, kt\u00f3ry zwyci\u0119\u017cy\u0142 dla nas \u015bmier\u0107 i grzech.<\/i><\/p>\n<p><i>Spogl\u0105daj\u0105c na Naj\u015bwi\u0119tsze rany Boskiego Zbawiciela, b\u0105d\u017amy wdzi\u0119czni za t\u0119<br \/>\nOfiar\u0119 i Niesko\u0144czon\u0105 Mi\u0142o\u015b\u0107, kt\u00f3r\u0105 lepiej rozumiemy w blasku Zmartwychwstania.<\/i><\/p>\n<p><i>Ucz\u0105c si\u0119 od S\u0142ug Bo\u017cych, kandydat\u00f3w do chwa\u0142y \u015bwi\u0119to\u015bci, Jana Paw\u0142a II,<br \/>\nBpa Wilhelma Pluty i Ks. Jerzego Popie\u0142uszki, zawsze zapatrzonych w Chrystusa<br \/>\ni Niepokalan\u0105, post\u0119pujmy za dobrymi nauczycielami wiary ku zbawieniu, ku \u015bwi\u0119to\u015bci i zmartwychwstaniu.<\/i><\/p>\n<p><i>Niech rado\u015b\u0107 Wielkanocna nape\u0142nia nasze serca Pokojem i Mi\u0142o\u015bci\u0105, a tak\u017ce mobilizuje nas do podj\u0119cia trudu dawania \u015bwiadectwa o Zmartwychwsta\u0142ym Panu<br \/>\ni czyni nas gorliwymi aposto\u0142ami Prawdy.<\/i><\/p>\n<p><i>B\u0142ogos\u0142awionych \u015awi\u0105t Paschalnych i obfito\u015bci \u0142ask od Zmartwychwsta\u0142ego.<\/i><\/p>\n<p><i>Weso\u0142ego Alleluja \u017cycz\u0105 duszpasterze,<\/i><\/p>\n<p><em>ks. prob. pra\u0142. Tomasz Chcia\u0142owski, ks. Miko\u0142aj Lipski, ks. Arkadiusz Grzeszczyk SAC<\/em><\/p>\n<p>&nbsp;<\/p>\n","protected":false},"excerpt":{"rendered":"<p>Zmartwychwsta\u0142, tak jak zapowiedzia\u0142. Alleluja! Najdro\u017csze Siostry i Bracia w Chrystusie, Drodzy Parafianie i Go\u015bcie Jeszcze nie zd\u0105\u017cy\u0142y wyschn\u0105\u0107 \u0142zy op\u0142akuj\u0105cych \u015bmier\u0107 Jezusa, gdy budzi si\u0119 nie\u015bmia\u0142y promyk nadziei w sercach uczni\u00f3w, s\u0142uchaj\u0105cych s\u0142\u00f3w niewiast powracaj\u0105cych od pustego grobu Pana. Zwiastunki Dobrej Nowiny zapewniaj\u0105, \u017ce widzia\u0142y anio\u0142\u00f3w, kt\u00f3rzy m\u00f3wili- \u201enie ma Go tu, zmartwychwsta\u0142\u2026 jak [&hellip;]<\/p>\n","protected":false},"author":1,"featured_media":27596,"comment_status":"closed","ping_status":"closed","sticky":false,"template":"","format":"standard","meta":{"footnotes":""},"categories":[2],"tags":[],"class_list":["post-27595","post","type-post","status-publish","format-standard","has-post-thumbnail","hentry","category-aktualnosci"],"_links":{"self":[{"href":"https:\/\/mbfatimska.ovh\/index.php\/wp-json\/wp\/v2\/posts\/27595","targetHints":{"allow":["GET"]}}],"collection":[{"href":"https:\/\/mbfatimska.ovh\/index.php\/wp-json\/wp\/v2\/posts"}],"about":[{"href":"https:\/\/mbfatimska.ovh\/index.php\/wp-json\/wp\/v2\/types\/post"}],"author":[{"embeddable":true,"href":"https:\/\/mbfatimska.ovh\/index.php\/wp-json\/wp\/v2\/users\/1"}],"replies":[{"embeddable":true,"href":"https:\/\/mbfatimska.ovh\/index.php\/wp-json\/wp\/v2\/comments?post=27595"}],"version-history":[{"count":0,"href":"https:\/\/mbfatimska.ovh\/index.php\/wp-json\/wp\/v2\/posts\/27595\/revisions"}],"wp:featuredmedia":[{"embeddable":true,"href":"https:\/\/mbfatimska.ovh\/index.php\/wp-json\/wp\/v2\/media\/27596"}],"wp:attachment":[{"href":"https:\/\/mbfatimska.ovh\/index.php\/wp-json\/wp\/v2\/media?parent=27595"}],"wp:term":[{"taxonomy":"category","embeddable":true,"href":"https:\/\/mbfatimska.ovh\/index.php\/wp-json\/wp\/v2\/categories?post=27595"},{"taxonomy":"post_tag","embeddable":true,"href":"https:\/\/mbfatimska.ovh\/index.php\/wp-json\/wp\/v2\/tags?post=27595"}],"curies":[{"name":"wp","href":"https:\/\/api.w.org\/{rel}","templated":true}]}}