{"id":27683,"date":"2025-04-26T12:38:05","date_gmt":"2025-04-26T10:38:05","guid":{"rendered":"https:\/\/www.mbfatimska.pl\/?p=27683"},"modified":"2026-02-13T13:03:45","modified_gmt":"2026-02-13T13:03:45","slug":"niedziela-bozego-milosierdzia-ii-niedziela-wielkanocy","status":"publish","type":"post","link":"https:\/\/mbfatimska.ovh\/index.php\/2025\/04\/26\/niedziela-bozego-milosierdzia-ii-niedziela-wielkanocy\/","title":{"rendered":"Niedziela Bo\u017cego Mi\u0142osierdzia &#8211; II Niedziela Wielkanocy"},"content":{"rendered":"<div class=\"post-excerpt\">\n<p>1.Dzisiaj Niedziela Bo\u017cego Mi\u0142osierdzia. Zapraszamy na godzin\u0119 15.00 do ko\u015bcio\u0142a w Godzinie \u0141ask na specjalne nabo\u017ce\u0144stwo do Chrystusa Mi\u0142osiernego po\u0142\u0105czone z aktem ofiarowania naszej Ojczyzny Bo\u017cemu Mi\u0142osierdziu.<\/p>\n<p>2.R\u00f3wnie\u017c dzisiaj odb\u0119d\u0105 si\u0119 nast\u0119puj\u0105ce spotkania: o 10.25 \u2013 katecheza dla dzieci klas III SP przed uroczysto\u015bci\u0105 I Komunii \u015bwi\u0119tej; o 12.00 \u2013 rozstrzygni\u0119cie konkursu na naj\u0142adniejsz\u0105 i najwi\u0119ksz\u0105 palm\u0119 wielkanocn\u0105; o 16.15 \u2013 w salce pod zakrysti\u0105 \u2013 dla zainteresowanych lipcow\u0105 pielgrzymk\u0105 do Krakowa, Kalwarii Zebrzydowskiej, Wadowic, Ty\u0144ca i \u0141agiewnik. Pielgrzymka odb\u0119dzie si\u0119 w dniach 14-16 lipca 2025; o 19.00 \u2013 w kawiarence \u2013 dla narzeczonych w ramach nowego cyklu nauk przedma\u0142\u017ce\u0144skich.<\/p>\n<p>3.Jutro, po Mszy \u015bwi\u0119tej o godzinie 18.00, zapraszamy na nabo\u017ce\u0144stwo do b\u0142. kard. Stefan Wyszy\u0144skiego, patrona naszego miasta.<\/p>\n<p>4.Przypominamy, \u017ce od 1 maja do 30 wrze\u015bnia, przechodzimy na letni system godzinowy Mszy \u015bwi\u0119tych i urz\u0119dowania kancelarii parafialnej. Msze \u015bwi\u0119te w dni powszednie b\u0119d\u0105 sprawowane o godzinie 18.00 i 19.00, w niedziele i uroczysto\u015bci po po\u0142udniu o godzinie 19.00. Kancelaria b\u0119dzie czynna w godzinach 19.30 \u2013 20.15 od poniedzia\u0142ku do \u015brody. W soboty bez zmian.<\/p>\n<p>5.W miesi\u0105cu maju zapraszamy na nabo\u017ce\u0144stwa majowe sprawowane ku czci Naj\u015bwi\u0119tszej Maryi Panny. W dni powszednie o godzinie 19.30, a w niedziele i uroczysto\u015bci o 18.30.<\/p>\n<p>6.W tym tygodniu przypada: I czwartek miesi\u0105ca \u2013 po Mszy \u015bwi\u0119tej o godzinie 19.00 i nabo\u017ce\u0144stwie majowym, Koronka do Bo\u017cego Mi\u0142osierdzia i mo\u017cliwo\u015b\u0107 adoracji Naj\u015bwi\u0119tszego Sakramentu do godziny 22.00; I pi\u0105tek miesi\u0105ca \u2013 spowied\u017a od godziny 17.30 do 19.30; I sobota \u2013 nabo\u017ce\u0144stwo wynagradzaj\u0105ce Niepokalanemu Sercu NMP po Mszy \u015bwi\u0119tej o godzinie 19.00 i trwa\u0107 b\u0119dzie do 21.15; I niedziela \u2013 po Mszy \u015bwi\u0119tej o godzinie 12.30, pierwsza w tym roku procesja eucharystyczna i mo\u017cliwo\u015b\u0107 adoracji Naj\u015bwi\u0119tszego Sakramentu do godziny 18.30.<\/p>\n<p>7.3 maja, w sobot\u0119, obchodzi\u0107 b\u0119dziemy uroczysto\u015b\u0107 NMP Kr\u00f3lowej Polski. Jest to r\u00f3wnie\u017c rocznica uchwalenia Konstytucji 3 maja. Zapraszamy tego dnia na Msze \u015bwi\u0119te o godzinie 7.30, 9.00, 11.00 i 19.00. Nie b\u0119dzie Mszy \u015bwi\u0119tej o godzinie 12.30.<\/p>\n<p>8.Informujemy, \u017ce I Komunia \u015bwi\u0119ta w przysz\u0142ym roku odb\u0119dzie si\u0119 w sobot\u0119 16 maja.<\/p>\n<p>9.W minionych dniach zosta\u0142y odnowione na placu ko\u015bcielnym figury MB Fatimskiej i tr\u00f3jki dzieci, \u015bw. J\u00f3zefa, oraz kopu\u0142a i betonowe \u0142uki. Prace b\u0119d\u0105 trwa\u0142y jeszcze przy odnawianiu maszt\u00f3w do flag i s\u0142up\u00f3w o\u015bwietleniowych. Dzi\u0119kujemy za prace panu Leszkowi Perkowskiemu i Miros\u0142awowi Famulskiemu. Dzi\u0119kujemy tym, kt\u00f3rzy co sobot\u0105 i na ka\u017cd\u0105 pro\u015bb\u0119 odpowiadaj\u0105 czynem pomocy przy porz\u0105dkach na terenie ko\u015bcielnym: Markowi Polczy\u0144skiemu, Bogdanowi Rogalskiemu, Januszowi Kaczmarczykowi, Tomaszowi Wieczorkowi, Jackowi i Wies\u0142awowi Nawrockim, Mariannie i Danielowi Jasi\u0144skim, Janinie Wieraszko, Janinie Kusy, Zofii Kutra, Marii Eberhardt, Jagodzie Leszczy\u0144skiej, Wies\u0142awowi Majewskiemu i wielu jeszcze innym.<\/p>\n<p>10.W pi\u0105tek, 2 maja, o godzinie 20.00, odb\u0119dzie si\u0119 katecheza przed chrztem dzieci. Bior\u0105 w niej udzia\u0142 rodzice, kt\u00f3rzy pragn\u0105 ochrzci\u0107 dziecko w naszej parafii b\u0105d\u017a b\u0119dzie brana zgoda na chrzest do innej parafii, oraz kandydaci na rodzic\u00f3w chrzestnych mieszkaj\u0105cy na terenie naszej parafii.<\/p>\n<p>11.Osoby, kt\u00f3re zapisa\u0142y si\u0119 na pielgrzymk\u0119 do Sandomierza, w dniu 7 maja, proszone s\u0105 o dokonanie wp\u0142aty za wyjazd do 1 maja.<\/p>\n<p>12.Na poniedzia\u0142ek, na godzin\u0119 8.00, zapraszamy panie i pan\u00f3w do pomocy przy rozbieraniu dekoracji wielkanocnej.<\/p>\n<p>13.Kalendarz liturgiczny na ten tydzie\u0144: w poniedzia\u0142ek \u2013 uroczysto\u015b\u0107 \u015bw. Wojciecha, biskupa i m\u0119czennika, g\u0142\u00f3wnego patrona Polski; we wtorek \u2013 \u015bwi\u0119to \u015bwi\u0119tej Katarzyny Siene\u0144skiej, dziewicy i doktora Ko\u015bcio\u0142a, patronki Europy; w pi\u0105tek \u2013 wspomnienie \u015bw. Atanazego, biskupa i doktora Ko\u015bcio\u0142a; w sobot\u0119 \u2013 uroczysto\u015b\u0107 Naj\u015bwi\u0119tszej Maryi Panny, Kr\u00f3lowej Polski, g\u0142\u00f3wnej patronki Polski.<\/p>\n<\/div>\n","protected":false},"excerpt":{"rendered":"<p>1.Dzisiaj Niedziela Bo\u017cego Mi\u0142osierdzia. Zapraszamy na godzin\u0119 15.00 do ko\u015bcio\u0142a w Godzinie \u0141ask na specjalne nabo\u017ce\u0144stwo do Chrystusa Mi\u0142osiernego po\u0142\u0105czone z aktem ofiarowania naszej Ojczyzny Bo\u017cemu Mi\u0142osierdziu. 2.R\u00f3wnie\u017c dzisiaj odb\u0119d\u0105 si\u0119 nast\u0119puj\u0105ce spotkania: o 10.25 \u2013 katecheza dla dzieci klas III SP przed uroczysto\u015bci\u0105 I Komunii \u015bwi\u0119tej; o 12.00 \u2013 rozstrzygni\u0119cie konkursu na naj\u0142adniejsz\u0105 i [&hellip;]<\/p>\n","protected":false},"author":1,"featured_media":28105,"comment_status":"closed","ping_status":"closed","sticky":false,"template":"","format":"standard","meta":{"footnotes":""},"categories":[2,14],"tags":[],"class_list":["post-27683","post","type-post","status-publish","format-standard","has-post-thumbnail","hentry","category-aktualnosci","category-ogloszenia-parafialne"],"_links":{"self":[{"href":"https:\/\/mbfatimska.ovh\/index.php\/wp-json\/wp\/v2\/posts\/27683","targetHints":{"allow":["GET"]}}],"collection":[{"href":"https:\/\/mbfatimska.ovh\/index.php\/wp-json\/wp\/v2\/posts"}],"about":[{"href":"https:\/\/mbfatimska.ovh\/index.php\/wp-json\/wp\/v2\/types\/post"}],"author":[{"embeddable":true,"href":"https:\/\/mbfatimska.ovh\/index.php\/wp-json\/wp\/v2\/users\/1"}],"replies":[{"embeddable":true,"href":"https:\/\/mbfatimska.ovh\/index.php\/wp-json\/wp\/v2\/comments?post=27683"}],"version-history":[{"count":2,"href":"https:\/\/mbfatimska.ovh\/index.php\/wp-json\/wp\/v2\/posts\/27683\/revisions"}],"predecessor-version":[{"id":40129,"href":"https:\/\/mbfatimska.ovh\/index.php\/wp-json\/wp\/v2\/posts\/27683\/revisions\/40129"}],"wp:featuredmedia":[{"embeddable":true,"href":"https:\/\/mbfatimska.ovh\/index.php\/wp-json\/wp\/v2\/media\/28105"}],"wp:attachment":[{"href":"https:\/\/mbfatimska.ovh\/index.php\/wp-json\/wp\/v2\/media?parent=27683"}],"wp:term":[{"taxonomy":"category","embeddable":true,"href":"https:\/\/mbfatimska.ovh\/index.php\/wp-json\/wp\/v2\/categories?post=27683"},{"taxonomy":"post_tag","embeddable":true,"href":"https:\/\/mbfatimska.ovh\/index.php\/wp-json\/wp\/v2\/tags?post=27683"}],"curies":[{"name":"wp","href":"https:\/\/api.w.org\/{rel}","templated":true}]}}