{"id":27836,"date":"2025-05-03T16:02:35","date_gmt":"2025-05-03T14:02:35","guid":{"rendered":"https:\/\/www.mbfatimska.pl\/?p=27735"},"modified":"2026-02-13T13:04:12","modified_gmt":"2026-02-13T13:04:12","slug":"iii-niedziela-wielkanocy","status":"publish","type":"post","link":"https:\/\/mbfatimska.ovh\/index.php\/2025\/05\/03\/iii-niedziela-wielkanocy\/","title":{"rendered":"III Niedziela Wielkanocy"},"content":{"rendered":"<div class=\"post-excerpt\">\n<p>1.Dzisiaj, z racji I Niedzieli miesi\u0105ca, po Mszy \u015bwi\u0119tej o godzinie 12.30, odb\u0119dzie si\u0119 procesja eucharystyczna i mo\u017cliwo\u015b\u0107 adoracji Naj\u015bwi\u0119tszego Sakramentu do godziny 18.30.<\/p>\n<p>2.Dzisiejsz\u0105 niedziel\u0105 rozpoczynamy IX Narodowe Czytanie Pisma \u015awi\u0119tego pod has\u0142em: <em>Zmartwychwsta\u0142y Chrystus \u2013 nasza Nadzieja Chwa\u0142y<\/em>. Przed ko\u015bcio\u0142em mo\u017cemy zakupi\u0107 Stary i Nowy Testament b\u0105d\u017a tylko Nowy Testament. Mo\u017ce to by\u0107 wspania\u0142y prezent komunijny. Zach\u0119camy do nabycia Pisma \u015bwi\u0119tego i jego codziennej lektury.<\/p>\n<p>3.R\u00f3wnie\u017c dzisiaj, o godzinie 20.00, drugie spotkanie dla narzeczonych w ramach kursu przedma\u0142\u017ce\u0144skiego.<\/p>\n<p>4.Przypominamy, \u017ce od maja do ko\u0144ca wrze\u015bnia ulega zmianie uk\u0142ad Mszy \u015bwi\u0119tych popo\u0142udniowych. Od poniedzia\u0142ku do soboty Msze \u015bwi\u0119te b\u0119d\u0105 sprawowane o godzinie 18.00 i 19.00, a w niedziele o godzinie 19.00. Kancelaria b\u0119dzie czynna od poniedzia\u0142ku do \u015brody w godzinach 19.30 \u2013 20.15 i w soboty w godzinach 9.00 \u2013 10.00.<\/p>\n<p>5.W \u015brod\u0119, 7 maja, grupa ponad 50 os\u00f3b, parafian i go\u015bci, udaje si\u0119 na pielgrzymk\u0119 do Sandomierza. O godzinie 6.45 podstawienie autokaru, o 7.00 wyjazd i powr\u00f3t oko\u0142o 21,00.<\/p>\n<p>6.W tym tygodniu odb\u0119d\u0105 si\u0119 spotkania dla dzieci komunijnych i rocznicowych: w poniedzia\u0142ek \u2013 o godzinie 17.00 \u2013 dla dzieci rocznicowych; w \u015brod\u0119 \u2013 o godzinie 17.00 \u2013 dla grupy I komunijnej; w czwartek \u2013 o godzinie 17.00 \u2013 dla grupy II komunijnej.<\/p>\n<p>7.W sobot\u0119 i niedziel\u0119 odb\u0119d\u0105 si\u0119 spotkania ksi\u0119dza z dzie\u0107mi i rodzicami przed uroczysto\u015bci\u0105 I Komunii \u015bwi\u0119tej: w sobot\u0119 \u2013 o godzinie 10.00 \u2013 grupa I; w niedziel\u0119 \u2013 o godzinie 16.00 \u2013 grupa II. Spotkanie ob\u0119dzie si\u0119 w kancelarii parafialnej.<\/p>\n<p>8.W poniedzia\u0142ek, o godzinie 20.00, w ko\u015bciele, odb\u0119dzie si\u0119 spotkanie formacyjno-informacyjne dla rodzic\u00f3w dzieci komunijnych.<\/p>\n<p>9.R\u00f3wnie\u017c w poniedzia\u0142ek, w godzinach 18.00 \u2013 20.00, b\u0119dzie mo\u017cna skorzysta\u0107 z darmowych konsultacji i porad psychologa. Zapraszamy rodzic\u00f3w z dzie\u0107mi, m\u0142odzie\u017c i doros\u0142ych, kt\u00f3rzy maj\u0105 problemy natury psychicznej utrudniaj\u0105ce im codzienne \u017cycie.<\/p>\n<p>10.W przysz\u0142\u0105 niedziel\u0119 odb\u0119d\u0105 si\u0119 nast\u0119puj\u0105ce spotkania: o godzinie 10.25 \u2013 dla dzieci klas III SP przed uroczysto\u015bci\u0105 I Komunii \u015bwi\u0119tej; o 12.00 \u2013 dla dzieci, kt\u00f3re w Wielkim Po\u015bcie uczestniczy\u0142y w nabo\u017ce\u0144stwach Drogi Krzy\u017cowej i Gorzkich \u017bali. Na spotkanie nale\u017cy przynie\u015b\u0107 wyklejank\u0119 z nabo\u017ce\u0144stw. B\u0119d\u0105 upominki.<\/p>\n<p>11.Osoby, kt\u00f3re zapisa\u0142y si\u0119 na wrze\u015bniow\u0105 pielgrzymk\u0119 do Francji proszone s\u0105 o uiszczenie do przysz\u0142ej niedzieli drugiej raty odp\u0142atno\u015bci za wyjazd.<\/p>\n<p>12.S\u0105 jeszcze wolne miejsca na lipcow\u0105 pielgrzymk\u0119 do Krakowa, Wieliczki, \u0141agiewnik, Kalwarii Zebrzydowskiej i Ty\u0144ca. Wyjazd b\u0119dzie w dniach 14, 15, 16 lipca. Zapisy tylko do przysz\u0142ej niedzieli.<\/p>\n<p>13.M\u0142odzie\u017c przygotowuj\u0105c\u0105 si\u0119 do sakramentu bierzmowania zapraszamy na spotkanie w sobot\u0119 na godzin\u0119 15.00 do salki pod zakrysti\u0105.<\/p>\n<p>14.Dzi\u0119kujemy za pe\u0142ne po\u015bwi\u0119cenia pi\u0105tkowe prace porz\u0105dkowe. Niestety, wieczorna burza i wichura obr\u00f3ci\u0142y wniwecz mozoln\u0105 prac\u0119, kt\u00f3r\u0105 aby teren by\u0142 w miar\u0119 uporz\u0105dkowany, nale\u017ca\u0142o poprawi\u0107 w sobot\u0119. Tym bardziej dzi\u0119kujemy tym panom, kt\u00f3rzy pospieszyli z pomoc\u0105 w uporz\u0105dkowaniu terenu ko\u015bcielnego.<\/p>\n<p>15.Kalendarz liturgiczny na ten tydzie\u0144: we wtorek \u2013 \u015bwi\u0119to \u015bwi\u0119tych Aposto\u0142\u00f3w Filipa i Jakuba; w czwartek \u2013 uroczysto\u015b\u0107 \u015bwi\u0119tego Stanis\u0142awa, biskupa i m\u0119czennika, g\u0142\u00f3wnego patrona Polski.<\/p>\n<p>16. Przypominamy, \u017ce\u00a0 w poniedzia\u0142ki w budynku Centrum Wsparcia Fizycznego, w godzinach 18-20:00, mo\u017cemy skorzysta\u0107 z darmowych porad\u00a0 i konsultacji psychologa. Zapraszamy te osoby, kt\u00f3re s\u0105: w trudnej sytuacji \u017cyciowej i kryzysie (rozstanie, strata, \u017ca\u0142oba); w stanie nadmiernego l\u0119ku i stresu; w kryzysie relacji z bliskimi i miejscem pracy. Zapraszamy rodzic\u00f3w potrzebuj\u0105cych porad i wsparcia w budowaniu zdrowych relacji z dzieckiem, rodzic\u00f3w dzieci prze\u017cywaj\u0105cych problemy emocjonalne i konflikty r\u00f3wie\u015bnicze. W czwartki za\u015b w godzianch 18-20:00 mo\u017cna skorzysta\u0107 z poradni \u017cycia rodzinnego w tym z mediacji rodzinnych. Mo\u017cliwe s\u0105 r\u00f3wnie\u017c konsultacje telefoniczne. Wi\u0119cej informacji o zadaniu pod nr tel. 692-480-148.\u00a0 Zadanie dofinansowane przez Gimn\u0119 Miejsk\u0105 Legionowo.<\/p>\n<\/div>\n","protected":false},"excerpt":{"rendered":"<p>1.Dzisiaj, z racji I Niedzieli miesi\u0105ca, po Mszy \u015bwi\u0119tej o godzinie 12.30, odb\u0119dzie si\u0119 procesja eucharystyczna i mo\u017cliwo\u015b\u0107 adoracji Naj\u015bwi\u0119tszego Sakramentu do godziny 18.30. 2.Dzisiejsz\u0105 niedziel\u0105 rozpoczynamy IX Narodowe Czytanie Pisma \u015awi\u0119tego pod has\u0142em: Zmartwychwsta\u0142y Chrystus \u2013 nasza Nadzieja Chwa\u0142y. Przed ko\u015bcio\u0142em mo\u017cemy zakupi\u0107 Stary i Nowy Testament b\u0105d\u017a tylko Nowy Testament. Mo\u017ce to by\u0107 [&hellip;]<\/p>\n","protected":false},"author":1,"featured_media":28105,"comment_status":"closed","ping_status":"closed","sticky":false,"template":"","format":"standard","meta":{"footnotes":""},"categories":[2,14],"tags":[],"class_list":["post-27836","post","type-post","status-publish","format-standard","has-post-thumbnail","hentry","category-aktualnosci","category-ogloszenia-parafialne"],"_links":{"self":[{"href":"https:\/\/mbfatimska.ovh\/index.php\/wp-json\/wp\/v2\/posts\/27836","targetHints":{"allow":["GET"]}}],"collection":[{"href":"https:\/\/mbfatimska.ovh\/index.php\/wp-json\/wp\/v2\/posts"}],"about":[{"href":"https:\/\/mbfatimska.ovh\/index.php\/wp-json\/wp\/v2\/types\/post"}],"author":[{"embeddable":true,"href":"https:\/\/mbfatimska.ovh\/index.php\/wp-json\/wp\/v2\/users\/1"}],"replies":[{"embeddable":true,"href":"https:\/\/mbfatimska.ovh\/index.php\/wp-json\/wp\/v2\/comments?post=27836"}],"version-history":[{"count":2,"href":"https:\/\/mbfatimska.ovh\/index.php\/wp-json\/wp\/v2\/posts\/27836\/revisions"}],"predecessor-version":[{"id":40130,"href":"https:\/\/mbfatimska.ovh\/index.php\/wp-json\/wp\/v2\/posts\/27836\/revisions\/40130"}],"wp:featuredmedia":[{"embeddable":true,"href":"https:\/\/mbfatimska.ovh\/index.php\/wp-json\/wp\/v2\/media\/28105"}],"wp:attachment":[{"href":"https:\/\/mbfatimska.ovh\/index.php\/wp-json\/wp\/v2\/media?parent=27836"}],"wp:term":[{"taxonomy":"category","embeddable":true,"href":"https:\/\/mbfatimska.ovh\/index.php\/wp-json\/wp\/v2\/categories?post=27836"},{"taxonomy":"post_tag","embeddable":true,"href":"https:\/\/mbfatimska.ovh\/index.php\/wp-json\/wp\/v2\/tags?post=27836"}],"curies":[{"name":"wp","href":"https:\/\/api.w.org\/{rel}","templated":true}]}}