{"id":28099,"date":"2025-06-11T20:32:52","date_gmt":"2025-06-11T18:32:52","guid":{"rendered":"https:\/\/www.mbfatimska.pl\/?p=28099"},"modified":"2025-06-11T20:32:52","modified_gmt":"2025-06-11T18:32:52","slug":"teren-parafii-zamykany-na-noc-22-00-6-00","status":"publish","type":"post","link":"https:\/\/mbfatimska.ovh\/index.php\/2025\/06\/11\/teren-parafii-zamykany-na-noc-22-00-6-00\/","title":{"rendered":"Teren parafii zamykany na noc (22.00 &#8211; 6.00)"},"content":{"rendered":"<p>Ze wzgl\u0119du na zniszczenia dokonane zesz\u0142ej nocy przez dziki na naszym terenie i liczne szkody trawnika oraz instalacji nawodnieniowej, kt\u00f3re mo\u017cna zobaczy\u0107 na za\u0142\u0105czonych zdj\u0119ciach, informujemy, \u017ce podj\u0119li\u015bmy decyzj\u0119 by teren parafii by\u0142 zamykany na noc, w godzinach 22.00 &#8211; 6.00. Za wszelkie utrudnienia przepraszamy i prosimy o wyrozumia\u0142o\u015b\u0107.<\/p>\n<div id='gallery-1' class='gallery galleryid-28099 gallery-columns-3 gallery-size-medium'><figure class='gallery-item'>\n\t\t\t<div class='gallery-icon landscape'>\n\t\t\t\t<a href='https:\/\/mbfatimska.ovh\/index.php\/2025\/06\/11\/teren-parafii-zamykany-na-noc-22-00-6-00\/zdjecie-whatsapp-2025-06-11-o-18-39-07_63dfcfb3\/'><img fetchpriority=\"high\" decoding=\"async\" width=\"300\" height=\"225\" src=\"https:\/\/mbfatimska.ovh\/wp-content\/uploads\/2025\/06\/Zdjecie-WhatsApp-2025-06-11-o-18.39.07_63dfcfb3-300x225.jpg\" class=\"attachment-medium size-medium\" alt=\"\" srcset=\"https:\/\/mbfatimska.ovh\/wp-content\/uploads\/2025\/06\/Zdjecie-WhatsApp-2025-06-11-o-18.39.07_63dfcfb3-300x225.jpg 300w, https:\/\/mbfatimska.ovh\/wp-content\/uploads\/2025\/06\/Zdjecie-WhatsApp-2025-06-11-o-18.39.07_63dfcfb3-1024x768.jpg 1024w, https:\/\/mbfatimska.ovh\/wp-content\/uploads\/2025\/06\/Zdjecie-WhatsApp-2025-06-11-o-18.39.07_63dfcfb3-768x576.jpg 768w, https:\/\/mbfatimska.ovh\/wp-content\/uploads\/2025\/06\/Zdjecie-WhatsApp-2025-06-11-o-18.39.07_63dfcfb3.jpg 1280w\" sizes=\"(max-width: 300px) 100vw, 300px\" \/><\/a>\n\t\t\t<\/div><\/figure><figure class='gallery-item'>\n\t\t\t<div class='gallery-icon landscape'>\n\t\t\t\t<a href='https:\/\/mbfatimska.ovh\/index.php\/2025\/06\/11\/teren-parafii-zamykany-na-noc-22-00-6-00\/zdjecie-whatsapp-2025-06-11-o-18-39-06_b205dfc2\/'><img decoding=\"async\" width=\"300\" height=\"225\" src=\"https:\/\/mbfatimska.ovh\/wp-content\/uploads\/2025\/06\/Zdjecie-WhatsApp-2025-06-11-o-18.39.06_b205dfc2-300x225.jpg\" class=\"attachment-medium size-medium\" alt=\"\" srcset=\"https:\/\/mbfatimska.ovh\/wp-content\/uploads\/2025\/06\/Zdjecie-WhatsApp-2025-06-11-o-18.39.06_b205dfc2-300x225.jpg 300w, https:\/\/mbfatimska.ovh\/wp-content\/uploads\/2025\/06\/Zdjecie-WhatsApp-2025-06-11-o-18.39.06_b205dfc2-1024x768.jpg 1024w, https:\/\/mbfatimska.ovh\/wp-content\/uploads\/2025\/06\/Zdjecie-WhatsApp-2025-06-11-o-18.39.06_b205dfc2-768x576.jpg 768w, https:\/\/mbfatimska.ovh\/wp-content\/uploads\/2025\/06\/Zdjecie-WhatsApp-2025-06-11-o-18.39.06_b205dfc2.jpg 1280w\" sizes=\"(max-width: 300px) 100vw, 300px\" \/><\/a>\n\t\t\t<\/div><\/figure><figure class='gallery-item'>\n\t\t\t<div class='gallery-icon landscape'>\n\t\t\t\t<a href='https:\/\/mbfatimska.ovh\/index.php\/2025\/06\/11\/teren-parafii-zamykany-na-noc-22-00-6-00\/zdjecie-whatsapp-2025-06-11-o-18-39-06_9e6b83b5\/'><img decoding=\"async\" width=\"300\" height=\"225\" src=\"https:\/\/mbfatimska.ovh\/wp-content\/uploads\/2025\/06\/Zdjecie-WhatsApp-2025-06-11-o-18.39.06_9e6b83b5-300x225.jpg\" class=\"attachment-medium size-medium\" alt=\"\" srcset=\"https:\/\/mbfatimska.ovh\/wp-content\/uploads\/2025\/06\/Zdjecie-WhatsApp-2025-06-11-o-18.39.06_9e6b83b5-300x225.jpg 300w, https:\/\/mbfatimska.ovh\/wp-content\/uploads\/2025\/06\/Zdjecie-WhatsApp-2025-06-11-o-18.39.06_9e6b83b5-1024x768.jpg 1024w, https:\/\/mbfatimska.ovh\/wp-content\/uploads\/2025\/06\/Zdjecie-WhatsApp-2025-06-11-o-18.39.06_9e6b83b5-768x576.jpg 768w, https:\/\/mbfatimska.ovh\/wp-content\/uploads\/2025\/06\/Zdjecie-WhatsApp-2025-06-11-o-18.39.06_9e6b83b5.jpg 1280w\" sizes=\"(max-width: 300px) 100vw, 300px\" \/><\/a>\n\t\t\t<\/div><\/figure><figure class='gallery-item'>\n\t\t\t<div class='gallery-icon landscape'>\n\t\t\t\t<a href='https:\/\/mbfatimska.ovh\/index.php\/2025\/06\/11\/teren-parafii-zamykany-na-noc-22-00-6-00\/zdjecie-whatsapp-2025-06-11-o-18-39-05_20d0fdf3\/'><img loading=\"lazy\" decoding=\"async\" width=\"300\" height=\"225\" src=\"https:\/\/mbfatimska.ovh\/wp-content\/uploads\/2025\/06\/Zdjecie-WhatsApp-2025-06-11-o-18.39.05_20d0fdf3-300x225.jpg\" class=\"attachment-medium size-medium\" alt=\"\" srcset=\"https:\/\/mbfatimska.ovh\/wp-content\/uploads\/2025\/06\/Zdjecie-WhatsApp-2025-06-11-o-18.39.05_20d0fdf3-300x225.jpg 300w, https:\/\/mbfatimska.ovh\/wp-content\/uploads\/2025\/06\/Zdjecie-WhatsApp-2025-06-11-o-18.39.05_20d0fdf3-1024x768.jpg 1024w, https:\/\/mbfatimska.ovh\/wp-content\/uploads\/2025\/06\/Zdjecie-WhatsApp-2025-06-11-o-18.39.05_20d0fdf3-768x576.jpg 768w, https:\/\/mbfatimska.ovh\/wp-content\/uploads\/2025\/06\/Zdjecie-WhatsApp-2025-06-11-o-18.39.05_20d0fdf3.jpg 1280w\" sizes=\"(max-width: 300px) 100vw, 300px\" \/><\/a>\n\t\t\t<\/div><\/figure>\n\t\t<\/div>\n\n","protected":false},"excerpt":{"rendered":"<p>Ze wzgl\u0119du na zniszczenia dokonane zesz\u0142ej nocy przez dziki na naszym terenie i liczne szkody trawnika oraz instalacji nawodnieniowej, kt\u00f3re mo\u017cna zobaczy\u0107 na za\u0142\u0105czonych zdj\u0119ciach, informujemy, \u017ce podj\u0119li\u015bmy decyzj\u0119 by teren parafii by\u0142 zamykany na noc, w godzinach 22.00 &#8211; 6.00. Za wszelkie utrudnienia przepraszamy i prosimy o wyrozumia\u0142o\u015b\u0107.<\/p>\n","protected":false},"author":7,"featured_media":28104,"comment_status":"closed","ping_status":"closed","sticky":false,"template":"","format":"standard","meta":{"footnotes":""},"categories":[2],"tags":[],"class_list":["post-28099","post","type-post","status-publish","format-standard","has-post-thumbnail","hentry","category-aktualnosci"],"_links":{"self":[{"href":"https:\/\/mbfatimska.ovh\/index.php\/wp-json\/wp\/v2\/posts\/28099","targetHints":{"allow":["GET"]}}],"collection":[{"href":"https:\/\/mbfatimska.ovh\/index.php\/wp-json\/wp\/v2\/posts"}],"about":[{"href":"https:\/\/mbfatimska.ovh\/index.php\/wp-json\/wp\/v2\/types\/post"}],"author":[{"embeddable":true,"href":"https:\/\/mbfatimska.ovh\/index.php\/wp-json\/wp\/v2\/users\/7"}],"replies":[{"embeddable":true,"href":"https:\/\/mbfatimska.ovh\/index.php\/wp-json\/wp\/v2\/comments?post=28099"}],"version-history":[{"count":1,"href":"https:\/\/mbfatimska.ovh\/index.php\/wp-json\/wp\/v2\/posts\/28099\/revisions"}],"predecessor-version":[{"id":33874,"href":"https:\/\/mbfatimska.ovh\/index.php\/wp-json\/wp\/v2\/posts\/28099\/revisions\/33874"}],"wp:featuredmedia":[{"embeddable":true,"href":"https:\/\/mbfatimska.ovh\/index.php\/wp-json\/wp\/v2\/pages\/28104"}],"wp:attachment":[{"href":"https:\/\/mbfatimska.ovh\/index.php\/wp-json\/wp\/v2\/media?parent=28099"}],"wp:term":[{"taxonomy":"category","embeddable":true,"href":"https:\/\/mbfatimska.ovh\/index.php\/wp-json\/wp\/v2\/categories?post=28099"},{"taxonomy":"post_tag","embeddable":true,"href":"https:\/\/mbfatimska.ovh\/index.php\/wp-json\/wp\/v2\/tags?post=28099"}],"curies":[{"name":"wp","href":"https:\/\/api.w.org\/{rel}","templated":true}]}}