{"id":28542,"date":"2025-07-05T13:03:43","date_gmt":"2025-07-05T11:03:43","guid":{"rendered":"https:\/\/www.mbfatimska.pl\/?p=28542"},"modified":"2026-01-16T10:13:03","modified_gmt":"2026-01-16T10:13:03","slug":"zloty-krzyz-zaslugi-dla-ks-pral-tomasza-chcialowskiego","status":"publish","type":"post","link":"https:\/\/mbfatimska.ovh\/index.php\/2025\/07\/05\/zloty-krzyz-zaslugi-dla-ks-pral-tomasza-chcialowskiego\/","title":{"rendered":"Z\u0142oty Krzy\u017c Zas\u0142ugi"},"content":{"rendered":"\t\t<div data-elementor-type=\"wp-post\" data-elementor-id=\"28542\" class=\"elementor elementor-28542\" data-elementor-post-type=\"post\">\n\t\t\t\t<div class=\"elementor-element elementor-element-c07e969 e-flex e-con-boxed e-con e-parent\" data-id=\"c07e969\" data-element_type=\"container\" data-e-type=\"container\">\n\t\t\t\t\t<div class=\"e-con-inner\">\n\t\t\t\t<div class=\"elementor-element elementor-element-7c96e44 elementor-widget elementor-widget-text-editor\" data-id=\"7c96e44\" data-element_type=\"widget\" data-e-type=\"widget\" data-widget_type=\"text-editor.default\">\n\t\t\t\t<div class=\"elementor-widget-container\">\n\t\t\t\t\t\t\t\t\t<p>W pi\u0105tek, 4 lipca, w Pa\u0142acu Prezydenckim odby\u0142a si\u0119 uroczysto\u015b\u0107 wr\u0119czenia odznacze\u0144 pa\u0144stwowych. Ks. pra\u0142. Tomasz Chcia\u0142owski &#8211; Prezes Legionowskiego Stowarzyszenia Amicus zosta\u0142 odznaczony Z\u0142otym Krzy\u017cem Zas\u0142ugi. To wyj\u0105tkowe wyr\u00f3\u017cnienie przyznano za wieloletni\u0105 dzia\u0142alno\u015b\u0107 na rzecz os\u00f3b z niepe\u0142nosprawno\u015bciami oraz za niestrudzon\u0105 pomoc tym, kt\u00f3rzy jej najbardziej potrzebuj\u0105. Podczas tej samej ceremonii odznaczenie otrzyma\u0142 r\u00f3wnie\u017c Wojciech Kowalczyk, kt\u00f3remu tak\u017ce serdecznie gratulujemy.<\/p>\t\t\t\t\t\t\t\t<\/div>\n\t\t\t\t<\/div>\n\t\t\t\t\t<\/div>\n\t\t\t\t<\/div>\n\t\t<div class=\"elementor-element elementor-element-784de1d e-flex e-con-boxed e-con e-parent\" data-id=\"784de1d\" data-element_type=\"container\" data-e-type=\"container\">\n\t\t\t\t\t<div class=\"e-con-inner\">\n\t\t\t\t<div class=\"elementor-element elementor-element-18a4558 elementor-widget elementor-widget-image-gallery\" data-id=\"18a4558\" data-element_type=\"widget\" data-e-type=\"widget\" data-widget_type=\"image-gallery.default\">\n\t\t\t\t<div class=\"elementor-widget-container\">\n\t\t\t\t\t\t\t<div class=\"elementor-image-gallery\">\n\t\t\t<div id='gallery-1' class='gallery galleryid-28542 gallery-columns-1 gallery-size-medium_large'><figure class='gallery-item'>\n\t\t\t<div class='gallery-icon portrait'>\n\t\t\t\t<a data-elementor-open-lightbox=\"yes\" data-elementor-lightbox-slideshow=\"18a4558\" data-elementor-lightbox-title=\"515748647_23935817796079285_5550751842442115762_n-e1751713420658\" data-e-action-hash=\"#elementor-action%3Aaction%3Dlightbox%26settings%3DeyJpZCI6MzMyNDIsInVybCI6Imh0dHBzOlwvXC9tYmZhdGltc2thLm92aFwvd3AtY29udGVudFwvdXBsb2Fkc1wvMjAyNlwvMDFcLzUxNTc0ODY0N18yMzkzNTgxNzc5NjA3OTI4NV81NTUwNzUxODQyNDQyMTE1NzYyX24tZTE3NTE3MTM0MjA2NTguanBnIiwic2xpZGVzaG93IjoiMThhNDU1OCJ9\" href='https:\/\/mbfatimska.ovh\/wp-content\/uploads\/2026\/01\/515748647_23935817796079285_5550751842442115762_n-e1751713420658.jpg'><img fetchpriority=\"high\" width=\"760\" height=\"820\" src=\"https:\/\/mbfatimska.ovh\/wp-content\/uploads\/2026\/01\/515748647_23935817796079285_5550751842442115762_n-e1751713420658.jpg\" class=\"attachment-medium_large size-medium_large\" alt=\"\" decoding=\"async\" srcset=\"https:\/\/mbfatimska.ovh\/wp-content\/uploads\/2026\/01\/515748647_23935817796079285_5550751842442115762_n-e1751713420658.jpg 760w, https:\/\/mbfatimska.ovh\/wp-content\/uploads\/2026\/01\/515748647_23935817796079285_5550751842442115762_n-e1751713420658-278x300.jpg 278w\" sizes=\"(max-width: 760px) 100vw, 760px\" \/><\/a>\n\t\t\t<\/div><\/figure><figure class='gallery-item'>\n\t\t\t<div class='gallery-icon portrait'>\n\t\t\t\t<a data-elementor-open-lightbox=\"yes\" data-elementor-lightbox-slideshow=\"18a4558\" data-elementor-lightbox-title=\"IMG-20250705-WA0023\" data-e-action-hash=\"#elementor-action%3Aaction%3Dlightbox%26settings%3DeyJpZCI6MzMyNDEsInVybCI6Imh0dHBzOlwvXC9tYmZhdGltc2thLm92aFwvd3AtY29udGVudFwvdXBsb2Fkc1wvMjAyNlwvMDFcL0lNRy0yMDI1MDcwNS1XQTAwMjMuanBnIiwic2xpZGVzaG93IjoiMThhNDU1OCJ9\" href='https:\/\/mbfatimska.ovh\/wp-content\/uploads\/2026\/01\/IMG-20250705-WA0023.jpg'><img width=\"768\" height=\"1024\" src=\"https:\/\/mbfatimska.ovh\/wp-content\/uploads\/2026\/01\/IMG-20250705-WA0023-768x1024.jpg\" class=\"attachment-medium_large size-medium_large\" alt=\"\" decoding=\"async\" srcset=\"https:\/\/mbfatimska.ovh\/wp-content\/uploads\/2026\/01\/IMG-20250705-WA0023-768x1024.jpg 768w, https:\/\/mbfatimska.ovh\/wp-content\/uploads\/2026\/01\/IMG-20250705-WA0023-225x300.jpg 225w, https:\/\/mbfatimska.ovh\/wp-content\/uploads\/2026\/01\/IMG-20250705-WA0023-1152x1536.jpg 1152w, https:\/\/mbfatimska.ovh\/wp-content\/uploads\/2026\/01\/IMG-20250705-WA0023.jpg 1200w\" sizes=\"(max-width: 768px) 100vw, 768px\" \/><\/a>\n\t\t\t<\/div><\/figure>\n\t\t<\/div>\n\t\t<\/div>\n\t\t\t\t\t\t<\/div>\n\t\t\t\t<\/div>\n\t\t\t\t\t<\/div>\n\t\t\t\t<\/div>\n\t\t\t\t<\/div>\n\t\t","protected":false},"excerpt":{"rendered":"<p>W pi\u0105tek, 4 lipca, w Pa\u0142acu Prezydenckim odby\u0142a si\u0119 uroczysto\u015b\u0107 wr\u0119czenia odznacze\u0144 pa\u0144stwowych. Ks. pra\u0142. Tomasz Chcia\u0142owski &#8211; Prezes Legionowskiego Stowarzyszenia Amicus zosta\u0142 odznaczony Z\u0142otym Krzy\u017cem Zas\u0142ugi. To wyj\u0105tkowe wyr\u00f3\u017cnienie przyznano za wieloletni\u0105 dzia\u0142alno\u015b\u0107 na rzecz os\u00f3b z niepe\u0142nosprawno\u015bciami oraz za niestrudzon\u0105 pomoc tym, kt\u00f3rzy jej najbardziej potrzebuj\u0105. Podczas tej samej ceremonii odznaczenie otrzyma\u0142 r\u00f3wnie\u017c [&hellip;]<\/p>\n","protected":false},"author":8,"featured_media":28543,"comment_status":"closed","ping_status":"closed","sticky":false,"template":"","format":"standard","meta":{"footnotes":""},"categories":[2,6],"tags":[],"class_list":["post-28542","post","type-post","status-publish","format-standard","has-post-thumbnail","hentry","category-aktualnosci","category-galerie"],"_links":{"self":[{"href":"https:\/\/mbfatimska.ovh\/index.php\/wp-json\/wp\/v2\/posts\/28542","targetHints":{"allow":["GET"]}}],"collection":[{"href":"https:\/\/mbfatimska.ovh\/index.php\/wp-json\/wp\/v2\/posts"}],"about":[{"href":"https:\/\/mbfatimska.ovh\/index.php\/wp-json\/wp\/v2\/types\/post"}],"author":[{"embeddable":true,"href":"https:\/\/mbfatimska.ovh\/index.php\/wp-json\/wp\/v2\/users\/8"}],"replies":[{"embeddable":true,"href":"https:\/\/mbfatimska.ovh\/index.php\/wp-json\/wp\/v2\/comments?post=28542"}],"version-history":[{"count":3,"href":"https:\/\/mbfatimska.ovh\/index.php\/wp-json\/wp\/v2\/posts\/28542\/revisions"}],"predecessor-version":[{"id":33245,"href":"https:\/\/mbfatimska.ovh\/index.php\/wp-json\/wp\/v2\/posts\/28542\/revisions\/33245"}],"wp:featuredmedia":[{"embeddable":true,"href":"https:\/\/mbfatimska.ovh\/index.php\/wp-json\/wp\/v2\/media\/28543"}],"wp:attachment":[{"href":"https:\/\/mbfatimska.ovh\/index.php\/wp-json\/wp\/v2\/media?parent=28542"}],"wp:term":[{"taxonomy":"category","embeddable":true,"href":"https:\/\/mbfatimska.ovh\/index.php\/wp-json\/wp\/v2\/categories?post=28542"},{"taxonomy":"post_tag","embeddable":true,"href":"https:\/\/mbfatimska.ovh\/index.php\/wp-json\/wp\/v2\/tags?post=28542"}],"curies":[{"name":"wp","href":"https:\/\/api.w.org\/{rel}","templated":true}]}}