{"id":28708,"date":"2025-07-05T20:37:00","date_gmt":"2025-07-05T18:37:00","guid":{"rendered":"https:\/\/www.mbfatimska.pl\/?p=28708"},"modified":"2026-02-13T13:14:22","modified_gmt":"2026-02-13T13:14:22","slug":"xiv-niedziela-zwykla-3","status":"publish","type":"post","link":"https:\/\/mbfatimska.ovh\/index.php\/2025\/07\/05\/xiv-niedziela-zwykla-3\/","title":{"rendered":"XIV Niedziela Zwyk\u0142a"},"content":{"rendered":"<div class=\"post-excerpt\">\n<p>1.W dniu wczorajszym, grupa 46 dzieci, wraz z opiekunami, wr\u00f3ci\u0142a z tygodniowego wyjazdu wakacyjnego do Szklarskiej Por\u0119by. Dzi\u0119kujemy opiekunom za ich wielki trud i trosk\u0119 o bezpiecze\u0144stwo dzieci, a dzieciom za dojrza\u0142\u0105 postaw\u0119 dobrego post\u0119powania.<\/p>\n<p>2.Dzisiaj, z racji I Niedzieli miesi\u0105ca, po mszy \u015bwi\u0119tej o godzinie 12.30, procesja eucharystyczna i mo\u017cliwo\u015b\u0107 adoracji Naj\u015bwi\u0119tszego Sakramentu do godziny 18.30.<\/p>\n<p>3.R\u00f3wnie\u017c dzisiaj, o godzinie 18.00, w salce pod zakrysti\u0105, odb\u0119dzie si\u0119 spotkanie dla os\u00f3b, kt\u00f3re zapisa\u0142y si\u0119 na pielgrzymk\u0119 do Krakowa, Wadowic, Kalwarii Zebrzydowskiej, Ty\u0144ca, Wieliczki, w dniach 14 \u2013 16 lipca. Obecno\u015b\u0107 obowi\u0105zkowa.<\/p>\n<p>4.We wtorek, w godzinach 19-21, nieodp\u0142atnie b\u0119dzie przyjmowa\u0142 prawnik. Porady odbywaj\u0105 si\u0119 w budynku Centrum Wsparcia Fizycznego.<\/p>\n<p>5.We wtorek, 8 lipca, zostan\u0105 odprawione Msze \u015bwi\u0119te w intencji budowniczych i ofiarodawc\u00f3w o\u0142tarzy na Bo\u017ce Cia\u0142o. O godzinie 18.00 w intencji os\u00f3b z I i II o\u0142tarza, a o godzinie 19.00 w intencji budowniczych III i IV o\u0142tarza.<\/p>\n<p>6.W pi\u0105tek, o godzinie 7.30, zostanie odprawiona Msza \u015bwi\u0119ta w intencji firm, w\u0142a\u015bcicieli, pracownik\u00f3w i ich rodzin z naszego legionowskiego terenu. Osoby te pragn\u0105 swoj\u0105 przysz\u0142o\u015b\u0107 z\u0142o\u017cy\u0107 w r\u0119ce Matki Bo\u017cej Fatimskiej, kt\u00f3rej zawierzaj\u0105 swoje losy ju\u017c od wielu lat 13 dnia ka\u017cdego miesi\u0105ca lub w pobli\u017cu tej daty.<\/p>\n<p>7.W sobot\u0119, zapraszamy na kolejne rodzinne warsztaty kulinarno-ciastkarskie z dusz\u0105. W ramach zaj\u0119\u0107 b\u0119dziemy robi\u0107 jednogarnkowe potrawy wakacyjne oraz letni deser. Warsztaty odbywaj\u0105 si\u0119 w siedzibie Klubu Seniora AMICUS w godzinach 10-14.<\/p>\n<p>8.W przysz\u0142\u0105 niedziel\u0119, 13 lipca, zapraszamy na kolejne nabo\u017ce\u0144stwo fatimskie. O godzinie 19.00 zostanie odprawiona Msza \u015bwi\u0119ta z okoliczno\u015bciowym kazaniem i bezpo\u015brednio po niej wyruszy procesja r\u00f3\u017ca\u0144cowa z figur\u0105 fatimsk\u0105. Podczas r\u00f3\u017ca\u0144ca b\u0119d\u0105 odczytywane intencje, kt\u00f3re z\u0142o\u017cymy pod o\u0142tarzem przed Msz\u0105 \u015bwi\u0119t\u0105.<\/p>\n<p>9.W okresie wakacji zapraszamy dzieci w wieku szkolnym do skorzystania z oferty naszej \u015bwietlicy. \u015awietlica jest czynna od poniedzia\u0142ku do pi\u0105tku w godzinach 9.00 \u2013 14.00. Dzieci w tym czasie mog\u0105 skorzysta\u0107 z zaj\u0119\u0107 plastycznych, sportowych, kulinarnych, z wycieczek do kina, park\u00f3w rozrywki, na basen i jeszcze wielu ciekawych miejsc. W minionym tygodniu dzieci korzysta\u0142y z dmucha\u0144c\u00f3w, uczestniczy\u0142y w zaj\u0119ciach kulinarnych, oraz by\u0142y w kinie Helios. Zaj\u0119cia w \u015bwietlicy s\u0105 darmowe.<\/p>\n<p>10.Przypominamy, \u017ce w czasie wakacji spowied\u017a w dni powszednie jest sprawowana 15 minut przed Msz\u0105 \u015bwi\u0119t\u0105, w niedziele, do po\u0142udnia bez zmian, czyli podczas Mszy \u015bwi\u0119tych a po po\u0142udniu 30 minut przed Eucharysti\u0105.<\/p>\n<p>11.Dzi\u0119kujemy za sobotnie prace porz\u0105dkowe na naszym terenie. Na pi\u0105tek i sobot\u0119 zapraszamy wszystkich ch\u0119tnych do pracy na naszym terenie przyko\u015bcielnym. Zaczynamy o godzinie 8.00.<\/p>\n<p>12.Kalendarz liturgiczny na ten tydzie\u0144: we wtorek \u2013 wspomnienie \u015bw. Jana z Dukli, prezbitera; w pi\u0105tek \u2013 \u015bwi\u0119to \u015bwi\u0119tego Benedykta, opata, patrona Europy; w sobot\u0119 \u2013 wspomnienie \u015bw. Brunona Bonifacego z Kwerfurtu, biskupa i m\u0119czennika.<\/p>\n<\/div>\n","protected":false},"excerpt":{"rendered":"<p>1.W dniu wczorajszym, grupa 46 dzieci, wraz z opiekunami, wr\u00f3ci\u0142a z tygodniowego wyjazdu wakacyjnego do Szklarskiej Por\u0119by. Dzi\u0119kujemy opiekunom za ich wielki trud i trosk\u0119 o bezpiecze\u0144stwo dzieci, a dzieciom za dojrza\u0142\u0105 postaw\u0119 dobrego post\u0119powania. 2.Dzisiaj, z racji I Niedzieli miesi\u0105ca, po mszy \u015bwi\u0119tej o godzinie 12.30, procesja eucharystyczna i mo\u017cliwo\u015b\u0107 adoracji Naj\u015bwi\u0119tszego Sakramentu do [&hellip;]<\/p>\n","protected":false},"author":7,"featured_media":30657,"comment_status":"closed","ping_status":"closed","sticky":false,"template":"","format":"standard","meta":{"footnotes":""},"categories":[2,14],"tags":[],"class_list":["post-28708","post","type-post","status-publish","format-standard","has-post-thumbnail","hentry","category-aktualnosci","category-ogloszenia-parafialne"],"_links":{"self":[{"href":"https:\/\/mbfatimska.ovh\/index.php\/wp-json\/wp\/v2\/posts\/28708","targetHints":{"allow":["GET"]}}],"collection":[{"href":"https:\/\/mbfatimska.ovh\/index.php\/wp-json\/wp\/v2\/posts"}],"about":[{"href":"https:\/\/mbfatimska.ovh\/index.php\/wp-json\/wp\/v2\/types\/post"}],"author":[{"embeddable":true,"href":"https:\/\/mbfatimska.ovh\/index.php\/wp-json\/wp\/v2\/users\/7"}],"replies":[{"embeddable":true,"href":"https:\/\/mbfatimska.ovh\/index.php\/wp-json\/wp\/v2\/comments?post=28708"}],"version-history":[{"count":1,"href":"https:\/\/mbfatimska.ovh\/index.php\/wp-json\/wp\/v2\/posts\/28708\/revisions"}],"predecessor-version":[{"id":40141,"href":"https:\/\/mbfatimska.ovh\/index.php\/wp-json\/wp\/v2\/posts\/28708\/revisions\/40141"}],"wp:featuredmedia":[{"embeddable":true,"href":"https:\/\/mbfatimska.ovh\/index.php\/wp-json\/wp\/v2\/media\/30657"}],"wp:attachment":[{"href":"https:\/\/mbfatimska.ovh\/index.php\/wp-json\/wp\/v2\/media?parent=28708"}],"wp:term":[{"taxonomy":"category","embeddable":true,"href":"https:\/\/mbfatimska.ovh\/index.php\/wp-json\/wp\/v2\/categories?post=28708"},{"taxonomy":"post_tag","embeddable":true,"href":"https:\/\/mbfatimska.ovh\/index.php\/wp-json\/wp\/v2\/tags?post=28708"}],"curies":[{"name":"wp","href":"https:\/\/api.w.org\/{rel}","templated":true}]}}