{"id":28839,"date":"2025-07-12T11:32:56","date_gmt":"2025-07-12T09:32:56","guid":{"rendered":"https:\/\/www.mbfatimska.pl\/?p=28839"},"modified":"2026-02-13T13:14:44","modified_gmt":"2026-02-13T13:14:44","slug":"xv-niedziela-zwykla-5","status":"publish","type":"post","link":"https:\/\/mbfatimska.ovh\/index.php\/2025\/07\/12\/xv-niedziela-zwykla-5\/","title":{"rendered":"XV Niedziela Zwyk\u0142a"},"content":{"rendered":"<div class=\"post-excerpt\">\n<p>1.W dniu dzisiejszym zapraszamy na kolejne nabo\u017ce\u0144stwo fatimskie. O godzinie 19.00 Msza \u015bwi\u0119ta z okoliczno\u015bciowym kazaniem i bezpo\u015brednio po niej procesja fatimska z figur\u0105 Matki Bo\u017cej Fatimskiej. W czasie procesji b\u0119dziemy modli\u0107 si\u0119 na r\u00f3\u017ca\u0144cu, polecaj\u0105c Matce Bo\u017cej intencje, kt\u00f3re z\u0142o\u017cymy pod o\u0142tarzem przed Msz\u0105 \u015bwi\u0119t\u0105.<\/p>\n<p>2.Jutro, w poniedzia\u0142ek, grupa 44 os\u00f3b, uda si\u0119 na 3-dniow\u0105 pielgrzymk\u0119 do Krakowa, \u0141agiewnik, Wieliczki, Kalwarii Zebrzydowskiej, Wadowic i Ty\u0144ca. O godzinie 6.00 podstawienie autokaru, a o godzinie 6.15 wyjazd w tras\u0119. \u017byczymy im szcz\u0119\u015bliwej, udanej pielgrzymki, opieki \u015bw. Krzysztofa i Matki Bo\u017cej.<\/p>\n<p>3.R\u00f3wnie\u017c jutro, w godzinach 18-20, mo\u017cemy skorzysta\u0107 z darmowych konsultacji i porad psychologa. Psycholog b\u0119dzie przyjmowa\u0142 w budynku Centrum Wsparcia Fizycznego.<\/p>\n<p>4.Od poniedzia\u0142ku do \u015brody b\u0119dzie nieczynna kancelaria parafialna, ale zapraszamy za to w czwartek i pi\u0105tek w godzinach 19.30 \u2013 20.15, oraz w sobot\u0119 od 9 do 10.<\/p>\n<p>5.W \u015brod\u0119, 16 lipca, obchodzimy wspomnienie Naj\u015bwi\u0119tszej Maryi Panny z G\u00f3ry Karmel. Podczas Mszy \u015bwi\u0119tej o godz. 19.00 b\u0119dzie mo\u017cliwo\u015b\u0107 pob\u0142ogos\u0142awienia i na\u0142o\u017cenia szkaplerza.<\/p>\n<p>6.W sobot\u0119, po Mszy \u015bwi\u0119tej o godzinie 19.00, zapraszamy na kolejne nabo\u017ce\u0144stwo do \u015bw. J\u00f3zefa, patrona ma\u0142\u017ce\u0144stw i rodzin.<\/p>\n<p>7.R\u00f3wnie\u017c w sobot\u0119, w godzinach 10-14, zapraszamy na kolejne warsztaty kulinarno-ciastkarskie. Tym razem b\u0119dziemy mogli si\u0119 nauczy\u0107 wyrabia\u0107 i piec rogaliki. Warsztaty odbywaj\u0105 si\u0119 w budynku Klubu Seniora AMICUS.<\/p>\n<p>8.W przysz\u0142\u0105 niedziel\u0119, z racji przypadaj\u0105cego niebawem 25 lipca, dnia \u015bw. Krzysztofa \u2013 patrona kierowc\u00f3w i podr\u00f3\u017cuj\u0105cych, po ka\u017cdej Mszy \u015bwi\u0119tej, obrz\u0119d po\u015bwi\u0119cenia pojazd\u00f3w mechanicznych. Pojazdy te b\u0119dzie mo\u017cna po\u015bwi\u0119ci\u0107 r\u00f3wnie\u017c w sam dzie\u0144 wspomnienia \u015bw. Krzysztofa, w pi\u0105tek 25 lipca.<\/p>\n<p>9.R\u00f3wnie\u017c w przysz\u0142\u0105 niedziel\u0119, w Muzeum Historycznym na Piaskach, o godzinie 15.30, odb\u0119dzie si\u0119 prelekcja pana doktora Artura Bojarskiego pod tytu\u0142em <em>Powiat Legionowski \u2013 zabytki, kt\u00f3rych brakuje<\/em>. Wst\u0119p wolny.<\/p>\n<p>10.Kalendarz liturgiczny na ten tydzie\u0144: we wtorek \u2013 wspomnienie \u015bw. Bonawentury, biskupa i Doktora Ko\u015bcio\u0142a; w \u015brod\u0119 \u2013 wspomnienie Naj\u015bwi\u0119tszej Maryi Panny z G\u00f3ry Karmel.<\/p>\n<\/div>\n","protected":false},"excerpt":{"rendered":"<p>1.W dniu dzisiejszym zapraszamy na kolejne nabo\u017ce\u0144stwo fatimskie. O godzinie 19.00 Msza \u015bwi\u0119ta z okoliczno\u015bciowym kazaniem i bezpo\u015brednio po niej procesja fatimska z figur\u0105 Matki Bo\u017cej Fatimskiej. W czasie procesji b\u0119dziemy modli\u0107 si\u0119 na r\u00f3\u017ca\u0144cu, polecaj\u0105c Matce Bo\u017cej intencje, kt\u00f3re z\u0142o\u017cymy pod o\u0142tarzem przed Msz\u0105 \u015bwi\u0119t\u0105. 2.Jutro, w poniedzia\u0142ek, grupa 44 os\u00f3b, uda si\u0119 na [&hellip;]<\/p>\n","protected":false},"author":7,"featured_media":30657,"comment_status":"closed","ping_status":"closed","sticky":false,"template":"","format":"standard","meta":{"footnotes":""},"categories":[2,14],"tags":[],"class_list":["post-28839","post","type-post","status-publish","format-standard","has-post-thumbnail","hentry","category-aktualnosci","category-ogloszenia-parafialne"],"_links":{"self":[{"href":"https:\/\/mbfatimska.ovh\/index.php\/wp-json\/wp\/v2\/posts\/28839","targetHints":{"allow":["GET"]}}],"collection":[{"href":"https:\/\/mbfatimska.ovh\/index.php\/wp-json\/wp\/v2\/posts"}],"about":[{"href":"https:\/\/mbfatimska.ovh\/index.php\/wp-json\/wp\/v2\/types\/post"}],"author":[{"embeddable":true,"href":"https:\/\/mbfatimska.ovh\/index.php\/wp-json\/wp\/v2\/users\/7"}],"replies":[{"embeddable":true,"href":"https:\/\/mbfatimska.ovh\/index.php\/wp-json\/wp\/v2\/comments?post=28839"}],"version-history":[{"count":1,"href":"https:\/\/mbfatimska.ovh\/index.php\/wp-json\/wp\/v2\/posts\/28839\/revisions"}],"predecessor-version":[{"id":40142,"href":"https:\/\/mbfatimska.ovh\/index.php\/wp-json\/wp\/v2\/posts\/28839\/revisions\/40142"}],"wp:featuredmedia":[{"embeddable":true,"href":"https:\/\/mbfatimska.ovh\/index.php\/wp-json\/wp\/v2\/media\/30657"}],"wp:attachment":[{"href":"https:\/\/mbfatimska.ovh\/index.php\/wp-json\/wp\/v2\/media?parent=28839"}],"wp:term":[{"taxonomy":"category","embeddable":true,"href":"https:\/\/mbfatimska.ovh\/index.php\/wp-json\/wp\/v2\/categories?post=28839"},{"taxonomy":"post_tag","embeddable":true,"href":"https:\/\/mbfatimska.ovh\/index.php\/wp-json\/wp\/v2\/tags?post=28839"}],"curies":[{"name":"wp","href":"https:\/\/api.w.org\/{rel}","templated":true}]}}