{"id":29171,"date":"2025-07-19T11:09:58","date_gmt":"2025-07-19T09:09:58","guid":{"rendered":"https:\/\/www.mbfatimska.pl\/?p=29171"},"modified":"2026-02-13T13:15:33","modified_gmt":"2026-02-13T13:15:33","slug":"xvi-niedziela-zwykla-4","status":"publish","type":"post","link":"https:\/\/mbfatimska.ovh\/index.php\/2025\/07\/19\/xvi-niedziela-zwykla-4\/","title":{"rendered":"XVI Niedziela Zwyk\u0142a"},"content":{"rendered":"<div class=\"post-excerpt\">\n<div class=\"x14z9mp xat24cr x1lziwak x1vvkbs xtlvy1s x126k92a\">\n<div dir=\"auto\">1. W ubieg\u0142ym tygodniu odby\u0142a si\u0119 pielgrzymka do Krakowa, \u0141agiewnik, Kalwarii Zebrzydowskiej, Wadowic i Ty\u0144ca. Dzi\u0119kujemy wszystkim pielgrzymom za godn\u0105 chrze\u015bcija\u0144sk\u0105 postaw\u0119. Dzi\u0119kujemy za przekazan\u0105 na rzecz parafii ofiar\u0119 pieni\u0119\u017cn\u0105 w kwocie 400 z\u0142.<\/div>\n<div dir=\"auto\"><\/div>\n<\/div>\n<div class=\"x14z9mp xat24cr x1lziwak x1vvkbs xtlvy1s x126k92a\">\n<div dir=\"auto\">2. W dniu dzisiejszym po ka\u017cdej mszy \u015bw. na g\u00f3rnym parkingu obrz\u0119d b\u0142ogos\u0142awie\u0144stwa i po\u015bwi\u0119cenia kierowc\u00f3w i pojazd\u00f3w mechanicznych. Pojazdy b\u0119dzie mo\u017cna po\u015bwi\u0119ci\u0107 r\u00f3wnie\u017c w sam dzie\u0144 \u015bw. Krzysztofa czyli w pi\u0105tek po ka\u017cdej mszy \u015bw.<\/div>\n<div dir=\"auto\"><\/div>\n<\/div>\n<div class=\"x14z9mp xat24cr x1lziwak x1vvkbs xtlvy1s x126k92a\">\n<div dir=\"auto\">3. We wtorek, 22 lipca zapraszamy na kolejne nabo\u017ce\u0144stwo do \u015bw. Rity. O godz. 19:00 msza \u015bw. z obrz\u0119dem po\u015bwi\u0119cenia r\u00f3\u017c, a po Eucharystii modlitwa do patronki spraw trudnych i beznadziejnych z b\u0142ogos\u0142awie\u0144stwem relikwiami \u015bw. Rity. Tego dnia kancelaria b\u0119dzie czynna od 20:00 do 20:30.<\/div>\n<div dir=\"auto\"><\/div>\n<\/div>\n<div class=\"x14z9mp xat24cr x1lziwak x1vvkbs xtlvy1s x126k92a\">\n<div dir=\"auto\">4. W pi\u0105tek, z racji ostatniego pi\u0105tku miesi\u0105ca na mszy \u015bw. o godz. 19:00 modli\u0107 si\u0119 b\u0119dziemy za zmar\u0142ych poleconych w tegorocznych wypominkach.<\/div>\n<div dir=\"auto\"><\/div>\n<\/div>\n<div class=\"x14z9mp xat24cr x1lziwak x1vvkbs xtlvy1s x126k92a\">\n<div dir=\"auto\">5. W sobot\u0119, 26 lipca obchodzi\u0107 b\u0119dziemy liturgiczne wspomnienie \u015bw. Joachima i Anny rodzic\u00f3w Naj\u015bwi\u0119tszej Maryi Panny. Tego dnia pami\u0119tajmy o naszych seniorach, dziadkach i babciach.<\/div>\n<div dir=\"auto\"><\/div>\n<\/div>\n<div class=\"x14z9mp xat24cr x1lziwak x1vvkbs xtlvy1s x126k92a\">\n<div dir=\"auto\">6. Z my\u015bl\u0105 o ubo\u017cszej cz\u0119\u015bci naszych rodak\u00f3w na Wile\u0144szczy\u017anie i na naszym terenie co roku organizujemy akcje \u201eWe\u017a plecak, daj wyprawk\u0119\u201d. Od przysz\u0142ej niedzieli na pode\u015bcie dla scholii b\u0119d\u0105 wy\u0142o\u017cone plecaki ufundowane przez Legionowskie Stowarzyszenie AMICUS, a kt\u00f3re nale\u017cy zabra\u0107 ze sob\u0105 i wype\u0142ni\u0107 je przyborami szkolnymi i przynie\u015b\u0107 do ko\u015bcio\u0142a do niedzieli 3 sierpnia tak by dzieciom i m\u0142odzie\u017cy wyprawki zawie\u017a\u0107 na Litw\u0119 po 15 sierpnia. Zach\u0119camy do zaanga\u017cowania si\u0119 w akcj\u0119. Co roku wsp\u00f3lnie robimy blisko 140 kompletnych wyprawek szkolnych.<\/div>\n<div dir=\"auto\"><\/div>\n<\/div>\n<div class=\"x14z9mp xat24cr x1lziwak x1vvkbs xtlvy1s x126k92a\">\n<div dir=\"auto\">7. W najbli\u017cszy pi\u0105tek o godz. 9:00 w ko\u015bciele z racji \u015bwi\u0119ta Policji zostanie odprawiona msza \u015bw. w intencji Centrum Szkolenia Policji w Legionowie- w intencji s\u0142uchaczy jak i kadry.<\/div>\n<\/div>\n<\/div>\n","protected":false},"excerpt":{"rendered":"<p>1. W ubieg\u0142ym tygodniu odby\u0142a si\u0119 pielgrzymka do Krakowa, \u0141agiewnik, Kalwarii Zebrzydowskiej, Wadowic i Ty\u0144ca. Dzi\u0119kujemy wszystkim pielgrzymom za godn\u0105 chrze\u015bcija\u0144sk\u0105 postaw\u0119. Dzi\u0119kujemy za przekazan\u0105 na rzecz parafii ofiar\u0119 pieni\u0119\u017cn\u0105 w kwocie 400 z\u0142. 2. W dniu dzisiejszym po ka\u017cdej mszy \u015bw. na g\u00f3rnym parkingu obrz\u0119d b\u0142ogos\u0142awie\u0144stwa i po\u015bwi\u0119cenia kierowc\u00f3w i pojazd\u00f3w mechanicznych. Pojazdy b\u0119dzie [&hellip;]<\/p>\n","protected":false},"author":8,"featured_media":30657,"comment_status":"closed","ping_status":"closed","sticky":false,"template":"","format":"standard","meta":{"footnotes":""},"categories":[2,14],"tags":[],"class_list":["post-29171","post","type-post","status-publish","format-standard","has-post-thumbnail","hentry","category-aktualnosci","category-ogloszenia-parafialne"],"_links":{"self":[{"href":"https:\/\/mbfatimska.ovh\/index.php\/wp-json\/wp\/v2\/posts\/29171","targetHints":{"allow":["GET"]}}],"collection":[{"href":"https:\/\/mbfatimska.ovh\/index.php\/wp-json\/wp\/v2\/posts"}],"about":[{"href":"https:\/\/mbfatimska.ovh\/index.php\/wp-json\/wp\/v2\/types\/post"}],"author":[{"embeddable":true,"href":"https:\/\/mbfatimska.ovh\/index.php\/wp-json\/wp\/v2\/users\/8"}],"replies":[{"embeddable":true,"href":"https:\/\/mbfatimska.ovh\/index.php\/wp-json\/wp\/v2\/comments?post=29171"}],"version-history":[{"count":1,"href":"https:\/\/mbfatimska.ovh\/index.php\/wp-json\/wp\/v2\/posts\/29171\/revisions"}],"predecessor-version":[{"id":40143,"href":"https:\/\/mbfatimska.ovh\/index.php\/wp-json\/wp\/v2\/posts\/29171\/revisions\/40143"}],"wp:featuredmedia":[{"embeddable":true,"href":"https:\/\/mbfatimska.ovh\/index.php\/wp-json\/wp\/v2\/media\/30657"}],"wp:attachment":[{"href":"https:\/\/mbfatimska.ovh\/index.php\/wp-json\/wp\/v2\/media?parent=29171"}],"wp:term":[{"taxonomy":"category","embeddable":true,"href":"https:\/\/mbfatimska.ovh\/index.php\/wp-json\/wp\/v2\/categories?post=29171"},{"taxonomy":"post_tag","embeddable":true,"href":"https:\/\/mbfatimska.ovh\/index.php\/wp-json\/wp\/v2\/tags?post=29171"}],"curies":[{"name":"wp","href":"https:\/\/api.w.org\/{rel}","templated":true}]}}