{"id":29227,"date":"2025-07-26T13:12:41","date_gmt":"2025-07-26T11:12:41","guid":{"rendered":"https:\/\/www.mbfatimska.pl\/?p=29227"},"modified":"2026-02-13T13:16:03","modified_gmt":"2026-02-13T13:16:03","slug":"xvii-niedziela-zwykla-4","status":"publish","type":"post","link":"https:\/\/mbfatimska.ovh\/index.php\/2025\/07\/26\/xvii-niedziela-zwykla-4\/","title":{"rendered":"XVII Niedziela Zwyk\u0142a"},"content":{"rendered":"<div class=\"post-excerpt\">\n<div class=\"xdj266r x14z9mp xat24cr x1lziwak x1vvkbs x126k92a\">\n<div dir=\"auto\">1. Dzisiejsz\u0105 niedziel\u0119 rozpoczynamy kolejn\u0105 akcj\u0105 \u201eWe\u017a plecak-daj wyprawk\u0119\u201d. Na pode\u015bcie dla<\/div>\n<\/div>\n<div class=\"x14z9mp xat24cr x1lziwak x1vvkbs xtlvy1s x126k92a\">\n<div dir=\"auto\">scholii wy\u0142o\u017cone s\u0105 plecaki ufundowane przez Legionowskie Stowarzyszenie AMICUS, kt\u00f3re nale\u017cy<\/div>\n<div dir=\"auto\">zabra\u0107 do domu, wype\u0142ni\u0107 je przyborami szkolnymi i przynie\u015b\u0107 do ko\u015bcio\u0142a na przysz\u0142\u0105 niedziel\u0119.<\/div>\n<div dir=\"auto\">Kompletne wyprawki szkolne trafi\u0105 do biedniejszych polskich dzieci zamieszka\u0142ych na<\/div>\n<div dir=\"auto\">Wile\u0144szczy\u017anie na Litwie oraz dzieci z naszego rejonu Legionowskiego. Zach\u0119camy do wzi\u0119cia<\/div>\n<div dir=\"auto\">udzia\u0142u w akcji z my\u015bl\u0105 o dobru dzieci. Wsp\u00f3lnie co roku robimy blisko 140 wyprawek dla dzieci i<\/div>\n<div dir=\"auto\">m\u0142odzie\u017cy.<\/div>\n<div dir=\"auto\"><\/div>\n<\/div>\n<div class=\"x14z9mp xat24cr x1lziwak x1vvkbs xtlvy1s x126k92a\">\n<div dir=\"auto\">2. Jutro z racji 28 dnia miesi\u0105ca po mszy \u015bw. o godz. 19:00 zapraszamy na kolejne nabo\u017ce\u0144stwo do<\/div>\n<div dir=\"auto\">b\u0142. kard. Stefana Wyszy\u0144skiego patrona naszego miasta.<\/div>\n<div dir=\"auto\"><\/div>\n<\/div>\n<div class=\"x14z9mp xat24cr x1lziwak x1vvkbs xtlvy1s x126k92a\">\n<div dir=\"auto\">3. W tym tygodniu przypada:<\/div>\n<div dir=\"auto\">I pi\u0105tek miesi\u0105ca- spowied\u017a od 17:30 do 19:30<\/div>\n<div dir=\"auto\">I sobota \u2013 po mszy \u015bw. o godz. 19:00 nabo\u017ce\u0144stwo wynagradzaj\u0105ce Niepokalanemu Sercu NMP,<\/div>\n<div dir=\"auto\">kt\u00f3re trwa\u0107 b\u0119dzie do 21:00<\/div>\n<div dir=\"auto\">I niedziela- po mszy \u015bw. o godz. 12:30 procesja eucharystyczna i mo\u017cliwo\u015b\u0107 adoracji Naj\u015bwi\u0119tszego<\/div>\n<div dir=\"auto\">Sakramentu do godz. 18:30<\/div>\n<div dir=\"auto\"><\/div>\n<\/div>\n<div class=\"x14z9mp xat24cr x1lziwak x1vvkbs xtlvy1s x126k92a\">\n<div dir=\"auto\">4. W pi\u0105tek o godz. 20:00 w kawiarence katecheza przedchrzcielna. Bior\u0105 w niej udzia\u0142 rodzice<\/div>\n<div dir=\"auto\">dziecka, kt\u00f3re b\u0119dzie chrzczone w naszej parafii, b\u0105d\u017a b\u0119dzie brana zgod\u0119 na chrzest do innej<\/div>\n<div dir=\"auto\">parafii, oraz kandydaci na rodzic\u00f3w chrzestnych.<\/div>\n<div dir=\"auto\"><\/div>\n<\/div>\n<div class=\"x14z9mp xat24cr x1lziwak x1vvkbs xtlvy1s x126k92a\">\n<div dir=\"auto\">5. W pi\u0105tek rozpoczynamy miesi\u0105c sierpie\u0144. Szczeg\u00f3lny czas wielu rocznic zwi\u0105zanych z naszym<\/div>\n<div dir=\"auto\">narodem, ale r\u00f3wnie\u017c pieszych pielgrzymek na Jasn\u0105 G\u00f3r\u0119. Zach\u0119camy w tym czasie do podj\u0119cia<\/div>\n<div dir=\"auto\">trudu wyrzeczenia si\u0119 spo\u017cywania alkoholu \u2013 pod ka\u017cd\u0105 postaci\u0105. Niech to b\u0119dzie nasz trud<\/div>\n<div dir=\"auto\">r\u00f3wnie\u017c duchowej pielgrzymki zbli\u017caj\u0105cej nas do Pana Boga.<\/div>\n<div dir=\"auto\"><\/div>\n<\/div>\n<div class=\"x14z9mp xat24cr x1lziwak x1vvkbs xtlvy1s x126k92a\">\n<div dir=\"auto\">6. Kalendarz Liturgiczny na ten tydzie\u0144:<\/div>\n<div dir=\"auto\">&#8211; we wtorek wspomnienie \u015bwi\u0119tych Marty, Marii i \u0141azarza<\/div>\n<div dir=\"auto\">&#8211; w czwartek \u2013 wspomnienie \u015bw. Ignacego z Loyoli, prezbitera<\/div>\n<div dir=\"auto\">&#8211; w pi\u0105tek &#8211; wspomnienie \u015bw. Alfonsa Marii Liguoriego, biskupa i doktora ko\u015bcio\u0142a.<\/div>\n<\/div>\n<\/div>\n","protected":false},"excerpt":{"rendered":"<p>1. Dzisiejsz\u0105 niedziel\u0119 rozpoczynamy kolejn\u0105 akcj\u0105 \u201eWe\u017a plecak-daj wyprawk\u0119\u201d. Na pode\u015bcie dla scholii wy\u0142o\u017cone s\u0105 plecaki ufundowane przez Legionowskie Stowarzyszenie AMICUS, kt\u00f3re nale\u017cy zabra\u0107 do domu, wype\u0142ni\u0107 je przyborami szkolnymi i przynie\u015b\u0107 do ko\u015bcio\u0142a na przysz\u0142\u0105 niedziel\u0119. Kompletne wyprawki szkolne trafi\u0105 do biedniejszych polskich dzieci zamieszka\u0142ych na Wile\u0144szczy\u017anie na Litwie oraz dzieci z naszego rejonu [&hellip;]<\/p>\n","protected":false},"author":8,"featured_media":30657,"comment_status":"closed","ping_status":"closed","sticky":false,"template":"","format":"standard","meta":{"footnotes":""},"categories":[2,14],"tags":[],"class_list":["post-29227","post","type-post","status-publish","format-standard","has-post-thumbnail","hentry","category-aktualnosci","category-ogloszenia-parafialne"],"_links":{"self":[{"href":"https:\/\/mbfatimska.ovh\/index.php\/wp-json\/wp\/v2\/posts\/29227","targetHints":{"allow":["GET"]}}],"collection":[{"href":"https:\/\/mbfatimska.ovh\/index.php\/wp-json\/wp\/v2\/posts"}],"about":[{"href":"https:\/\/mbfatimska.ovh\/index.php\/wp-json\/wp\/v2\/types\/post"}],"author":[{"embeddable":true,"href":"https:\/\/mbfatimska.ovh\/index.php\/wp-json\/wp\/v2\/users\/8"}],"replies":[{"embeddable":true,"href":"https:\/\/mbfatimska.ovh\/index.php\/wp-json\/wp\/v2\/comments?post=29227"}],"version-history":[{"count":1,"href":"https:\/\/mbfatimska.ovh\/index.php\/wp-json\/wp\/v2\/posts\/29227\/revisions"}],"predecessor-version":[{"id":40144,"href":"https:\/\/mbfatimska.ovh\/index.php\/wp-json\/wp\/v2\/posts\/29227\/revisions\/40144"}],"wp:featuredmedia":[{"embeddable":true,"href":"https:\/\/mbfatimska.ovh\/index.php\/wp-json\/wp\/v2\/media\/30657"}],"wp:attachment":[{"href":"https:\/\/mbfatimska.ovh\/index.php\/wp-json\/wp\/v2\/media?parent=29227"}],"wp:term":[{"taxonomy":"category","embeddable":true,"href":"https:\/\/mbfatimska.ovh\/index.php\/wp-json\/wp\/v2\/categories?post=29227"},{"taxonomy":"post_tag","embeddable":true,"href":"https:\/\/mbfatimska.ovh\/index.php\/wp-json\/wp\/v2\/tags?post=29227"}],"curies":[{"name":"wp","href":"https:\/\/api.w.org\/{rel}","templated":true}]}}