{"id":29231,"date":"2025-08-02T13:44:38","date_gmt":"2025-08-02T11:44:38","guid":{"rendered":"https:\/\/www.mbfatimska.pl\/?p=29231"},"modified":"2026-02-13T13:16:58","modified_gmt":"2026-02-13T13:16:58","slug":"xviii-niedziela-zwykla-3","status":"publish","type":"post","link":"https:\/\/mbfatimska.ovh\/index.php\/2025\/08\/02\/xviii-niedziela-zwykla-3\/","title":{"rendered":"XVIII Niedziela Zwyk\u0142a"},"content":{"rendered":"<div class=\"post-excerpt\">\n<p>XVIII Niedziela Zwyk\u0142a<\/p>\n<p>1. Dzisiaj z racji I Niedzieli miesi\u0105ca po Mszy \u015bw. o godz. 12.30 procesja eucharystyczna i mo\u017cliwo\u015b\u0107 adoracji Naj\u015bwi\u0119tszego Sakramentu do godz. 18.30.<\/p>\n<p>2. W poniedzia\u0142ek w godz. 18.00-20.00 mo\u017cemy skorzysta\u0107 z darmowych konsultacji i porad psychologa. Psycholog przyjmuje w budynku Centrum Wsparcia Psychicznego.<\/p>\n<p>3. W \u015brod\u0119 w ko\u015bciele obchodzi\u0107 b\u0119dziemy \u015bwi\u0119to Przemienienia Pa\u0144skiego. Zapraszamy na Msze \u015bw. o godz. 18.00 i 19.00.<\/p>\n<p>4. W czwartek przypada I czwartek miesi\u0105ca. Po Mszy \u015bw. o godz. 19.00 wystawienie Naj\u015bwi\u0119tszego Sakramentu, modlitwa Koronka do Bo\u017cego Mi\u0142osierdzia i mo\u017cliwo\u015b\u0107 adoracji do godz. 22.00.<\/p>\n<p>5. Tradycyjnie 15 sierpnia z Legionowa jest organizowany rajd rowerowy do Ossowa, kt\u00f3ry jest ho\u0142dem dla bohater\u00f3w Bitwy Warszawskiej 1920 roku. W tym roku wyruszy spod ko\u015bcio\u0142a Naj\u015bwi\u0119tszego Cia\u0142a i Krwi Chrystusa w Legionowie o godz. 7.00. Wi\u0119cej informacji na plakacie na tablicy og\u0142osze\u0144.<\/p>\n<p>6. Osoby, kt\u00f3re w ubieg\u0142\u0105 niedziel\u0119 pobra\u0142y plecaki z my\u015bl\u0105 ufundowania wyprawek szkolnych dla polskich dzieci z Wile\u0144szczyzny proszone s\u0105 o dostarczenie plecak\u00f3w i tornistr\u00f3w do \u015brody w\u0142\u0105cznie do ko\u015bcio\u0142a.<\/p>\n<p>7. W przysz\u0142\u0105 niedziel\u0119 o godz. 17.45 w salce pod zakrysti\u0105 odb\u0119dzie si\u0119 spotkanie dla os\u00f3b, kt\u00f3re we wrze\u015bniu udaj\u0105 si\u0119 na pielgrzymk\u0119 do Francji. Na spotkanie nale\u017cy przynie\u015b\u0107 pozosta\u0142\u0105 rat\u0119 odp\u0142atno\u015bci za wyjazd.<\/p>\n<p>8. Muzeum Historyczne w Legionowie zaprasza na cykl wycieczek rowerowych &#8222;Muzeum na dw\u00f3ch ko\u0142ach&#8221;. W najbli\u017cszy czwartek 7 sierpnia pojedziemy \u015bladami Patrona Legionowa b\u0142. Stefana kardyna\u0142a Wyszy\u0144skiego. Zobaczymy budow\u0119 ko\u015bcio\u0142a pod jego wezwaniem w Jab\u0142onnie, zwiedzimy Instytut Prymasowski w Choszcz\u00f3wce z kaplic\u0105 w dawnej chacie kurpiowskiej oraz ko\u015bci\u00f3\u0142 \u015bw. Micha\u0142a Archanio\u0142a w K\u0105tach Grodziskich na Bia\u0142o\u0142\u0119ce, drewnian\u0105 \u015bwi\u0105tyni\u0119 ufundowan\u0105 przez kr\u00f3low\u0105 Bon\u0119, gdzie parafi\u0119 erygowa\u0142 w 1975 roku Prymas Tysi\u0105clecia. Szczeg\u00f3\u0142y na stronie Muzeum. Obowi\u0105zuj\u0105 wcze\u015bniejsze zapisy.<\/p>\n<p>9. W tym tygodniu przypada:<\/p>\n<p>&#8211; w poniedzia\u0142ek &#8211; wspomnienie \u015bw. Jana Marii Vianneya<\/p>\n<p>&#8211; w \u015brod\u0119 &#8211; \u015bwi\u0119to Przemienienia Pa\u0144skiego<\/p>\n<p>&#8211; w pi\u0105tek &#8211; wspomnienie \u015bw. Dominika, prezbitera- w sobot\u0119 &#8211; \u015bwi\u0119to \u015bw. Teresy Benedykty od Krzy\u017ca, dziewicy i m\u0119czennicy.<\/p>\n<\/div>\n","protected":false},"excerpt":{"rendered":"<p>XVIII Niedziela Zwyk\u0142a 1. Dzisiaj z racji I Niedzieli miesi\u0105ca po Mszy \u015bw. o godz. 12.30 procesja eucharystyczna i mo\u017cliwo\u015b\u0107 adoracji Naj\u015bwi\u0119tszego Sakramentu do godz. 18.30. 2. W poniedzia\u0142ek w godz. 18.00-20.00 mo\u017cemy skorzysta\u0107 z darmowych konsultacji i porad psychologa. Psycholog przyjmuje w budynku Centrum Wsparcia Psychicznego. 3. W \u015brod\u0119 w ko\u015bciele obchodzi\u0107 b\u0119dziemy \u015bwi\u0119to [&hellip;]<\/p>\n","protected":false},"author":7,"featured_media":30657,"comment_status":"closed","ping_status":"closed","sticky":false,"template":"","format":"standard","meta":{"footnotes":""},"categories":[2,14],"tags":[],"class_list":["post-29231","post","type-post","status-publish","format-standard","has-post-thumbnail","hentry","category-aktualnosci","category-ogloszenia-parafialne"],"_links":{"self":[{"href":"https:\/\/mbfatimska.ovh\/index.php\/wp-json\/wp\/v2\/posts\/29231","targetHints":{"allow":["GET"]}}],"collection":[{"href":"https:\/\/mbfatimska.ovh\/index.php\/wp-json\/wp\/v2\/posts"}],"about":[{"href":"https:\/\/mbfatimska.ovh\/index.php\/wp-json\/wp\/v2\/types\/post"}],"author":[{"embeddable":true,"href":"https:\/\/mbfatimska.ovh\/index.php\/wp-json\/wp\/v2\/users\/7"}],"replies":[{"embeddable":true,"href":"https:\/\/mbfatimska.ovh\/index.php\/wp-json\/wp\/v2\/comments?post=29231"}],"version-history":[{"count":1,"href":"https:\/\/mbfatimska.ovh\/index.php\/wp-json\/wp\/v2\/posts\/29231\/revisions"}],"predecessor-version":[{"id":40145,"href":"https:\/\/mbfatimska.ovh\/index.php\/wp-json\/wp\/v2\/posts\/29231\/revisions\/40145"}],"wp:featuredmedia":[{"embeddable":true,"href":"https:\/\/mbfatimska.ovh\/index.php\/wp-json\/wp\/v2\/media\/30657"}],"wp:attachment":[{"href":"https:\/\/mbfatimska.ovh\/index.php\/wp-json\/wp\/v2\/media?parent=29231"}],"wp:term":[{"taxonomy":"category","embeddable":true,"href":"https:\/\/mbfatimska.ovh\/index.php\/wp-json\/wp\/v2\/categories?post=29231"},{"taxonomy":"post_tag","embeddable":true,"href":"https:\/\/mbfatimska.ovh\/index.php\/wp-json\/wp\/v2\/tags?post=29231"}],"curies":[{"name":"wp","href":"https:\/\/api.w.org\/{rel}","templated":true}]}}