{"id":29277,"date":"2025-08-09T14:29:01","date_gmt":"2025-08-09T12:29:01","guid":{"rendered":"https:\/\/www.mbfatimska.pl\/?p=29277"},"modified":"2026-02-13T13:18:22","modified_gmt":"2026-02-13T13:18:22","slug":"xix-niedziela-zwykla-4","status":"publish","type":"post","link":"https:\/\/mbfatimska.ovh\/index.php\/2025\/08\/09\/xix-niedziela-zwykla-4\/","title":{"rendered":"XIX Niedziela Zwyk\u0142a"},"content":{"rendered":"<div class=\"post-excerpt\">\n<p>1. Bardzo serdecznie dzi\u0119kujemy tym osobom, kt\u00f3re wzi\u0119\u0142y udzia\u0142 w tegorocznej akcji \u201eWe\u017a plecak &#8211; daj wyprawk\u0119\u201d. W tym roku wsp\u00f3lnie zrobili\u015bmy 142 kompletne wyprawki szkolne. Obecnie plecaki s\u0105 segregowane i przydzielane do poszczeg\u00f3lnych dzieci z Wile\u0144szczyzny i dalszych teren\u00f3w Litwy- Kowalczuki, Ja\u0142\u00f3wka, Turmonty, Ignalina oraz z naszego terenu Legionowskiego. Jeszcze raz dzi\u0119kujemy Legionowskiemu Stowarzyszeniu AMICUS za ufundowanie plecak\u00f3w, a Wam drodzy parafianie i go\u015bcie za ufundowanie przybor\u00f3w szkolnych.<\/p>\n<p>2. Jeszcze dzisiaj o godz. 17:45 w salce pod zakrysti\u0105 odb\u0119dzie si\u0119 spotkanie dla os\u00f3b, kt\u00f3re we wrze\u015bniu wyje\u017cd\u017caj\u0105 na pielgrzymk\u0119 do Francji. Na spotkanie nale\u017cy przynie\u015b\u0107 pozosta\u0142\u0105 rat\u0119<br \/>\nodp\u0142atno\u015bci za wyjazd.<\/p>\n<p>3. We wtorek w godz. 19:00-21:00 w Budynku Centrum Wsparcia Fizycznego nieodp\u0142atnie b\u0119dzie przyjmowa\u0142 prawnik.<\/p>\n<p>4. W \u015brod\u0119 13 sierpnia zapraszamy na kolejne nabo\u017ce\u0144stwo fatimskie. O godz. 19:00 zostanie odprawiona msza \u015bwi\u0119ta, a nast\u0119pnie wyruszy procesja fatimska z figur\u0105 Matki Bo\u017cej Fatimskiej w<br \/>\nczasie kt\u00f3rej b\u0119dziemy modli\u0107 si\u0119 na r\u00f3\u017ca\u0144cu i omadla\u0107 intencje, kt\u00f3re z\u0142o\u017cymy pod o\u0142tarzem przed msz\u0105 \u015bwi\u0119t\u0105.<\/p>\n<p>5. 15 sierpnia w pi\u0105tek obchodzi\u0107 b\u0119dziemy Uroczysto\u015b\u0107 Wniebowzi\u0119cia Naj\u015bwi\u0119tszej Maryi Panny. Jest to r\u00f3wnie\u017c \u015bwi\u0119to pa\u0144stwowe upami\u0119tniaj\u0105ce 105 rocznic\u0119 Cudu nad Wis\u0142\u0105 i \u015bwi\u0119to Wojska<br \/>\nPolskiego. Tego dnia zapraszamy na msz\u0119 \u015bw. o godz. 7:30, 9:00, 11:00, 12:30 i 19:00. Podczas, ka\u017cdej mszy \u015bw. obrz\u0119d b\u0142ogos\u0142awie\u0144stwa i po\u015bwi\u0119cenia zi\u00f3\u0142 i kwiat\u00f3w.<\/p>\n<p>6. R\u00f3wnie\u017c 15 sierpnia tradycyjnie z Legionowa organizowany jest IX Rajd Rowerowy do Ossowa upami\u0119tniaj\u0105cy bohaterstwo \u017co\u0142nierzy 1920 roku. W tym roku wyjazd nast\u0105pi spod parafii<br \/>\nNaj\u015bwi\u0119tszego Cia\u0142a i Krwi Chrystusa w Legionowie o godz. 7:00. Wi\u0119cej informacji na plakacie w gablocie. Tam r\u00f3wnie\u017c podany jest telefon do organizatora wyjazdu Pana Zbigniewa Budnego.<\/p>\n<p>7. 17 sierpnia w niedziel\u0119 w parafii Naj\u015bwi\u0119tszego Cia\u0142a i Krwi Chrystusa o godz. 19:00 odb\u0119dzie si\u0119 koncert pie\u015bni patriotycznych i powsta\u0144czych.<\/p>\n<p>8. W tym tygodniu przypada:<br \/>\nw poniedzia\u0142ek- wspomnienie \u015bw. Klary dziewicy<br \/>\nw czwartek- Wspomnienie \u015bw. Maksymiliana Marii Kolbego \u2013 prezbitera i m\u0119czennika<br \/>\nw pi\u0105tek \u2013 Uroczysto\u015b\u0107 Wniebowzi\u0119cia Naj\u015bwi\u0119tszej Maryi Panny \u2013 Matki Bo\u017cej Zwyci\u0119skiej.<\/p>\n<\/div>\n","protected":false},"excerpt":{"rendered":"<p>1. Bardzo serdecznie dzi\u0119kujemy tym osobom, kt\u00f3re wzi\u0119\u0142y udzia\u0142 w tegorocznej akcji \u201eWe\u017a plecak &#8211; daj wyprawk\u0119\u201d. W tym roku wsp\u00f3lnie zrobili\u015bmy 142 kompletne wyprawki szkolne. Obecnie plecaki s\u0105 segregowane i przydzielane do poszczeg\u00f3lnych dzieci z Wile\u0144szczyzny i dalszych teren\u00f3w Litwy- Kowalczuki, Ja\u0142\u00f3wka, Turmonty, Ignalina oraz z naszego terenu Legionowskiego. Jeszcze raz dzi\u0119kujemy Legionowskiemu Stowarzyszeniu [&hellip;]<\/p>\n","protected":false},"author":8,"featured_media":30657,"comment_status":"closed","ping_status":"closed","sticky":false,"template":"","format":"standard","meta":{"footnotes":""},"categories":[2,3,14],"tags":[],"class_list":["post-29277","post","type-post","status-publish","format-standard","has-post-thumbnail","hentry","category-aktualnosci","category-bez-kategorii","category-ogloszenia-parafialne"],"_links":{"self":[{"href":"https:\/\/mbfatimska.ovh\/index.php\/wp-json\/wp\/v2\/posts\/29277","targetHints":{"allow":["GET"]}}],"collection":[{"href":"https:\/\/mbfatimska.ovh\/index.php\/wp-json\/wp\/v2\/posts"}],"about":[{"href":"https:\/\/mbfatimska.ovh\/index.php\/wp-json\/wp\/v2\/types\/post"}],"author":[{"embeddable":true,"href":"https:\/\/mbfatimska.ovh\/index.php\/wp-json\/wp\/v2\/users\/8"}],"replies":[{"embeddable":true,"href":"https:\/\/mbfatimska.ovh\/index.php\/wp-json\/wp\/v2\/comments?post=29277"}],"version-history":[{"count":1,"href":"https:\/\/mbfatimska.ovh\/index.php\/wp-json\/wp\/v2\/posts\/29277\/revisions"}],"predecessor-version":[{"id":40146,"href":"https:\/\/mbfatimska.ovh\/index.php\/wp-json\/wp\/v2\/posts\/29277\/revisions\/40146"}],"wp:featuredmedia":[{"embeddable":true,"href":"https:\/\/mbfatimska.ovh\/index.php\/wp-json\/wp\/v2\/media\/30657"}],"wp:attachment":[{"href":"https:\/\/mbfatimska.ovh\/index.php\/wp-json\/wp\/v2\/media?parent=29277"}],"wp:term":[{"taxonomy":"category","embeddable":true,"href":"https:\/\/mbfatimska.ovh\/index.php\/wp-json\/wp\/v2\/categories?post=29277"},{"taxonomy":"post_tag","embeddable":true,"href":"https:\/\/mbfatimska.ovh\/index.php\/wp-json\/wp\/v2\/tags?post=29277"}],"curies":[{"name":"wp","href":"https:\/\/api.w.org\/{rel}","templated":true}]}}