{"id":29503,"date":"2025-07-26T13:55:09","date_gmt":"2025-07-26T11:55:09","guid":{"rendered":"https:\/\/www.mbfatimska.pl\/?p=29503"},"modified":"2025-07-26T13:55:09","modified_gmt":"2025-07-26T11:55:09","slug":"modlitwa-o-szczesliwa-podroz","status":"publish","type":"post","link":"https:\/\/mbfatimska.ovh\/index.php\/2025\/07\/26\/modlitwa-o-szczesliwa-podroz\/","title":{"rendered":"Modlitwa o szcz\u0119\u015bliw\u0105 podr\u00f3\u017c"},"content":{"rendered":"<p align=\"left\">Ka\u017cdego roku, w pobli\u017cu wspomnienia \u015bw. Krzysztofa patrona kierowc\u00f3w modlimy si\u0119 w intencji kierowc\u00f3w, podr\u00f3\u017cuj\u0105cych i dokonujemy po\u015bwi\u0119cenia pojazd\u00f3w. W tym roku, po ka\u017cdej mszy \u015bw. w niedziel\u0119 20 lipca i w sam dzie\u0144 25 lipca mo\u017cna by\u0142o po\u015bwi\u0119ci\u0107 sw\u00f3j pojazd. Rzeczywi\u015bcie pojazd\u00f3w by\u0142o sporo mimo okresu wakacyjnego. By\u0142y samochody, motocykle, rowery. W sumie po\u015bwi\u0119cone blisko 120 pojazd\u00f3w i drugie tyle kierowc\u00f3w i podr\u00f3\u017cuj\u0105cych. Ka\u017cdy w tym roku na pami\u0105tk\u0119 otrzyma\u0142 zawieszk\u0119 w kszta\u0142cie ryby z modlitw\u0105 kierowcy. Niech \u015bw. Krzysztof bezpiecznie prowadzi po drogach do celu ka\u017cdej podr\u00f3\u017cy.<\/p>\n<div id='gallery-1' class='gallery galleryid-29503 gallery-columns-3 gallery-size-span4'><figure class='gallery-item'>\n\t\t\t<div class='gallery-icon portrait'>\n\t\t\t\t<a href='https:\/\/mbfatimska.ovh\/index.php\/2025\/07\/26\/modlitwa-o-szczesliwa-podroz\/img-20250811-wa0049\/'><img fetchpriority=\"high\" decoding=\"async\" width=\"921\" height=\"2048\" src=\"https:\/\/mbfatimska.ovh\/wp-content\/uploads\/2025\/08\/IMG-20250811-WA0049.jpg\" class=\"attachment-span4 size-span4\" alt=\"\" srcset=\"https:\/\/mbfatimska.ovh\/wp-content\/uploads\/2025\/08\/IMG-20250811-WA0049.jpg 921w, https:\/\/mbfatimska.ovh\/wp-content\/uploads\/2025\/08\/IMG-20250811-WA0049-135x300.jpg 135w, https:\/\/mbfatimska.ovh\/wp-content\/uploads\/2025\/08\/IMG-20250811-WA0049-461x1024.jpg 461w, https:\/\/mbfatimska.ovh\/wp-content\/uploads\/2025\/08\/IMG-20250811-WA0049-768x1708.jpg 768w, https:\/\/mbfatimska.ovh\/wp-content\/uploads\/2025\/08\/IMG-20250811-WA0049-691x1536.jpg 691w\" sizes=\"(max-width: 921px) 100vw, 921px\" \/><\/a>\n\t\t\t<\/div><\/figure><figure class='gallery-item'>\n\t\t\t<div class='gallery-icon portrait'>\n\t\t\t\t<a href='https:\/\/mbfatimska.ovh\/index.php\/2025\/07\/26\/modlitwa-o-szczesliwa-podroz\/img-20250811-wa0045\/'><img decoding=\"async\" width=\"921\" height=\"2048\" src=\"https:\/\/mbfatimska.ovh\/wp-content\/uploads\/2025\/08\/IMG-20250811-WA0045.jpg\" class=\"attachment-span4 size-span4\" alt=\"\" srcset=\"https:\/\/mbfatimska.ovh\/wp-content\/uploads\/2025\/08\/IMG-20250811-WA0045.jpg 921w, https:\/\/mbfatimska.ovh\/wp-content\/uploads\/2025\/08\/IMG-20250811-WA0045-135x300.jpg 135w, https:\/\/mbfatimska.ovh\/wp-content\/uploads\/2025\/08\/IMG-20250811-WA0045-461x1024.jpg 461w, https:\/\/mbfatimska.ovh\/wp-content\/uploads\/2025\/08\/IMG-20250811-WA0045-768x1708.jpg 768w, https:\/\/mbfatimska.ovh\/wp-content\/uploads\/2025\/08\/IMG-20250811-WA0045-691x1536.jpg 691w\" sizes=\"(max-width: 921px) 100vw, 921px\" \/><\/a>\n\t\t\t<\/div><\/figure><figure class='gallery-item'>\n\t\t\t<div class='gallery-icon landscape'>\n\t\t\t\t<a href='https:\/\/mbfatimska.ovh\/index.php\/2025\/07\/26\/modlitwa-o-szczesliwa-podroz\/img-20250811-wa0046\/'><img decoding=\"async\" width=\"920\" height=\"680\" src=\"https:\/\/mbfatimska.ovh\/wp-content\/uploads\/2025\/08\/IMG-20250811-WA0046-e1755086738120.jpg\" class=\"attachment-span4 size-span4\" alt=\"\" srcset=\"https:\/\/mbfatimska.ovh\/wp-content\/uploads\/2025\/08\/IMG-20250811-WA0046-e1755086738120.jpg 920w, https:\/\/mbfatimska.ovh\/wp-content\/uploads\/2025\/08\/IMG-20250811-WA0046-e1755086738120-300x222.jpg 300w, https:\/\/mbfatimska.ovh\/wp-content\/uploads\/2025\/08\/IMG-20250811-WA0046-e1755086738120-768x568.jpg 768w\" sizes=\"(max-width: 920px) 100vw, 920px\" \/><\/a>\n\t\t\t<\/div><\/figure><figure class='gallery-item'>\n\t\t\t<div class='gallery-icon portrait'>\n\t\t\t\t<a href='https:\/\/mbfatimska.ovh\/index.php\/2025\/07\/26\/modlitwa-o-szczesliwa-podroz\/img-20250811-wa0048\/'><img loading=\"lazy\" decoding=\"async\" width=\"921\" height=\"2048\" src=\"https:\/\/mbfatimska.ovh\/wp-content\/uploads\/2025\/08\/IMG-20250811-WA0048.jpg\" class=\"attachment-span4 size-span4\" alt=\"\" srcset=\"https:\/\/mbfatimska.ovh\/wp-content\/uploads\/2025\/08\/IMG-20250811-WA0048.jpg 921w, https:\/\/mbfatimska.ovh\/wp-content\/uploads\/2025\/08\/IMG-20250811-WA0048-135x300.jpg 135w, https:\/\/mbfatimska.ovh\/wp-content\/uploads\/2025\/08\/IMG-20250811-WA0048-461x1024.jpg 461w, https:\/\/mbfatimska.ovh\/wp-content\/uploads\/2025\/08\/IMG-20250811-WA0048-768x1708.jpg 768w, https:\/\/mbfatimska.ovh\/wp-content\/uploads\/2025\/08\/IMG-20250811-WA0048-691x1536.jpg 691w\" sizes=\"(max-width: 921px) 100vw, 921px\" \/><\/a>\n\t\t\t<\/div><\/figure><figure class='gallery-item'>\n\t\t\t<div class='gallery-icon portrait'>\n\t\t\t\t<a href='https:\/\/mbfatimska.ovh\/index.php\/2025\/07\/26\/modlitwa-o-szczesliwa-podroz\/img-20250811-wa0044\/'><img loading=\"lazy\" decoding=\"async\" width=\"921\" height=\"2048\" src=\"https:\/\/mbfatimska.ovh\/wp-content\/uploads\/2025\/08\/IMG-20250811-WA0044.jpg\" class=\"attachment-span4 size-span4\" alt=\"\" srcset=\"https:\/\/mbfatimska.ovh\/wp-content\/uploads\/2025\/08\/IMG-20250811-WA0044.jpg 921w, https:\/\/mbfatimska.ovh\/wp-content\/uploads\/2025\/08\/IMG-20250811-WA0044-135x300.jpg 135w, https:\/\/mbfatimska.ovh\/wp-content\/uploads\/2025\/08\/IMG-20250811-WA0044-461x1024.jpg 461w, https:\/\/mbfatimska.ovh\/wp-content\/uploads\/2025\/08\/IMG-20250811-WA0044-768x1708.jpg 768w, https:\/\/mbfatimska.ovh\/wp-content\/uploads\/2025\/08\/IMG-20250811-WA0044-691x1536.jpg 691w\" sizes=\"(max-width: 921px) 100vw, 921px\" \/><\/a>\n\t\t\t<\/div><\/figure><figure class='gallery-item'>\n\t\t\t<div class='gallery-icon portrait'>\n\t\t\t\t<a href='https:\/\/mbfatimska.ovh\/index.php\/2025\/07\/26\/modlitwa-o-szczesliwa-podroz\/img-20250811-wa0047\/'><img loading=\"lazy\" decoding=\"async\" width=\"921\" height=\"2048\" src=\"https:\/\/mbfatimska.ovh\/wp-content\/uploads\/2025\/08\/IMG-20250811-WA0047.jpg\" class=\"attachment-span4 size-span4\" alt=\"\" srcset=\"https:\/\/mbfatimska.ovh\/wp-content\/uploads\/2025\/08\/IMG-20250811-WA0047.jpg 921w, https:\/\/mbfatimska.ovh\/wp-content\/uploads\/2025\/08\/IMG-20250811-WA0047-135x300.jpg 135w, https:\/\/mbfatimska.ovh\/wp-content\/uploads\/2025\/08\/IMG-20250811-WA0047-461x1024.jpg 461w, https:\/\/mbfatimska.ovh\/wp-content\/uploads\/2025\/08\/IMG-20250811-WA0047-768x1708.jpg 768w, https:\/\/mbfatimska.ovh\/wp-content\/uploads\/2025\/08\/IMG-20250811-WA0047-691x1536.jpg 691w\" sizes=\"(max-width: 921px) 100vw, 921px\" \/><\/a>\n\t\t\t<\/div><\/figure><figure class='gallery-item'>\n\t\t\t<div class='gallery-icon portrait'>\n\t\t\t\t<a href='https:\/\/mbfatimska.ovh\/index.php\/2025\/07\/26\/modlitwa-o-szczesliwa-podroz\/img-20250811-wa0043\/'><img loading=\"lazy\" decoding=\"async\" width=\"921\" height=\"2048\" src=\"https:\/\/mbfatimska.ovh\/wp-content\/uploads\/2025\/08\/IMG-20250811-WA0043.jpg\" class=\"attachment-span4 size-span4\" alt=\"\" srcset=\"https:\/\/mbfatimska.ovh\/wp-content\/uploads\/2025\/08\/IMG-20250811-WA0043.jpg 921w, https:\/\/mbfatimska.ovh\/wp-content\/uploads\/2025\/08\/IMG-20250811-WA0043-135x300.jpg 135w, https:\/\/mbfatimska.ovh\/wp-content\/uploads\/2025\/08\/IMG-20250811-WA0043-461x1024.jpg 461w, https:\/\/mbfatimska.ovh\/wp-content\/uploads\/2025\/08\/IMG-20250811-WA0043-768x1708.jpg 768w, https:\/\/mbfatimska.ovh\/wp-content\/uploads\/2025\/08\/IMG-20250811-WA0043-691x1536.jpg 691w\" sizes=\"(max-width: 921px) 100vw, 921px\" \/><\/a>\n\t\t\t<\/div><\/figure>\n\t\t<\/div>\n\n<p align=\"left\">\n","protected":false},"excerpt":{"rendered":"<p>Ka\u017cdego roku, w pobli\u017cu wspomnienia \u015bw. Krzysztofa patrona kierowc\u00f3w modlimy si\u0119 w intencji kierowc\u00f3w, podr\u00f3\u017cuj\u0105cych i dokonujemy po\u015bwi\u0119cenia pojazd\u00f3w. W tym roku, po ka\u017cdej mszy \u015bw. w niedziel\u0119 20 lipca i w sam dzie\u0144 25 lipca mo\u017cna by\u0142o po\u015bwi\u0119ci\u0107 sw\u00f3j pojazd. Rzeczywi\u015bcie pojazd\u00f3w by\u0142o sporo mimo okresu wakacyjnego. By\u0142y samochody, motocykle, rowery. W sumie po\u015bwi\u0119cone [&hellip;]<\/p>\n","protected":false},"author":8,"featured_media":29515,"comment_status":"closed","ping_status":"closed","sticky":false,"template":"","format":"standard","meta":{"footnotes":""},"categories":[2,3,6],"tags":[],"class_list":["post-29503","post","type-post","status-publish","format-standard","has-post-thumbnail","hentry","category-aktualnosci","category-bez-kategorii","category-galerie"],"_links":{"self":[{"href":"https:\/\/mbfatimska.ovh\/index.php\/wp-json\/wp\/v2\/posts\/29503","targetHints":{"allow":["GET"]}}],"collection":[{"href":"https:\/\/mbfatimska.ovh\/index.php\/wp-json\/wp\/v2\/posts"}],"about":[{"href":"https:\/\/mbfatimska.ovh\/index.php\/wp-json\/wp\/v2\/types\/post"}],"author":[{"embeddable":true,"href":"https:\/\/mbfatimska.ovh\/index.php\/wp-json\/wp\/v2\/users\/8"}],"replies":[{"embeddable":true,"href":"https:\/\/mbfatimska.ovh\/index.php\/wp-json\/wp\/v2\/comments?post=29503"}],"version-history":[{"count":0,"href":"https:\/\/mbfatimska.ovh\/index.php\/wp-json\/wp\/v2\/posts\/29503\/revisions"}],"wp:featuredmedia":[{"embeddable":true,"href":"https:\/\/mbfatimska.ovh\/index.php\/wp-json\/wp\/v2\/media\/29515"}],"wp:attachment":[{"href":"https:\/\/mbfatimska.ovh\/index.php\/wp-json\/wp\/v2\/media?parent=29503"}],"wp:term":[{"taxonomy":"category","embeddable":true,"href":"https:\/\/mbfatimska.ovh\/index.php\/wp-json\/wp\/v2\/categories?post=29503"},{"taxonomy":"post_tag","embeddable":true,"href":"https:\/\/mbfatimska.ovh\/index.php\/wp-json\/wp\/v2\/tags?post=29503"}],"curies":[{"name":"wp","href":"https:\/\/api.w.org\/{rel}","templated":true}]}}