{"id":29900,"date":"2025-09-06T14:05:18","date_gmt":"2025-09-06T12:05:18","guid":{"rendered":"https:\/\/www.mbfatimska.pl\/?p=29900"},"modified":"2026-02-13T13:21:04","modified_gmt":"2026-02-13T13:21:04","slug":"xxiii-niedziela-zwykla-4","status":"publish","type":"post","link":"https:\/\/mbfatimska.ovh\/index.php\/2025\/09\/06\/xxiii-niedziela-zwykla-4\/","title":{"rendered":"XXIII Niedziela zwyk\u0142a"},"content":{"rendered":"<div class=\"post-excerpt\">\n<p>1.Dzisiaj, z racji I Niedzieli miesi\u0105ca, po Mszy \u015bwi\u0119tej o godzinie 12.30, procesja eucharystyczna i mo\u017cliwo\u015b\u0107 adoracji do godziny 18.45.<\/p>\n<p>2.Tak\u017ce dzisiaj, o 15.30 w Muzeum Historycznym na Piaskach, odb\u0119dzie si\u0119 prelekcja dr. Artura Bojarskiego pt. <em>Pa\u0142ac Saski w Warszawie. Warto odbudowa\u0107?<\/em> Wst\u0119p wolny.<\/p>\n<p>3.R\u00f3wnie\u017c dzisiaj, o godzinie 17.45, spotkanie dla os\u00f3b, kt\u00f3re za tydzie\u0144 wyje\u017cd\u017caj\u0105 na pielgrzymk\u0119 do Francji. Obecno\u015b\u0107 obowi\u0105zkowa.<\/p>\n<p>4.Jutro, w Ko\u015bciele, obchodzimy \u015bwi\u0119to Narodzenia Naj\u015bwi\u0119tszej Maryi Panny, nazywane r\u00f3wnie\u017c \u015bwi\u0119tem Matki Bo\u017cej Siewnej. Zapraszamy na Msze \u015bwi\u0119te o godzinie 18.00 i 19.00.<\/p>\n<p>5.R\u00f3wnie\u017c jutro, w poniedzia\u0142ek, o godzinie 17.00, w ko\u015bciele, odb\u0119dzie si\u0119 spotkanie dla rodzic\u00f3w dzieci klas III SP, kt\u00f3rzy pragn\u0105, aby ich dziecko przyst\u0105pi\u0142o do I Komunii \u015bwi\u0119tej w naszej parafii. Przypominamy, \u017ce I Komunia \u015bwi\u0119ta odb\u0119dzie si\u0119 w sobot\u0119 16 maja 2026 roku.<\/p>\n<p>6.We wtorek natomiast, o godzinie 17.00, r\u00f3wnie\u017c w ko\u015bciele, odb\u0119dzie si\u0119 spotkanie dla rodzic\u00f3w dzieci klas IV SP, kt\u00f3re w ubieg\u0142ym roku szkolnym prze\u017cywa\u0142y swoj\u0105 uroczysto\u015b\u0107 komunijn\u0105, a obecnie b\u0119d\u0105 si\u0119 przygotowywa\u0107 do rocznicy tej uroczysto\u015bci.<\/p>\n<p>7.R\u00f3wnie\u017c we wtorek, w godzinach 19-21, w budynku Centrum Wsparcia Fizycznego, nieodp\u0142atnie b\u0119dzie przyjmowa\u0142 prawnik.<\/p>\n<p>8.W czwartek, o godzinie 17.00, spotkanie dla rodzic\u00f3w m\u0142odzie\u017cy, uczni\u00f3w klas VIII SP, kt\u00f3rzy pragn\u0105 w naszej parafii przej\u015b\u0107 cykl przygotowania i przyj\u0105\u0107 sakrament bierzmowania.<\/p>\n<p>9.W pi\u0105tek, o godzinie 7.30, zostanie odprawiona Msza \u015bwi\u0119ta w intencji firm dzia\u0142aj\u0105cych na naszym legionowskim rynku. B\u0119dziemy modlili si\u0119 w intencji w\u0142a\u015bcicieli, pracownik\u00f3w, ich rodzin, oraz konrahent\u00f3w.<\/p>\n<p>10.W sobot\u0119. 13 wrze\u015bnia zapraszamy na kolejne nabo\u017ce\u0144stwo fatimskie. O godzinie 19.00 b\u0119dzie sprawowana Msza \u015bwi\u0119ta z okoliczno\u015bciowym kazaniem, a nast\u0119pnie wyruszy procesja z figur\u0105 Matki Bo\u017cej Fatimskiej. W czasie procesji modli\u0107 si\u0119 b\u0119dziemy na r\u00f3\u017ca\u0144cu, omadlaj\u0105c intencje, kt\u00f3re z\u0142o\u017cymy pod o\u0142tarzem przed Msz\u0105 \u015bwi\u0119t\u0105.<\/p>\n<p>11.R\u00f3wnie\u017c w sobot\u0119, na godzin\u0119 11.00 i 12.00, do salki pod zakrysti\u0105 zapraszamy m\u0142odzie\u017c przygotowuj\u0105c\u0105 si\u0119 do sakramentu bierzmowania na pierwszy z trzech egzamin\u00f3w przed przyst\u0105pieniem do tego sakramentu. Kolejno\u015b\u0107 przyst\u0119powania do egzaminu wed\u0142ug ustale\u0144 podanych na ostatnim spotkaniu.<\/p>\n<p>12.Tak\u017ce w sobot\u0119, w Warszawie, odb\u0119dzie si\u0119 manifestacja <em>Stop likwidacji polskiej edukacji!<\/em> Pocz\u0105tek o godzinie 12.00 na Placu Zamkowym ko\u0142o ko\u015bcio\u0142a \u015bw. Anny.<\/p>\n<p>13.W przysz\u0142\u0105 niedziel\u0119 obchodzi\u0107 b\u0119dziemy Uroczysto\u015b\u0107 Podwy\u017cszenia Krzy\u017ca \u015awi\u0119tego. W tym dniu go\u015bci\u0107 b\u0119dziemy Ojc\u00f3w Kombonian\u00f3w, kt\u00f3rzy wielokrotnie pomagaj\u0105 nam w parafii. Ojcowie wyg\u0142osz\u0105 S\u0142owo Bo\u017ce o misjach i przed ko\u015bcio\u0142em b\u0119d\u0105 rozprowadza\u0107 kalendarze misyjne na nowy rok. Zakupuj\u0105c kalendarz b\u0119dziemy w ten spos\u00f3b wspiera\u0107 ich dzia\u0142alno\u015b\u0107 misyjn\u0105.<\/p>\n<p>14.R\u00f3wnie\u017c w przysz\u0142\u0105 niedziel\u0119, na godzin\u0119 10.25, zapraszamy dzieci komunijne na pierwsze spotkanie-katechez\u0119 przed t\u0105 uroczysto\u015bci\u0105.<\/p>\n<p>15.W sobot\u0119, 27 wrze\u015bnia, organizujemy pielgrzymk\u0119 na Jasn\u0105 G\u00f3r\u0119 ze zwiedzaniem Sanktuarium Krwi Chrystusa w Cz\u0119stochowie. Wyjazd o godzinie 6.00, powr\u00f3t oko\u0142o 20.00. Zapisy w zakrystii. Kosz wyjazdu to 80 z\u0142.<\/p>\n<p>16.Pod ch\u00f3rem, z my\u015bl\u0105 o krajach misyjnych, a zw\u0142aszcza o Madagaskarze, do specjalnie ustawionego pude\u0142ka, zbierane s\u0105 wszelkiego rodzaju nieu\u017cywane przez nas okulary i te do czytania, chodzenia, czy przeciws\u0142oneczne. Pojemnik b\u0119dzie sta\u0142 przez ca\u0142y wrzesie\u0144. Mo\u017ce warto przejrze\u0107 swoje zasoby i to, co jest zb\u0119dne, nieu\u017cywane przekaza\u0107 tym, kt\u00f3rym te okulary si\u0119 jeszcze przydadz\u0105.<\/p>\n<p>17.Og\u0142osznie dla mieszka\u0144c\u00f3w Stanis\u0142awowa II. 11 wrze\u015bnia, w czwartek, o godzinie 19.00, w filii GOK-u, odb\u0119dzie si\u0119 zebranie wiejskie dotycz\u0105ce min. bud\u017cetu na 2026 rok. Zaprasza so\u0142tys wsi.<\/p>\n<p>18.Osoby, kt\u00f3re zapisa\u0142y si\u0119 na wyjazd do Teatru Kamienica na sztuk\u0119 <em>Niespodzianka<\/em>, proszone s\u0105 do wtorku w\u0142\u0105cznie, o uregulowanie odp\u0142atno\u015bci. W przeciwnym razie zostan\u0105 skre\u015bleni z listy. Wyjazd 14 wrze\u015bnia, w niedziel\u0119, o godzinie 17.00.<\/p>\n<p>19.Kalendarz liturgiczny na ten tydzie\u0144: \u00a0w poniedzia\u0142ek \u2013 \u015bwi\u0119to Narodzenia Naj\u015bwi\u0119tszej Maryi Panny; w sobot\u0119 \u2013 wspomnienie \u015bw. Jana Chryzostoma, biskupa i doktora Ko\u015bcio\u0142a.<\/p>\n<\/div>\n","protected":false},"excerpt":{"rendered":"<p>1.Dzisiaj, z racji I Niedzieli miesi\u0105ca, po Mszy \u015bwi\u0119tej o godzinie 12.30, procesja eucharystyczna i mo\u017cliwo\u015b\u0107 adoracji do godziny 18.45. 2.Tak\u017ce dzisiaj, o 15.30 w Muzeum Historycznym na Piaskach, odb\u0119dzie si\u0119 prelekcja dr. Artura Bojarskiego pt. Pa\u0142ac Saski w Warszawie. Warto odbudowa\u0107? Wst\u0119p wolny. 3.R\u00f3wnie\u017c dzisiaj, o godzinie 17.45, spotkanie dla os\u00f3b, kt\u00f3re za tydzie\u0144 [&hellip;]<\/p>\n","protected":false},"author":1,"featured_media":30657,"comment_status":"closed","ping_status":"closed","sticky":false,"template":"","format":"standard","meta":{"footnotes":""},"categories":[2,14],"tags":[],"class_list":["post-29900","post","type-post","status-publish","format-standard","has-post-thumbnail","hentry","category-aktualnosci","category-ogloszenia-parafialne"],"_links":{"self":[{"href":"https:\/\/mbfatimska.ovh\/index.php\/wp-json\/wp\/v2\/posts\/29900","targetHints":{"allow":["GET"]}}],"collection":[{"href":"https:\/\/mbfatimska.ovh\/index.php\/wp-json\/wp\/v2\/posts"}],"about":[{"href":"https:\/\/mbfatimska.ovh\/index.php\/wp-json\/wp\/v2\/types\/post"}],"author":[{"embeddable":true,"href":"https:\/\/mbfatimska.ovh\/index.php\/wp-json\/wp\/v2\/users\/1"}],"replies":[{"embeddable":true,"href":"https:\/\/mbfatimska.ovh\/index.php\/wp-json\/wp\/v2\/comments?post=29900"}],"version-history":[{"count":1,"href":"https:\/\/mbfatimska.ovh\/index.php\/wp-json\/wp\/v2\/posts\/29900\/revisions"}],"predecessor-version":[{"id":40152,"href":"https:\/\/mbfatimska.ovh\/index.php\/wp-json\/wp\/v2\/posts\/29900\/revisions\/40152"}],"wp:featuredmedia":[{"embeddable":true,"href":"https:\/\/mbfatimska.ovh\/index.php\/wp-json\/wp\/v2\/media\/30657"}],"wp:attachment":[{"href":"https:\/\/mbfatimska.ovh\/index.php\/wp-json\/wp\/v2\/media?parent=29900"}],"wp:term":[{"taxonomy":"category","embeddable":true,"href":"https:\/\/mbfatimska.ovh\/index.php\/wp-json\/wp\/v2\/categories?post=29900"},{"taxonomy":"post_tag","embeddable":true,"href":"https:\/\/mbfatimska.ovh\/index.php\/wp-json\/wp\/v2\/tags?post=29900"}],"curies":[{"name":"wp","href":"https:\/\/api.w.org\/{rel}","templated":true}]}}